{"id":474138,"date":"2023-03-23T21:41:57","date_gmt":"2023-03-24T03:41:57","guid":{"rendered":"https:\/\/www.zunoticia.com\/noticias-de-hidalgo\/?p=474138"},"modified":"2023-03-23T21:48:57","modified_gmt":"2023-03-24T03:48:57","slug":"julio-menchaca-llevara-a-hidalgo-a-los-niveles-mas-altos-de-desarrollo-ricardo-monreal","status":"publish","type":"post","link":"https:\/\/www.zunoticia.com\/noticias-de-hidalgo\/2023\/03\/23\/julio-menchaca-llevara-a-hidalgo-a-los-niveles-mas-altos-de-desarrollo-ricardo-monreal\/","title":{"rendered":"Julio Menchaca llevar\u00e1 a Hidalgo a los niveles m\u00e1s altos de desarrollo: Ricardo Monreal"},"content":{"rendered":"<aside class=\"mashsb-container mashsb-main mashsb-stretched\"><div class=\"mashsb-box\"><div class=\"mashsb-count mash-large\" style=\"float:left\"><div class=\"counts mashsbcount\">10<\/div><span class=\"mashsb-sharetext\">SHARES<\/span><\/div><div class=\"mashsb-buttons\"><a class=\"mashicon-facebook mash-large mash-center mashsb-noshadow\" href=\"https:\/\/www.facebook.com\/sharer.php?u=https%3A%2F%2Fwww.zunoticia.com%2Fnoticias-de-hidalgo%2F2023%2F03%2F23%2Fjulio-menchaca-llevara-a-hidalgo-a-los-niveles-mas-altos-de-desarrollo-ricardo-monreal%2F\" target=\"_top\" rel=\"nofollow\"><span class=\"icon\"><\/span><span class=\"text\">Share<\/span><\/a><a class=\"mashicon-twitter mash-large mash-center mashsb-noshadow\" href=\"https:\/\/twitter.com\/intent\/tweet?text=&amp;url=https:\/\/www.zunoticia.com\/noticias-de-hidalgo\/2023\/03\/23\/julio-menchaca-llevara-a-hidalgo-a-los-niveles-mas-altos-de-desarrollo-ricardo-monreal\/\" target=\"_top\" rel=\"nofollow\"><span class=\"icon\"><\/span><span class=\"text\">Tweet<\/span><\/a><div class=\"onoffswitch2 mash-large mashsb-noshadow\" style=\"display:none\"><\/div><\/div>\n            <\/div>\n                <div style=\"clear:both\"><\/div><div class=\"mashsb-toggle-container\"><\/div><\/aside>\n            <!-- Share buttons by mashshare.net - Version: 4.0.47-->\n<ul class=\"wp-block-list\">\n<li>\u00a1No te pierdas la pr\u00f3xima emisi\u00f3n de &#8220;La entrevista&#8221; por el Canal del Pueblo! En esta ocasi\u00f3n, el invitado es el senador Ricardo Monreal \u00c1vila<\/li>\n<\/ul>\n\n\n\n<p><em>Por Redacci\u00f3n\/Zunoticia<\/em><\/p>\n\n\n\n<p><strong>Pachuca, Hgo.-<\/strong> \u201cLa entrevista\u201d con Alan Austria Anaya, director general de Radio y Televisi\u00f3n de Hidalgo, ser\u00e1 transmitida este jueves a las 22:00 horas por la se\u00f1al del 12.1, el Canal del Pueblo y en las plataformas digitales como <a href=\"https:\/\/youtu.be\/Uewh-4th_ws\">Youtube<\/a>.<\/p>\n\n\n\n<p>Esta emisi\u00f3n est\u00e1 dedicada a la vida de Ricardo Monreal, su trabajo legislativo y parlamentario y su opini\u00f3n del gobierno de Julio Menchaca Salazar, a quien define como: \u201cUn hombre pausado, prudente y honrado que est\u00e1 llevando al estado a tener los mejores resultados en 90 a\u00f1os&#8221;.<\/p>\n\n\n\n<p>\u201cVa a terminar con lacras y con problemas del pasado. Yo le tengo confianza a Julio Menchaca, lo conozco, fue senador y creo que es un pol\u00edtico intachable, honesto, honrado; es decir, un pol\u00edtico que va a llevar a cabo transformaciones profundas en Hidalgo. Est\u00e1 empezando y ha caminado de manera muy r\u00e1pida\u201d, se\u00f1al\u00f3 Monreal.<\/p>\n\n\n\n<p>Tambi\u00e9n habl\u00f3 sobre sus aspiraciones presidenciales y la silbatina recibida de parte de algunos asistentes en el auditorio del teatro Gota de Plata en diciembre de 2022. \u201cEstoy preparado, s\u00f3lo que a veces no tengo el acompa\u00f1amiento del partido \u2026 incluso Hidalgo fue testigo de una asamblea r\u00edspida contra m\u00ed por esta situaci\u00f3n, ahora que el partido ya me ha reconocido, esto ya ha cambiado. Yo perdono todo, si perdon\u00e9 a los que iban a matarme, cuanto y m\u00e1s a la gente que me chifla o me grita\u201d, dijo el senador refiri\u00e9ndose al intento de homicidio en su contra en 2013.<\/p>\n\n\n\n<figure class=\"wp-block-image size-full\"><img fetchpriority=\"high\" decoding=\"async\" width=\"1024\" height=\"768\" src=\"https:\/\/www.zunoticia.com\/noticias-de-hidalgo\/wp-content\/uploads\/2023\/03\/eZy-Watermark-23-03-2023-09-39-35p.m..jpg\" alt=\"\" class=\"wp-image-474139\" srcset=\"https:\/\/www.zunoticia.com\/noticias-de-hidalgo\/wp-content\/uploads\/2023\/03\/eZy-Watermark-23-03-2023-09-39-35p.m..jpg 1024w, https:\/\/www.zunoticia.com\/noticias-de-hidalgo\/wp-content\/uploads\/2023\/03\/eZy-Watermark-23-03-2023-09-39-35p.m.-300x225.jpg 300w, https:\/\/www.zunoticia.com\/noticias-de-hidalgo\/wp-content\/uploads\/2023\/03\/eZy-Watermark-23-03-2023-09-39-35p.m.-768x576.jpg 768w\" sizes=\"(max-width: 1024px) 100vw, 1024px\" \/><\/figure>\n\n\n\n<p>Finalmente, Monreal \u00c1vila no quiso dejar pasar la oportunidad de hablar sobre su amor por la gastronom\u00eda hidalguense y su conocimiento de todo el estado, desde las regiones hist\u00f3ricas y prehisp\u00e1nicas hasta sus lugares m\u00e1s lejanos: &#8220;Me encanta Hidalgo. Desde hace mucho tiempo yo iba seguido a los restaurantes de Pachuca y Pachuquilla. Los fines de semana me iba con mi familia, me iba los viernes y me regresaba el domingo. He estado much\u00edsimas veces y me encanta su gente, el trato de los mismos, soy amante de su gastronom\u00eda; de los pastes, de la barbacoa que es incre\u00edble, el jabal\u00ed\u201d.<\/p>\n\n\n\n<p>\u2018La Entrevista\u2019 ha recibido a destacadas figuras de la pol\u00edtica, la cultura, los deportes y la gastronom\u00eda a nivel internacional, nacional y estatal.<\/p>\n\n\n\n<p>No te pierdas esta interesante conversaci\u00f3n con uno de los pol\u00edticos m\u00e1s influyentes del pa\u00eds. Sintoniza la retransmisi\u00f3n este s\u00e1bado a las 21 horas por el canal 12.1 y por Youtube: <a href=\"https:\/\/youtu.be\/Uewh-4th_ws\">https:\/\/youtu.be\/Uewh-4th_ws<\/a><\/p>\n","protected":false},"excerpt":{"rendered":"<p>Por Redacci\u00f3n\/Zunoticia Pachuca, Hgo.- \u201cLa entrevista\u201d con Alan Austria Anaya, director general de Radio y Televisi\u00f3n de Hidalgo, ser\u00e1 transmitida este jueves a las 22:00 horas por la se\u00f1al del 12.1, el Canal del Pueblo y en las plataformas digitales como Youtube. Esta emisi\u00f3n est\u00e1 dedicada a la vida de Ricardo Monreal, su trabajo legislativo&hellip; <a class=\"more-link\" href=\"https:\/\/www.zunoticia.com\/noticias-de-hidalgo\/2023\/03\/23\/julio-menchaca-llevara-a-hidalgo-a-los-niveles-mas-altos-de-desarrollo-ricardo-monreal\/\">Seguir leyendo <span class=\"screen-reader-text\">Julio Menchaca llevar\u00e1 a Hidalgo a los niveles m\u00e1s altos de desarrollo: Ricardo Monreal<\/span><\/a><\/p>\n","protected":false},"author":12,"featured_media":474140,"comment_status":"closed","ping_status":"open","sticky":false,"template":"","format":"standard","meta":{"rop_custom_images_group":[],"rop_custom_messages_group":[],"rop_publish_now":"initial","rop_publish_now_accounts":{"facebook_10159540855086992_322828327761733":""},"rop_publish_now_history":[],"rop_publish_now_status":"pending","footnotes":""},"categories":[208],"tags":[214],"class_list":["post-474138","post","type-post","status-publish","format-standard","has-post-thumbnail","hentry","category-estado","tag-estado","entry"],"_links":{"self":[{"href":"https:\/\/www.zunoticia.com\/noticias-de-hidalgo\/wp-json\/wp\/v2\/posts\/474138","targetHints":{"allow":["GET"]}}],"collection":[{"href":"https:\/\/www.zunoticia.com\/noticias-de-hidalgo\/wp-json\/wp\/v2\/posts"}],"about":[{"href":"https:\/\/www.zunoticia.com\/noticias-de-hidalgo\/wp-json\/wp\/v2\/types\/post"}],"author":[{"embeddable":true,"href":"https:\/\/www.zunoticia.com\/noticias-de-hidalgo\/wp-json\/wp\/v2\/users\/12"}],"replies":[{"embeddable":true,"href":"https:\/\/www.zunoticia.com\/noticias-de-hidalgo\/wp-json\/wp\/v2\/comments?post=474138"}],"version-history":[{"count":2,"href":"https:\/\/www.zunoticia.com\/noticias-de-hidalgo\/wp-json\/wp\/v2\/posts\/474138\/revisions"}],"predecessor-version":[{"id":474143,"href":"https:\/\/www.zunoticia.com\/noticias-de-hidalgo\/wp-json\/wp\/v2\/posts\/474138\/revisions\/474143"}],"wp:featuredmedia":[{"embeddable":true,"href":"https:\/\/www.zunoticia.com\/noticias-de-hidalgo\/wp-json\/wp\/v2\/media\/474140"}],"wp:attachment":[{"href":"https:\/\/www.zunoticia.com\/noticias-de-hidalgo\/wp-json\/wp\/v2\/media?parent=474138"}],"wp:term":[{"taxonomy":"category","embeddable":true,"href":"https:\/\/www.zunoticia.com\/noticias-de-hidalgo\/wp-json\/wp\/v2\/categories?post=474138"},{"taxonomy":"post_tag","embeddable":true,"href":"https:\/\/www.zunoticia.com\/noticias-de-hidalgo\/wp-json\/wp\/v2\/tags?post=474138"}],"curies":[{"name":"wp","href":"https:\/\/api.w.org\/{rel}","templated":true}]}}