{"id":474144,"date":"2023-03-23T22:09:32","date_gmt":"2023-03-24T04:09:32","guid":{"rendered":"https:\/\/www.zunoticia.com\/noticias-de-hidalgo\/?p=474144"},"modified":"2023-03-23T22:09:33","modified_gmt":"2023-03-24T04:09:33","slug":"alumnos-de-la-primaria-lauro-aguirre-participaran-en-competencia-estatal-de-voleibol","status":"publish","type":"post","link":"https:\/\/www.zunoticia.com\/noticias-de-hidalgo\/2023\/03\/23\/alumnos-de-la-primaria-lauro-aguirre-participaran-en-competencia-estatal-de-voleibol\/","title":{"rendered":"Alumnos de la Primaria Lauro Aguirre participar\u00e1n en competencia estatal de voleibol"},"content":{"rendered":"<aside class=\"mashsb-container mashsb-main mashsb-stretched\"><div class=\"mashsb-box\"><div class=\"mashsb-count mash-large\" style=\"float:left\"><div class=\"counts mashsbcount\">52<\/div><span class=\"mashsb-sharetext\">SHARES<\/span><\/div><div class=\"mashsb-buttons\"><a class=\"mashicon-facebook mash-large mash-center mashsb-noshadow\" href=\"https:\/\/www.facebook.com\/sharer.php?u=https%3A%2F%2Fwww.zunoticia.com%2Fnoticias-de-hidalgo%2F2023%2F03%2F23%2Falumnos-de-la-primaria-lauro-aguirre-participaran-en-competencia-estatal-de-voleibol%2F\" target=\"_top\" rel=\"nofollow\"><span class=\"icon\"><\/span><span class=\"text\">Share<\/span><\/a><a class=\"mashicon-twitter mash-large mash-center mashsb-noshadow\" href=\"https:\/\/twitter.com\/intent\/tweet?text=&amp;url=https:\/\/www.zunoticia.com\/noticias-de-hidalgo\/2023\/03\/23\/alumnos-de-la-primaria-lauro-aguirre-participaran-en-competencia-estatal-de-voleibol\/\" target=\"_top\" rel=\"nofollow\"><span class=\"icon\"><\/span><span class=\"text\">Tweet<\/span><\/a><div class=\"onoffswitch2 mash-large mashsb-noshadow\" style=\"display:none\"><\/div><\/div>\n            <\/div>\n                <div style=\"clear:both\"><\/div><div class=\"mashsb-toggle-container\"><\/div><\/aside>\n            <!-- Share buttons by mashshare.net - Version: 4.0.47-->\n<p><em>Por Roberto Meza\/Zunoticia<\/em><\/p>\n\n\n\n<p><strong>Huejutla, Hgo.-<\/strong> Alumnos de la primaria Lauro Aguirre, de esta ciudad, esta ma\u00f1ana partieron al municipio de Actopan Hidalgo, para participar en la competencia estatal de voleibol, los estudiantes fueron acompa\u00f1ados por su entrenador y el director de esa casa de estudios.<\/p>\n\n\n\n<p>Fue las 11:00 de la ma\u00f1ana de este d\u00eda, jueves 23 de marzo, que los padres de familia y maestros encaminaron a los 13 deportistas de esa escuela y partieron hacia ese municipio y ma\u00f1ana participar\u00e1n en esta justa deportiva, el equipo de la Lauro Aguirre competir\u00e1 con sus similares de esa regi\u00f3n.<\/p>\n\n\n\n<figure class=\"wp-block-image size-large\"><img fetchpriority=\"high\" decoding=\"async\" width=\"1024\" height=\"657\" src=\"https:\/\/www.zunoticia.com\/noticias-de-hidalgo\/wp-content\/uploads\/2023\/03\/eZy-Watermark-23-03-2023-08-19-26p.m.-1024x657.jpg\" alt=\"\" class=\"wp-image-474109\" srcset=\"https:\/\/www.zunoticia.com\/noticias-de-hidalgo\/wp-content\/uploads\/2023\/03\/eZy-Watermark-23-03-2023-08-19-26p.m.-1024x657.jpg 1024w, https:\/\/www.zunoticia.com\/noticias-de-hidalgo\/wp-content\/uploads\/2023\/03\/eZy-Watermark-23-03-2023-08-19-26p.m.-300x192.jpg 300w, https:\/\/www.zunoticia.com\/noticias-de-hidalgo\/wp-content\/uploads\/2023\/03\/eZy-Watermark-23-03-2023-08-19-26p.m.-768x493.jpg 768w, https:\/\/www.zunoticia.com\/noticias-de-hidalgo\/wp-content\/uploads\/2023\/03\/eZy-Watermark-23-03-2023-08-19-26p.m..jpg 1280w\" sizes=\"(max-width: 1024px) 100vw, 1024px\" \/><\/figure>\n\n\n\n<p>Los deportistas fueron acompa\u00f1ados por el director, profesor\u00a0 Francisco Alonso Hern\u00e1ndez, y el entrenador Fredy Hern\u00e1ndez Hern\u00e1ndez, y esperan tener buenos resultados para pasar a la siguiente fase.<\/p>\n","protected":false},"excerpt":{"rendered":"<p>Por Roberto Meza\/Zunoticia Huejutla, Hgo.- Alumnos de la primaria Lauro Aguirre, de esta ciudad, esta ma\u00f1ana partieron al municipio de Actopan Hidalgo, para participar en la competencia estatal de voleibol, los estudiantes fueron acompa\u00f1ados por su entrenador y el director de esa casa de estudios. Fue las 11:00 de la ma\u00f1ana de este d\u00eda, jueves&hellip; <a class=\"more-link\" href=\"https:\/\/www.zunoticia.com\/noticias-de-hidalgo\/2023\/03\/23\/alumnos-de-la-primaria-lauro-aguirre-participaran-en-competencia-estatal-de-voleibol\/\">Seguir leyendo <span class=\"screen-reader-text\">Alumnos de la Primaria Lauro Aguirre participar\u00e1n en competencia estatal de voleibol<\/span><\/a><\/p>\n","protected":false},"author":12,"featured_media":474110,"comment_status":"closed","ping_status":"open","sticky":false,"template":"","format":"standard","meta":{"rop_custom_images_group":[],"rop_custom_messages_group":[],"rop_publish_now":"initial","rop_publish_now_accounts":{"facebook_10159540855086992_322828327761733":""},"rop_publish_now_history":[],"rop_publish_now_status":"pending","footnotes":""},"categories":[181],"tags":[121],"class_list":["post-474144","post","type-post","status-publish","format-standard","has-post-thumbnail","hentry","category-huejutla","tag-huejutla","entry"],"_links":{"self":[{"href":"https:\/\/www.zunoticia.com\/noticias-de-hidalgo\/wp-json\/wp\/v2\/posts\/474144","targetHints":{"allow":["GET"]}}],"collection":[{"href":"https:\/\/www.zunoticia.com\/noticias-de-hidalgo\/wp-json\/wp\/v2\/posts"}],"about":[{"href":"https:\/\/www.zunoticia.com\/noticias-de-hidalgo\/wp-json\/wp\/v2\/types\/post"}],"author":[{"embeddable":true,"href":"https:\/\/www.zunoticia.com\/noticias-de-hidalgo\/wp-json\/wp\/v2\/users\/12"}],"replies":[{"embeddable":true,"href":"https:\/\/www.zunoticia.com\/noticias-de-hidalgo\/wp-json\/wp\/v2\/comments?post=474144"}],"version-history":[{"count":1,"href":"https:\/\/www.zunoticia.com\/noticias-de-hidalgo\/wp-json\/wp\/v2\/posts\/474144\/revisions"}],"predecessor-version":[{"id":474145,"href":"https:\/\/www.zunoticia.com\/noticias-de-hidalgo\/wp-json\/wp\/v2\/posts\/474144\/revisions\/474145"}],"wp:featuredmedia":[{"embeddable":true,"href":"https:\/\/www.zunoticia.com\/noticias-de-hidalgo\/wp-json\/wp\/v2\/media\/474110"}],"wp:attachment":[{"href":"https:\/\/www.zunoticia.com\/noticias-de-hidalgo\/wp-json\/wp\/v2\/media?parent=474144"}],"wp:term":[{"taxonomy":"category","embeddable":true,"href":"https:\/\/www.zunoticia.com\/noticias-de-hidalgo\/wp-json\/wp\/v2\/categories?post=474144"},{"taxonomy":"post_tag","embeddable":true,"href":"https:\/\/www.zunoticia.com\/noticias-de-hidalgo\/wp-json\/wp\/v2\/tags?post=474144"}],"curies":[{"name":"wp","href":"https:\/\/api.w.org\/{rel}","templated":true}]}}