{"id":474217,"date":"2023-03-24T17:59:49","date_gmt":"2023-03-24T23:59:49","guid":{"rendered":"https:\/\/www.zunoticia.com\/noticias-de-hidalgo\/?p=474217"},"modified":"2023-03-24T17:59:50","modified_gmt":"2023-03-24T23:59:50","slug":"conmemoraron-dia-mundial-de-la-lucha-contra-tuberculosis","status":"publish","type":"post","link":"https:\/\/www.zunoticia.com\/noticias-de-hidalgo\/2023\/03\/24\/conmemoraron-dia-mundial-de-la-lucha-contra-tuberculosis\/","title":{"rendered":"Conmemoraron D\u00eda mundial de la lucha contra Tuberculosis"},"content":{"rendered":"<aside class=\"mashsb-container mashsb-main mashsb-stretched\"><div class=\"mashsb-box\"><div class=\"mashsb-count mash-large\" style=\"float:left\"><div class=\"counts mashsbcount\">6<\/div><span class=\"mashsb-sharetext\">SHARES<\/span><\/div><div class=\"mashsb-buttons\"><a class=\"mashicon-facebook mash-large mash-center mashsb-noshadow\" href=\"https:\/\/www.facebook.com\/sharer.php?u=https%3A%2F%2Fwww.zunoticia.com%2Fnoticias-de-hidalgo%2F2023%2F03%2F24%2Fconmemoraron-dia-mundial-de-la-lucha-contra-tuberculosis%2F\" target=\"_top\" rel=\"nofollow\"><span class=\"icon\"><\/span><span class=\"text\">Share<\/span><\/a><a class=\"mashicon-twitter mash-large mash-center mashsb-noshadow\" href=\"https:\/\/twitter.com\/intent\/tweet?text=&amp;url=https:\/\/www.zunoticia.com\/noticias-de-hidalgo\/2023\/03\/24\/conmemoraron-dia-mundial-de-la-lucha-contra-tuberculosis\/\" target=\"_top\" rel=\"nofollow\"><span class=\"icon\"><\/span><span class=\"text\">Tweet<\/span><\/a><div class=\"onoffswitch2 mash-large mashsb-noshadow\" style=\"display:none\"><\/div><\/div>\n            <\/div>\n                <div style=\"clear:both\"><\/div><div class=\"mashsb-toggle-container\"><\/div><\/aside>\n            <!-- Share buttons by mashshare.net - Version: 4.0.47-->\n<p><\/p>\n\n\n\n<p><em>Por Roberto Meza\/Zunoticia<\/em><\/p>\n\n\n\n<p><strong>Huazalingo, Hgo<\/strong>.-&nbsp; El director del Centro Salud Nicol\u00e1s Lara Amador, resalt\u00f3 que este viernes conmemoraron el D\u00eda mundial de la lucha contra la Tuberculosis, a trav\u00e9s de una serie de actividades que se llevaron a cabo en el auditorio de la cabecera municipal, hasta donde se dieron cita maestros y alumnos del nivel primaria y secundaria.<\/p>\n\n\n\n<p>Al respecto Lara Amador dijo &#8220;con entusiasmo se conmemor\u00f3 el D\u00eda mundial de la lucha contra la Tuberculosis, enfermedad que prevalece desde hace m\u00e1s de 141 a\u00f1os y latente en Huazalingo, por lo que es importante la promoci\u00f3n y la educaci\u00f3n para la salud, donde un gran equipo de la Estrategia de Apoyo al Programa de Prevenci\u00f3n y Control de la Tuberculosis, distribuido por todo el municipio realiza el monitoreo constante de muestras en b\u00fasqueda de casos\u201d.<\/p>\n\n\n\n<p>Agreg\u00f3 \u201ces necesario que toda la poblaci\u00f3n que tiene tos de m\u00e1s 2 semanas se acerque a los equipos de salud para su atenci\u00f3n de manera gratuita\u201d.<\/p>\n\n\n\n<p>En el evento que se realiz\u00f3 en el auditorio, se cont\u00f3 con la participaci\u00f3n de sector educativo de la cabecera municipal y el personal directivo de la escuela primaria y secundaria, explicando los temas para la prevenci\u00f3n de esta enfermedad.<\/p>\n\n\n\n<figure class=\"wp-block-gallery has-nested-images columns-default is-cropped wp-block-gallery-1 is-layout-flex wp-block-gallery-is-layout-flex\">\n<figure class=\"wp-block-image size-large\"><img fetchpriority=\"high\" decoding=\"async\" width=\"940\" height=\"788\" data-id=\"474221\" src=\"https:\/\/www.zunoticia.com\/noticias-de-hidalgo\/wp-content\/uploads\/2023\/03\/1-89.png\" alt=\"\" class=\"wp-image-474221\" srcset=\"https:\/\/www.zunoticia.com\/noticias-de-hidalgo\/wp-content\/uploads\/2023\/03\/1-89.png 940w, https:\/\/www.zunoticia.com\/noticias-de-hidalgo\/wp-content\/uploads\/2023\/03\/1-89-300x251.png 300w, https:\/\/www.zunoticia.com\/noticias-de-hidalgo\/wp-content\/uploads\/2023\/03\/1-89-768x644.png 768w\" sizes=\"(max-width: 940px) 100vw, 940px\" \/><\/figure>\n\n\n\n<figure class=\"wp-block-image size-large\"><img decoding=\"async\" width=\"940\" height=\"788\" data-id=\"474219\" src=\"https:\/\/www.zunoticia.com\/noticias-de-hidalgo\/wp-content\/uploads\/2023\/03\/2-95.png\" alt=\"\" class=\"wp-image-474219\" srcset=\"https:\/\/www.zunoticia.com\/noticias-de-hidalgo\/wp-content\/uploads\/2023\/03\/2-95.png 940w, https:\/\/www.zunoticia.com\/noticias-de-hidalgo\/wp-content\/uploads\/2023\/03\/2-95-300x251.png 300w, https:\/\/www.zunoticia.com\/noticias-de-hidalgo\/wp-content\/uploads\/2023\/03\/2-95-768x644.png 768w\" sizes=\"(max-width: 940px) 100vw, 940px\" \/><\/figure>\n\n\n\n<figure class=\"wp-block-image size-large\"><img decoding=\"async\" width=\"940\" height=\"788\" data-id=\"474220\" src=\"https:\/\/www.zunoticia.com\/noticias-de-hidalgo\/wp-content\/uploads\/2023\/03\/3-42.png\" alt=\"\" class=\"wp-image-474220\" srcset=\"https:\/\/www.zunoticia.com\/noticias-de-hidalgo\/wp-content\/uploads\/2023\/03\/3-42.png 940w, https:\/\/www.zunoticia.com\/noticias-de-hidalgo\/wp-content\/uploads\/2023\/03\/3-42-300x251.png 300w, https:\/\/www.zunoticia.com\/noticias-de-hidalgo\/wp-content\/uploads\/2023\/03\/3-42-768x644.png 768w\" sizes=\"(max-width: 940px) 100vw, 940px\" \/><\/figure>\n<\/figure>\n\n\n\n<p><\/p>\n","protected":false},"excerpt":{"rendered":"<p>Por Roberto Meza\/Zunoticia Huazalingo, Hgo.-&nbsp; El director del Centro Salud Nicol\u00e1s Lara Amador, resalt\u00f3 que este viernes conmemoraron el D\u00eda mundial de la lucha contra la Tuberculosis, a trav\u00e9s de una serie de actividades que se llevaron a cabo en el auditorio de la cabecera municipal, hasta donde se dieron cita maestros y alumnos del&hellip; <a class=\"more-link\" href=\"https:\/\/www.zunoticia.com\/noticias-de-hidalgo\/2023\/03\/24\/conmemoraron-dia-mundial-de-la-lucha-contra-tuberculosis\/\">Seguir leyendo <span class=\"screen-reader-text\">Conmemoraron D\u00eda mundial de la lucha contra Tuberculosis<\/span><\/a><\/p>\n","protected":false},"author":20,"featured_media":474218,"comment_status":"closed","ping_status":"open","sticky":false,"template":"","format":"standard","meta":{"rop_custom_images_group":[],"rop_custom_messages_group":[],"rop_publish_now":"initial","rop_publish_now_accounts":{"facebook_10159540855086992_322828327761733":""},"rop_publish_now_history":[],"rop_publish_now_status":"pending","footnotes":""},"categories":[212],"tags":[138],"class_list":["post-474217","post","type-post","status-publish","format-standard","has-post-thumbnail","hentry","category-huazalingo","tag-huazalingo","entry"],"_links":{"self":[{"href":"https:\/\/www.zunoticia.com\/noticias-de-hidalgo\/wp-json\/wp\/v2\/posts\/474217","targetHints":{"allow":["GET"]}}],"collection":[{"href":"https:\/\/www.zunoticia.com\/noticias-de-hidalgo\/wp-json\/wp\/v2\/posts"}],"about":[{"href":"https:\/\/www.zunoticia.com\/noticias-de-hidalgo\/wp-json\/wp\/v2\/types\/post"}],"author":[{"embeddable":true,"href":"https:\/\/www.zunoticia.com\/noticias-de-hidalgo\/wp-json\/wp\/v2\/users\/20"}],"replies":[{"embeddable":true,"href":"https:\/\/www.zunoticia.com\/noticias-de-hidalgo\/wp-json\/wp\/v2\/comments?post=474217"}],"version-history":[{"count":1,"href":"https:\/\/www.zunoticia.com\/noticias-de-hidalgo\/wp-json\/wp\/v2\/posts\/474217\/revisions"}],"predecessor-version":[{"id":474222,"href":"https:\/\/www.zunoticia.com\/noticias-de-hidalgo\/wp-json\/wp\/v2\/posts\/474217\/revisions\/474222"}],"wp:featuredmedia":[{"embeddable":true,"href":"https:\/\/www.zunoticia.com\/noticias-de-hidalgo\/wp-json\/wp\/v2\/media\/474218"}],"wp:attachment":[{"href":"https:\/\/www.zunoticia.com\/noticias-de-hidalgo\/wp-json\/wp\/v2\/media?parent=474217"}],"wp:term":[{"taxonomy":"category","embeddable":true,"href":"https:\/\/www.zunoticia.com\/noticias-de-hidalgo\/wp-json\/wp\/v2\/categories?post=474217"},{"taxonomy":"post_tag","embeddable":true,"href":"https:\/\/www.zunoticia.com\/noticias-de-hidalgo\/wp-json\/wp\/v2\/tags?post=474217"}],"curies":[{"name":"wp","href":"https:\/\/api.w.org\/{rel}","templated":true}]}}