{"id":474676,"date":"2023-03-27T16:15:48","date_gmt":"2023-03-27T22:15:48","guid":{"rendered":"https:\/\/www.zunoticia.com\/noticias-de-hidalgo\/?p=474676"},"modified":"2023-03-27T16:50:47","modified_gmt":"2023-03-27T22:50:47","slug":"por-faltas-administrativas-parroquianosfueron-remitidos-a-las-celdas-preventivas","status":"publish","type":"post","link":"https:\/\/www.zunoticia.com\/noticias-de-hidalgo\/2023\/03\/27\/por-faltas-administrativas-parroquianosfueron-remitidos-a-las-celdas-preventivas\/","title":{"rendered":"Por faltas administrativas, parroquianos fueron remitidos a las celdas preventivas"},"content":{"rendered":"<aside class=\"mashsb-container mashsb-main mashsb-stretched\"><div class=\"mashsb-box\"><div class=\"mashsb-count mash-large\" style=\"float:left\"><div class=\"counts mashsbcount\">13<\/div><span class=\"mashsb-sharetext\">SHARES<\/span><\/div><div class=\"mashsb-buttons\"><a class=\"mashicon-facebook mash-large mash-center mashsb-noshadow\" href=\"https:\/\/www.facebook.com\/sharer.php?u=https%3A%2F%2Fwww.zunoticia.com%2Fnoticias-de-hidalgo%2F2023%2F03%2F27%2Fpor-faltas-administrativas-parroquianosfueron-remitidos-a-las-celdas-preventivas%2F\" target=\"_top\" rel=\"nofollow\"><span class=\"icon\"><\/span><span class=\"text\">Share<\/span><\/a><a class=\"mashicon-twitter mash-large mash-center mashsb-noshadow\" href=\"https:\/\/twitter.com\/intent\/tweet?text=&amp;url=https:\/\/www.zunoticia.com\/noticias-de-hidalgo\/2023\/03\/27\/por-faltas-administrativas-parroquianosfueron-remitidos-a-las-celdas-preventivas\/\" target=\"_top\" rel=\"nofollow\"><span class=\"icon\"><\/span><span class=\"text\">Tweet<\/span><\/a><div class=\"onoffswitch2 mash-large mashsb-noshadow\" style=\"display:none\"><\/div><\/div>\n            <\/div>\n                <div style=\"clear:both\"><\/div><div class=\"mashsb-toggle-container\"><\/div><\/aside>\n            <!-- Share buttons by mashshare.net - Version: 4.0.47-->\n<p><em>Por Karen Rivera\/Zunoticia<\/em><\/p>\n\n\n\n<p><strong>Atlapexco, Hgo<\/strong>.- Cinco hombres fueron remitidos a las celdas preventivas por faltas administrativas.<\/p>\n\n\n\n<p>Los hechos ocurrieron en distintos puntos del municipio, cuando al parecer bajo los influjos del alcohol, los parroquianos alteraron el orden y fueron detenidos.<\/p>\n\n\n\n<p>Las detenciones se llevaron a cabo este fin de semana, en comunidades aleda\u00f1as.<\/p>\n\n\n\n<p>Tras haber cometido los hechos il\u00edcitos, los delegados llamaron a los elementos de la Direcci\u00f3n de Seguridad P\u00fablica y Tr\u00e1nsito Municipal, para que fueran puestos a disposici\u00f3n del Juez.<\/p>\n\n\n\n<p>Otros sujetos m\u00e1s fueron detenidos en la zona centro de la cabecera municipal, por alterar el orden y faltas administrativas.<\/p>\n","protected":false},"excerpt":{"rendered":"<p>Por Karen Rivera\/Zunoticia Atlapexco, Hgo.- Cinco hombres fueron remitidos a las celdas preventivas por faltas administrativas. Los hechos ocurrieron en distintos puntos del municipio, cuando al parecer bajo los influjos del alcohol, los parroquianos alteraron el orden y fueron detenidos. Las detenciones se llevaron a cabo este fin de semana, en comunidades aleda\u00f1as. Tras haber&hellip; <a class=\"more-link\" href=\"https:\/\/www.zunoticia.com\/noticias-de-hidalgo\/2023\/03\/27\/por-faltas-administrativas-parroquianosfueron-remitidos-a-las-celdas-preventivas\/\">Seguir leyendo <span class=\"screen-reader-text\">Por faltas administrativas, parroquianos fueron remitidos a las celdas preventivas<\/span><\/a><\/p>\n","protected":false},"author":20,"featured_media":474678,"comment_status":"closed","ping_status":"open","sticky":false,"template":"","format":"standard","meta":{"rop_custom_images_group":[],"rop_custom_messages_group":[],"rop_publish_now":"initial","rop_publish_now_accounts":{"facebook_10159540855086992_322828327761733":""},"rop_publish_now_history":[],"rop_publish_now_status":"pending","footnotes":""},"categories":[182,1],"tags":[133],"class_list":["post-474676","post","type-post","status-publish","format-standard","has-post-thumbnail","hentry","category-atlapexco","category-sin-categoria","tag-atlapexco","entry"],"_links":{"self":[{"href":"https:\/\/www.zunoticia.com\/noticias-de-hidalgo\/wp-json\/wp\/v2\/posts\/474676","targetHints":{"allow":["GET"]}}],"collection":[{"href":"https:\/\/www.zunoticia.com\/noticias-de-hidalgo\/wp-json\/wp\/v2\/posts"}],"about":[{"href":"https:\/\/www.zunoticia.com\/noticias-de-hidalgo\/wp-json\/wp\/v2\/types\/post"}],"author":[{"embeddable":true,"href":"https:\/\/www.zunoticia.com\/noticias-de-hidalgo\/wp-json\/wp\/v2\/users\/20"}],"replies":[{"embeddable":true,"href":"https:\/\/www.zunoticia.com\/noticias-de-hidalgo\/wp-json\/wp\/v2\/comments?post=474676"}],"version-history":[{"count":4,"href":"https:\/\/www.zunoticia.com\/noticias-de-hidalgo\/wp-json\/wp\/v2\/posts\/474676\/revisions"}],"predecessor-version":[{"id":474684,"href":"https:\/\/www.zunoticia.com\/noticias-de-hidalgo\/wp-json\/wp\/v2\/posts\/474676\/revisions\/474684"}],"wp:featuredmedia":[{"embeddable":true,"href":"https:\/\/www.zunoticia.com\/noticias-de-hidalgo\/wp-json\/wp\/v2\/media\/474678"}],"wp:attachment":[{"href":"https:\/\/www.zunoticia.com\/noticias-de-hidalgo\/wp-json\/wp\/v2\/media?parent=474676"}],"wp:term":[{"taxonomy":"category","embeddable":true,"href":"https:\/\/www.zunoticia.com\/noticias-de-hidalgo\/wp-json\/wp\/v2\/categories?post=474676"},{"taxonomy":"post_tag","embeddable":true,"href":"https:\/\/www.zunoticia.com\/noticias-de-hidalgo\/wp-json\/wp\/v2\/tags?post=474676"}],"curies":[{"name":"wp","href":"https:\/\/api.w.org\/{rel}","templated":true}]}}