{"id":474681,"date":"2023-03-27T16:42:30","date_gmt":"2023-03-27T22:42:30","guid":{"rendered":"https:\/\/www.zunoticia.com\/noticias-de-hidalgo\/?p=474681"},"modified":"2023-03-27T16:42:32","modified_gmt":"2023-03-27T22:42:32","slug":"35-comunidades-se-enlistaron-en-programas-del-bienestar-para-el-desarrollo","status":"publish","type":"post","link":"https:\/\/www.zunoticia.com\/noticias-de-hidalgo\/2023\/03\/27\/35-comunidades-se-enlistaron-en-programas-del-bienestar-para-el-desarrollo\/","title":{"rendered":"35 comunidades se enlistaron en Programas del Bienestar para el Desarrollo"},"content":{"rendered":"<aside class=\"mashsb-container mashsb-main mashsb-stretched\"><div class=\"mashsb-box\"><div class=\"mashsb-count mash-large\" style=\"float:left\"><div class=\"counts mashsbcount\">10<\/div><span class=\"mashsb-sharetext\">SHARES<\/span><\/div><div class=\"mashsb-buttons\"><a class=\"mashicon-facebook mash-large mash-center mashsb-noshadow\" href=\"https:\/\/www.facebook.com\/sharer.php?u=https%3A%2F%2Fwww.zunoticia.com%2Fnoticias-de-hidalgo%2F2023%2F03%2F27%2F35-comunidades-se-enlistaron-en-programas-del-bienestar-para-el-desarrollo%2F\" target=\"_top\" rel=\"nofollow\"><span class=\"icon\"><\/span><span class=\"text\">Share<\/span><\/a><a class=\"mashicon-twitter mash-large mash-center mashsb-noshadow\" href=\"https:\/\/twitter.com\/intent\/tweet?text=&amp;url=https:\/\/www.zunoticia.com\/noticias-de-hidalgo\/2023\/03\/27\/35-comunidades-se-enlistaron-en-programas-del-bienestar-para-el-desarrollo\/\" target=\"_top\" rel=\"nofollow\"><span class=\"icon\"><\/span><span class=\"text\">Tweet<\/span><\/a><div class=\"onoffswitch2 mash-large mashsb-noshadow\" style=\"display:none\"><\/div><\/div>\n            <\/div>\n                <div style=\"clear:both\"><\/div><div class=\"mashsb-toggle-container\"><\/div><\/aside>\n            <!-- Share buttons by mashshare.net - Version: 4.0.47-->\n<p><\/p>\n\n\n\n<p><em>Por \u00c1ngel Silverio\/ Zunoticia<\/em><\/p>\n\n\n\n<p><strong>San Felipe Orizatl\u00e1n, Hgo.-<\/strong>&nbsp; Un gran n\u00famero de personas, en su mayor\u00eda mujeres, aprovecharon para inscribirse en los diferentes programas Bienestar para el Desarrollo, con los cuales se busca erradicar la alta marginaci\u00f3n que existe en la entidad y que Orizatl\u00e1n no es la excepci\u00f3n.<\/p>\n\n\n\n<p>Acompa\u00f1ando a&nbsp; Simey Olvera, titular de Sedeso Hidalgo, Marco Antonio Ramos Moguel, subsecretario de Gobierno, Paulino Ram\u00edrez Salazar, director de Gobernaci\u00f3n distrito III y la alcaldesa Erika Saab Lara, realizaron un recorrido por las instalaciones de la Universidad Tecnol\u00f3gica de la Huasteca Hidalguense, donde se llev\u00f3 a cabo el registro de personas para formar parte del programa Bienestar para el Desarrollo.<\/p>\n\n\n\n<p>Ah\u00ed, entre hombres y mujeres de 35 comunidades del municipio, participaron y se enlistaron para ser beneficiarios del programa Bienestar para el Desarrollo<\/p>\n\n\n\n<p>&#8220;Agradecemos al Gobierno de Hidalgo por seguir dando apoyos a las personas m\u00e1s vulnerables de nuestra regi\u00f3n huasteca, sabemos que vamos en el rumbo correcto con nuestro gobernador Julio Menchaca, nos sumamos y refrendamos el compromiso de seguir trabajando por todos los grupos de nuestra querida tierra hidalguense&#8221;, indic\u00f3 la alcaldesa.<\/p>\n","protected":false},"excerpt":{"rendered":"<p>Por \u00c1ngel Silverio\/ Zunoticia San Felipe Orizatl\u00e1n, Hgo.-&nbsp; Un gran n\u00famero de personas, en su mayor\u00eda mujeres, aprovecharon para inscribirse en los diferentes programas Bienestar para el Desarrollo, con los cuales se busca erradicar la alta marginaci\u00f3n que existe en la entidad y que Orizatl\u00e1n no es la excepci\u00f3n. Acompa\u00f1ando a&nbsp; Simey Olvera, titular de&hellip; <a class=\"more-link\" href=\"https:\/\/www.zunoticia.com\/noticias-de-hidalgo\/2023\/03\/27\/35-comunidades-se-enlistaron-en-programas-del-bienestar-para-el-desarrollo\/\">Seguir leyendo <span class=\"screen-reader-text\">35 comunidades se enlistaron en Programas del Bienestar para el Desarrollo<\/span><\/a><\/p>\n","protected":false},"author":20,"featured_media":474682,"comment_status":"closed","ping_status":"open","sticky":false,"template":"","format":"standard","meta":{"rop_custom_images_group":[],"rop_custom_messages_group":[],"rop_publish_now":"initial","rop_publish_now_accounts":{"facebook_10159540855086992_322828327761733":""},"rop_publish_now_history":[],"rop_publish_now_status":"pending","footnotes":""},"categories":[180],"tags":[129],"class_list":["post-474681","post","type-post","status-publish","format-standard","has-post-thumbnail","hentry","category-orizatlan","tag-orizatlan","entry"],"_links":{"self":[{"href":"https:\/\/www.zunoticia.com\/noticias-de-hidalgo\/wp-json\/wp\/v2\/posts\/474681","targetHints":{"allow":["GET"]}}],"collection":[{"href":"https:\/\/www.zunoticia.com\/noticias-de-hidalgo\/wp-json\/wp\/v2\/posts"}],"about":[{"href":"https:\/\/www.zunoticia.com\/noticias-de-hidalgo\/wp-json\/wp\/v2\/types\/post"}],"author":[{"embeddable":true,"href":"https:\/\/www.zunoticia.com\/noticias-de-hidalgo\/wp-json\/wp\/v2\/users\/20"}],"replies":[{"embeddable":true,"href":"https:\/\/www.zunoticia.com\/noticias-de-hidalgo\/wp-json\/wp\/v2\/comments?post=474681"}],"version-history":[{"count":1,"href":"https:\/\/www.zunoticia.com\/noticias-de-hidalgo\/wp-json\/wp\/v2\/posts\/474681\/revisions"}],"predecessor-version":[{"id":474683,"href":"https:\/\/www.zunoticia.com\/noticias-de-hidalgo\/wp-json\/wp\/v2\/posts\/474681\/revisions\/474683"}],"wp:featuredmedia":[{"embeddable":true,"href":"https:\/\/www.zunoticia.com\/noticias-de-hidalgo\/wp-json\/wp\/v2\/media\/474682"}],"wp:attachment":[{"href":"https:\/\/www.zunoticia.com\/noticias-de-hidalgo\/wp-json\/wp\/v2\/media?parent=474681"}],"wp:term":[{"taxonomy":"category","embeddable":true,"href":"https:\/\/www.zunoticia.com\/noticias-de-hidalgo\/wp-json\/wp\/v2\/categories?post=474681"},{"taxonomy":"post_tag","embeddable":true,"href":"https:\/\/www.zunoticia.com\/noticias-de-hidalgo\/wp-json\/wp\/v2\/tags?post=474681"}],"curies":[{"name":"wp","href":"https:\/\/api.w.org\/{rel}","templated":true}]}}