{"id":474689,"date":"2023-03-27T17:07:58","date_gmt":"2023-03-27T23:07:58","guid":{"rendered":"https:\/\/www.zunoticia.com\/noticias-de-hidalgo\/?p=474689"},"modified":"2023-03-27T17:07:59","modified_gmt":"2023-03-27T23:07:59","slug":"instalan-comites-de-programas-para-el-bienestar-en-la-huasteca","status":"publish","type":"post","link":"https:\/\/www.zunoticia.com\/noticias-de-hidalgo\/2023\/03\/27\/instalan-comites-de-programas-para-el-bienestar-en-la-huasteca\/","title":{"rendered":"Instalan Comit\u00e9s de Programas para el Bienestar en la huasteca"},"content":{"rendered":"<aside class=\"mashsb-container mashsb-main mashsb-stretched\"><div class=\"mashsb-box\"><div class=\"mashsb-count mash-large\" style=\"float:left\"><div class=\"counts mashsbcount\">1<\/div><span class=\"mashsb-sharetext\">SHARES<\/span><\/div><div class=\"mashsb-buttons\"><a class=\"mashicon-facebook mash-large mash-center mashsb-noshadow\" href=\"https:\/\/www.facebook.com\/sharer.php?u=https%3A%2F%2Fwww.zunoticia.com%2Fnoticias-de-hidalgo%2F2023%2F03%2F27%2Finstalan-comites-de-programas-para-el-bienestar-en-la-huasteca%2F\" target=\"_top\" rel=\"nofollow\"><span class=\"icon\"><\/span><span class=\"text\">Share<\/span><\/a><a class=\"mashicon-twitter mash-large mash-center mashsb-noshadow\" href=\"https:\/\/twitter.com\/intent\/tweet?text=&amp;url=https:\/\/www.zunoticia.com\/noticias-de-hidalgo\/2023\/03\/27\/instalan-comites-de-programas-para-el-bienestar-en-la-huasteca\/\" target=\"_top\" rel=\"nofollow\"><span class=\"icon\"><\/span><span class=\"text\">Tweet<\/span><\/a><div class=\"onoffswitch2 mash-large mashsb-noshadow\" style=\"display:none\"><\/div><\/div>\n            <\/div>\n                <div style=\"clear:both\"><\/div><div class=\"mashsb-toggle-container\"><\/div><\/aside>\n            <!-- Share buttons by mashshare.net - Version: 4.0.47-->\n<p><\/p>\n\n\n\n<p><em>Por Enedino Hern\u00e1ndez\/Zunoticia<\/em><\/p>\n\n\n\n<p><strong>Huejutla, Hgo<\/strong>.- El delegado federal de Programas Sociales Bienestar en Hidalgo, Abraham Mendoza Zenteno, est\u00e1 en esta zona de la huasteca a efecto de continuar con los trabajos de instalaci\u00f3n de los comit\u00e9s de estos programas.<\/p>\n\n\n\n<p>Durante este lunes 27 de marzo se instalaron cinco comit\u00e9s e iniciaron el recorrido correspondiente en Yahualica, posteriormente en Atlapexco, luego en la sucursal Sader Huejutla, sucursal INPI Huejutla y finalmente en sucursal Santa Cruz Huejutla.<\/p>\n\n\n\n<p>En su recorrido fue acompa\u00f1ado de V\u00edctor Su\u00e1rez, Subsecretario de Autosuficiencia Alimentaria de la&nbsp; Secretar\u00eda de Agricultura, y en su estancia por los tres puntos arriba citados en Huejutla estuvo presente el alcalde, Daniel Andrade.<\/p>\n\n\n\n<p>Abraham Mendoza Zenteno, se\u00f1al\u00f3 que los Comit\u00e9s de Programas para el Bienestar se conforman con los representantes de cada uno de los diversos programas sociales.<\/p>\n\n\n\n<p>Asimismo, dijo que, el Presidente de M\u00e9xico Andr\u00e9s Manuel L\u00f3pez Obrador, instruy\u00f3 al subsecretario de Autosuficiencia Alimentaria de Secretar\u00eda de Agricultura, V\u00edctor Su\u00e1rez para la instalaci\u00f3n de los Comit\u00e9s de Programas para el Bienestar en la Huasteca que ser\u00e1n los encargados de informar, orientar y apoyar a los beneficiados de los diversos programas sociales.<\/p>\n\n\n\n<p>Abraham Mendoza Zenteno concluy\u00f3 que en la entidad se instalar\u00e1n 119 Comit\u00e9s de Programas para el Bienestar, en igual n\u00famero de sucursales e invit\u00f3 a los beneficiados que ante alguna duda que pudiera tener que soliciten la orientaci\u00f3n necesaria con los miembros e integrantes de estos Comit\u00e9s.<\/p>\n\n\n\n<figure class=\"wp-block-gallery has-nested-images columns-default is-cropped wp-block-gallery-1 is-layout-flex wp-block-gallery-is-layout-flex\">\n<figure class=\"wp-block-image size-large\"><img fetchpriority=\"high\" decoding=\"async\" width=\"940\" height=\"788\" data-id=\"474691\" src=\"https:\/\/www.zunoticia.com\/noticias-de-hidalgo\/wp-content\/uploads\/2023\/03\/3-52.png\" alt=\"\" class=\"wp-image-474691\" srcset=\"https:\/\/www.zunoticia.com\/noticias-de-hidalgo\/wp-content\/uploads\/2023\/03\/3-52.png 940w, https:\/\/www.zunoticia.com\/noticias-de-hidalgo\/wp-content\/uploads\/2023\/03\/3-52-300x251.png 300w, https:\/\/www.zunoticia.com\/noticias-de-hidalgo\/wp-content\/uploads\/2023\/03\/3-52-768x644.png 768w\" sizes=\"(max-width: 940px) 100vw, 940px\" \/><\/figure>\n<\/figure>\n","protected":false},"excerpt":{"rendered":"<p>Por Enedino Hern\u00e1ndez\/Zunoticia Huejutla, Hgo.- El delegado federal de Programas Sociales Bienestar en Hidalgo, Abraham Mendoza Zenteno, est\u00e1 en esta zona de la huasteca a efecto de continuar con los trabajos de instalaci\u00f3n de los comit\u00e9s de estos programas. Durante este lunes 27 de marzo se instalaron cinco comit\u00e9s e iniciaron el recorrido correspondiente en&hellip; <a class=\"more-link\" href=\"https:\/\/www.zunoticia.com\/noticias-de-hidalgo\/2023\/03\/27\/instalan-comites-de-programas-para-el-bienestar-en-la-huasteca\/\">Seguir leyendo <span class=\"screen-reader-text\">Instalan Comit\u00e9s de Programas para el Bienestar en la huasteca<\/span><\/a><\/p>\n","protected":false},"author":20,"featured_media":474690,"comment_status":"closed","ping_status":"open","sticky":false,"template":"","format":"standard","meta":{"rop_custom_images_group":[],"rop_custom_messages_group":[],"rop_publish_now":"initial","rop_publish_now_accounts":{"facebook_10159540855086992_322828327761733":""},"rop_publish_now_history":[],"rop_publish_now_status":"pending","footnotes":""},"categories":[181],"tags":[121],"class_list":["post-474689","post","type-post","status-publish","format-standard","has-post-thumbnail","hentry","category-huejutla","tag-huejutla","entry"],"_links":{"self":[{"href":"https:\/\/www.zunoticia.com\/noticias-de-hidalgo\/wp-json\/wp\/v2\/posts\/474689","targetHints":{"allow":["GET"]}}],"collection":[{"href":"https:\/\/www.zunoticia.com\/noticias-de-hidalgo\/wp-json\/wp\/v2\/posts"}],"about":[{"href":"https:\/\/www.zunoticia.com\/noticias-de-hidalgo\/wp-json\/wp\/v2\/types\/post"}],"author":[{"embeddable":true,"href":"https:\/\/www.zunoticia.com\/noticias-de-hidalgo\/wp-json\/wp\/v2\/users\/20"}],"replies":[{"embeddable":true,"href":"https:\/\/www.zunoticia.com\/noticias-de-hidalgo\/wp-json\/wp\/v2\/comments?post=474689"}],"version-history":[{"count":1,"href":"https:\/\/www.zunoticia.com\/noticias-de-hidalgo\/wp-json\/wp\/v2\/posts\/474689\/revisions"}],"predecessor-version":[{"id":474693,"href":"https:\/\/www.zunoticia.com\/noticias-de-hidalgo\/wp-json\/wp\/v2\/posts\/474689\/revisions\/474693"}],"wp:featuredmedia":[{"embeddable":true,"href":"https:\/\/www.zunoticia.com\/noticias-de-hidalgo\/wp-json\/wp\/v2\/media\/474690"}],"wp:attachment":[{"href":"https:\/\/www.zunoticia.com\/noticias-de-hidalgo\/wp-json\/wp\/v2\/media?parent=474689"}],"wp:term":[{"taxonomy":"category","embeddable":true,"href":"https:\/\/www.zunoticia.com\/noticias-de-hidalgo\/wp-json\/wp\/v2\/categories?post=474689"},{"taxonomy":"post_tag","embeddable":true,"href":"https:\/\/www.zunoticia.com\/noticias-de-hidalgo\/wp-json\/wp\/v2\/tags?post=474689"}],"curies":[{"name":"wp","href":"https:\/\/api.w.org\/{rel}","templated":true}]}}