{"id":474738,"date":"2023-03-27T20:03:51","date_gmt":"2023-03-28T02:03:51","guid":{"rendered":"https:\/\/www.zunoticia.com\/noticias-de-hidalgo\/?p=474738"},"modified":"2023-03-27T20:03:52","modified_gmt":"2023-03-28T02:03:52","slug":"padres-de-familia-y-maestros-binomio-perfecto-en-la-educacion-de-la-ninez-nc","status":"publish","type":"post","link":"https:\/\/www.zunoticia.com\/noticias-de-hidalgo\/2023\/03\/27\/padres-de-familia-y-maestros-binomio-perfecto-en-la-educacion-de-la-ninez-nc\/","title":{"rendered":"Padres de familia y maestros, binomio perfecto en la educaci\u00f3n de la ni\u00f1ez: NC"},"content":{"rendered":"<aside class=\"mashsb-container mashsb-main mashsb-stretched\"><div class=\"mashsb-box\"><div class=\"mashsb-count mash-large\" style=\"float:left\"><div class=\"counts mashsbcount\">18<\/div><span class=\"mashsb-sharetext\">SHARES<\/span><\/div><div class=\"mashsb-buttons\"><a class=\"mashicon-facebook mash-large mash-center mashsb-noshadow\" href=\"https:\/\/www.facebook.com\/sharer.php?u=https%3A%2F%2Fwww.zunoticia.com%2Fnoticias-de-hidalgo%2F2023%2F03%2F27%2Fpadres-de-familia-y-maestros-binomio-perfecto-en-la-educacion-de-la-ninez-nc%2F\" target=\"_top\" rel=\"nofollow\"><span class=\"icon\"><\/span><span class=\"text\">Share<\/span><\/a><a class=\"mashicon-twitter mash-large mash-center mashsb-noshadow\" href=\"https:\/\/twitter.com\/intent\/tweet?text=&amp;url=https:\/\/www.zunoticia.com\/noticias-de-hidalgo\/2023\/03\/27\/padres-de-familia-y-maestros-binomio-perfecto-en-la-educacion-de-la-ninez-nc\/\" target=\"_top\" rel=\"nofollow\"><span class=\"icon\"><\/span><span class=\"text\">Tweet<\/span><\/a><div class=\"onoffswitch2 mash-large mashsb-noshadow\" style=\"display:none\"><\/div><\/div>\n            <\/div>\n                <div style=\"clear:both\"><\/div><div class=\"mashsb-toggle-container\"><\/div><\/aside>\n            <!-- Share buttons by mashshare.net - Version: 4.0.47-->\n<ul class=\"wp-block-list\">\n<li>El titular de la SEPH presidi\u00f3 las actividades del 50 Aniversario de la Escuela Primaria \u201cEverardo M\u00e1rquez\u201d<\/li>\n<\/ul>\n\n\n\n<p><em>Por Redacci\u00f3n\/Zunoticia<\/em><\/p>\n\n\n\n<p><strong>Pachuca, Hgo.-<\/strong> Con la representaci\u00f3n del gobernador Julio Menchaca Salazar, el secretario de Educaci\u00f3n P\u00fablica de Hidalgo, Natividad Castrej\u00f3n Valdez, asisti\u00f3 al Homenaje del 50 Aniversario de la Escuela Primaria \u201cEverardo M\u00e1rquez\u201d, ubicada en Pachuca.<\/p>\n\n\n\n<p>Despu\u00e9s de acompa\u00f1ar a ni\u00f1as, ni\u00f1os, directivos y docentes de dicha instituci\u00f3n a realizar el Lunes C\u00edvico, Natividad Castrej\u00f3n subray\u00f3 que, para quienes trabajan en el sector educativo, es muy satisfactorio atestiguar c\u00f3mo las escuelas cumplen cabalmente con la encomienda de formar a las generaciones que responden a los retos y exigencias que van marcando los tiempos en aras de construir una sociedad m\u00e1s libre, solidaria, justa, democr\u00e1tica e igualitaria.<\/p>\n\n\n\n<p>\u201cY eso es lo que esta escuela ha venido haciendo a lo largo de estos 50 a\u00f1os: brindar un servicio educativo a miles de ni\u00f1as y ni\u00f1os, cuyo paso por estas aulas se vio coronado con la conclusi\u00f3n de sus estudios de educaci\u00f3n primaria, como un pelda\u00f1o b\u00e1sico para su formaci\u00f3n acad\u00e9mica y preparaci\u00f3n profesional\u201d.<\/p>\n\n\n\n<p>Reconoci\u00f3, a las madres y padres de familia, aliados naturales de los maestros, y quienes depositan en la escuela toda su confianza y esperanza de que sus hijas e hijos tengan un mejor futuro, a trav\u00e9s del estudio y la dedicaci\u00f3n. Asimismo, reafirm\u00f3 que padres de familia y maestros conforman el binomio perfecto para asegurar un servicio educativo de calidad para las infancias.<\/p>\n\n\n\n<p>En su oportunidad, la directora de la Escuela Primaria Everardo M\u00e1rquez, Leticia Juana Campos Luna, se\u00f1al\u00f3 que esta instituci\u00f3n educativa refrenda el compromiso de seguir educado a ni\u00f1as y ni\u00f1os con valores, criterio y excelentes ciudadanos, al tiempo que reconoci\u00f3 el trabajo de la plantilla docente, padres de familia y alumnos ya que, con el apoyo de todos, la escuela lleg\u00f3 a su 50 Aniversario.<\/p>\n\n\n\n<figure class=\"wp-block-image size-large\"><img fetchpriority=\"high\" decoding=\"async\" width=\"1024\" height=\"662\" src=\"https:\/\/www.zunoticia.com\/noticias-de-hidalgo\/wp-content\/uploads\/2023\/03\/eZy-Watermark-27-03-2023-07-56-30p.m.-1024x662.jpg\" alt=\"\" class=\"wp-image-474742\" srcset=\"https:\/\/www.zunoticia.com\/noticias-de-hidalgo\/wp-content\/uploads\/2023\/03\/eZy-Watermark-27-03-2023-07-56-30p.m.-1024x662.jpg 1024w, https:\/\/www.zunoticia.com\/noticias-de-hidalgo\/wp-content\/uploads\/2023\/03\/eZy-Watermark-27-03-2023-07-56-30p.m.-300x194.jpg 300w, https:\/\/www.zunoticia.com\/noticias-de-hidalgo\/wp-content\/uploads\/2023\/03\/eZy-Watermark-27-03-2023-07-56-30p.m.-768x497.jpg 768w, https:\/\/www.zunoticia.com\/noticias-de-hidalgo\/wp-content\/uploads\/2023\/03\/eZy-Watermark-27-03-2023-07-56-30p.m..jpg 1248w\" sizes=\"(max-width: 1024px) 100vw, 1024px\" \/><\/figure>\n\n\n\n<p>En dicho homenaje, se devel\u00f3 la placa conmemorativa, adem\u00e1s un grupo de estudiantes comparti\u00f3 la rese\u00f1a de la escuela, mientras que sus docentes realizaron el baile regional El maizal, tambi\u00e9n se entregaron reconocimientos a las autoridades educativas.<\/p>\n\n\n\n<p>Durante toda la semana se realizar\u00e1n diversas actividades por el aniversario, entre las que destacan: rondas infantiles, demostraci\u00f3n de talentos, poes\u00eda, proyecciones acad\u00e9micas, interpretaci\u00f3n de canciones en ingl\u00e9s, realizaci\u00f3n de estampado mexicano, entre otras.<\/p>\n\n\n\n<p>En el evento estuvieron presentes la subsecretaria de Educaci\u00f3n B\u00e1sica, Myrl\u00e9n Salas Dorantes; el director de Educaci\u00f3n Primaria, Juan S\u00e1nchez Barrag\u00e1n; el supervisor de zona, Tito Armando Fuentes Espinoza; el supervisor de zona 16, Juan Pablo Espinoza Ram\u00edrez, entre otros miembros de la comunidad educativa.<\/p>\n","protected":false},"excerpt":{"rendered":"<p>Por Redacci\u00f3n\/Zunoticia Pachuca, Hgo.- Con la representaci\u00f3n del gobernador Julio Menchaca Salazar, el secretario de Educaci\u00f3n P\u00fablica de Hidalgo, Natividad Castrej\u00f3n Valdez, asisti\u00f3 al Homenaje del 50 Aniversario de la Escuela Primaria \u201cEverardo M\u00e1rquez\u201d, ubicada en Pachuca. Despu\u00e9s de acompa\u00f1ar a ni\u00f1as, ni\u00f1os, directivos y docentes de dicha instituci\u00f3n a realizar el Lunes C\u00edvico, Natividad&hellip; <a class=\"more-link\" href=\"https:\/\/www.zunoticia.com\/noticias-de-hidalgo\/2023\/03\/27\/padres-de-familia-y-maestros-binomio-perfecto-en-la-educacion-de-la-ninez-nc\/\">Seguir leyendo <span class=\"screen-reader-text\">Padres de familia y maestros, binomio perfecto en la educaci\u00f3n de la ni\u00f1ez: NC<\/span><\/a><\/p>\n","protected":false},"author":12,"featured_media":474741,"comment_status":"closed","ping_status":"open","sticky":false,"template":"","format":"standard","meta":{"rop_custom_images_group":[],"rop_custom_messages_group":[],"rop_publish_now":"initial","rop_publish_now_accounts":{"facebook_10159540855086992_322828327761733":""},"rop_publish_now_history":[],"rop_publish_now_status":"pending","footnotes":""},"categories":[208],"tags":[214],"class_list":["post-474738","post","type-post","status-publish","format-standard","has-post-thumbnail","hentry","category-estado","tag-estado","entry"],"_links":{"self":[{"href":"https:\/\/www.zunoticia.com\/noticias-de-hidalgo\/wp-json\/wp\/v2\/posts\/474738","targetHints":{"allow":["GET"]}}],"collection":[{"href":"https:\/\/www.zunoticia.com\/noticias-de-hidalgo\/wp-json\/wp\/v2\/posts"}],"about":[{"href":"https:\/\/www.zunoticia.com\/noticias-de-hidalgo\/wp-json\/wp\/v2\/types\/post"}],"author":[{"embeddable":true,"href":"https:\/\/www.zunoticia.com\/noticias-de-hidalgo\/wp-json\/wp\/v2\/users\/12"}],"replies":[{"embeddable":true,"href":"https:\/\/www.zunoticia.com\/noticias-de-hidalgo\/wp-json\/wp\/v2\/comments?post=474738"}],"version-history":[{"count":1,"href":"https:\/\/www.zunoticia.com\/noticias-de-hidalgo\/wp-json\/wp\/v2\/posts\/474738\/revisions"}],"predecessor-version":[{"id":474743,"href":"https:\/\/www.zunoticia.com\/noticias-de-hidalgo\/wp-json\/wp\/v2\/posts\/474738\/revisions\/474743"}],"wp:featuredmedia":[{"embeddable":true,"href":"https:\/\/www.zunoticia.com\/noticias-de-hidalgo\/wp-json\/wp\/v2\/media\/474741"}],"wp:attachment":[{"href":"https:\/\/www.zunoticia.com\/noticias-de-hidalgo\/wp-json\/wp\/v2\/media?parent=474738"}],"wp:term":[{"taxonomy":"category","embeddable":true,"href":"https:\/\/www.zunoticia.com\/noticias-de-hidalgo\/wp-json\/wp\/v2\/categories?post=474738"},{"taxonomy":"post_tag","embeddable":true,"href":"https:\/\/www.zunoticia.com\/noticias-de-hidalgo\/wp-json\/wp\/v2\/tags?post=474738"}],"curies":[{"name":"wp","href":"https:\/\/api.w.org\/{rel}","templated":true}]}}