{"id":475005,"date":"2023-03-29T14:59:54","date_gmt":"2023-03-29T20:59:54","guid":{"rendered":"https:\/\/www.zunoticia.com\/noticias-de-hidalgo\/?p=475005"},"modified":"2023-03-29T14:59:55","modified_gmt":"2023-03-29T20:59:55","slug":"aprueban-creacion-de-un-registro-nacional-de-deudores-alimentarios","status":"publish","type":"post","link":"https:\/\/www.zunoticia.com\/noticias-de-hidalgo\/2023\/03\/29\/aprueban-creacion-de-un-registro-nacional-de-deudores-alimentarios\/","title":{"rendered":"Aprueban creaci\u00f3n de un Registro nacional de deudores alimentarios"},"content":{"rendered":"<aside class=\"mashsb-container mashsb-main mashsb-stretched\"><div class=\"mashsb-box\"><div class=\"mashsb-count mash-large\" style=\"float:left\"><div class=\"counts mashsbcount\">39<\/div><span class=\"mashsb-sharetext\">SHARES<\/span><\/div><div class=\"mashsb-buttons\"><a class=\"mashicon-facebook mash-large mash-center mashsb-noshadow\" href=\"https:\/\/www.facebook.com\/sharer.php?u=https%3A%2F%2Fwww.zunoticia.com%2Fnoticias-de-hidalgo%2F2023%2F03%2F29%2Faprueban-creacion-de-un-registro-nacional-de-deudores-alimentarios%2F\" target=\"_top\" rel=\"nofollow\"><span class=\"icon\"><\/span><span class=\"text\">Share<\/span><\/a><a class=\"mashicon-twitter mash-large mash-center mashsb-noshadow\" href=\"https:\/\/twitter.com\/intent\/tweet?text=&amp;url=https:\/\/www.zunoticia.com\/noticias-de-hidalgo\/2023\/03\/29\/aprueban-creacion-de-un-registro-nacional-de-deudores-alimentarios\/\" target=\"_top\" rel=\"nofollow\"><span class=\"icon\"><\/span><span class=\"text\">Tweet<\/span><\/a><div class=\"onoffswitch2 mash-large mashsb-noshadow\" style=\"display:none\"><\/div><\/div>\n            <\/div>\n                <div style=\"clear:both\"><\/div><div class=\"mashsb-toggle-container\"><\/div><\/aside>\n            <!-- Share buttons by mashshare.net - Version: 4.0.47-->\n<p><\/p>\n\n\n\n<p>&gt;&gt;&gt;Aplicar\u00e1n medidas de restricci\u00f3n a deudores alimentarios: Abogado.<\/p>\n\n\n\n<p><em>Por Francisco Rosas\/Zunoticia<\/em><\/p>\n\n\n\n<p><strong>Huejutla, Hgo<\/strong>.- \u201cCon la finalidad de fortalecer la ejecuci\u00f3n y garantizar el oportuno cumplimiento de las pensiones alimenticias de manera homologada en todo el pa\u00eds, en d\u00edas pasados el pleno del Senado aprob\u00f3 por unanimidad, un dictamen que plantea reformar la ley general de derechos de las ni\u00f1as, ni\u00f1os y adolescentes, cuya propuesta fue avalada para ser exacto con 86 votos y enviada al ejecutivo federal con la cual plantea crear un Registro nacional de obligaciones alimentarias, con el objeto de concentrar la informaci\u00f3n de las personas deudoras alimentarias, para dotar de una efectiva protecci\u00f3n de los derechos de los menores de edad\u201d, explic\u00f3 el abogado postulante Federico Hern\u00e1ndez Dolores.<\/p>\n\n\n\n<p>Explic\u00f3 que, con la aprobaci\u00f3n de las reformas a la ley general, se pretende que las autoridades de los tres \u00f3rdenes de gobierno dispondr\u00e1n de lo necesario, con la finalidad de establecer como requisito la presentaci\u00f3n del certificado de no inscripci\u00f3n en el Registro nacional de obligaciones alimentarias, para poder realizar procedimientos y tr\u00e1mites como la obtenci\u00f3n de licencias y permisos para conducir, pasaporte o documentos de identidad y de viaje; as\u00ed como participar en cargos de elecci\u00f3n popular en los \u00e1mbitos local y federal; tr\u00e1mites realizados ante notarios p\u00fablicos relativos a la compra &#8211; venta de inmuebles, la constituci\u00f3n o transmisi\u00f3n de derechos reales.<\/p>\n\n\n\n<p>En el mismo contexto, el litigante se\u00f1al\u00f3 que para garantizar este derecho fundamental que son los alimentos, tambi\u00e9n se requerir\u00e1 dicho certificado en las solicitudes de matrimonio, situaci\u00f3n en la que el Oficial de Registro civil, deber\u00e1 hacer de conocimiento a los contrayentes, si alguno se encuentra en el Registro nacional de obligaciones alimentarias, de ser as\u00ed, ser\u00e1 imposible cumplir con los requisitos para contraer nupcias.<\/p>\n\n\n\n<p>Con esta reforma tambi\u00e9n se prev\u00e9n medidas de restricci\u00f3n migratoria, con el objeto de impedir que las personas inscritas en dicho Registro puedan salir del pa\u00eds cuando sean deudores alimentarios morosos, as\u00ed como cuando existan los medios de prueba para determinar la existencia de un riesgo importante de que su salida del pa\u00eds se utilice como un medio de evasi\u00f3n de pago de la deuda.<\/p>\n\n\n\n<p>Asimismo, Hern\u00e1ndez Dolores, expres\u00f3 &#8220;ahora c\u00f3mo podemos determinar que una persona es deudora alimentaria, pues esto tendr\u00eda que hacerse mediante un juicio de pensi\u00f3n alimenticia en el cual el demandado deber\u00e1 ser o\u00eddo y vencido en juicio; es decir que se declare en sentencia definitiva&nbsp; as\u00ed tambi\u00e9n durante el procedimiento una vez que se le haya requerido el pago de los alimentos al demandado y no cumpla, uno como abogado debe iniciar un incidente de pensiones ca\u00eddas y no pagadas de los meses que adeuda dicha persona y del cual deber\u00e1n ser cuantificadas, y en sentencia interlocutoria el juez familiar lo condene al pago total de los meses vencidos y no pagados; si dicho demandado no cumple con este pago se estar\u00e1 acreditando que es una persona incumplidora y podr\u00e1 girarse oficio para que se inscriba en el Registro nacional de deudores alimentarios hasta que cumpla con sus obligaciones&#8221;, textualiz\u00f3.<\/p>\n\n\n\n<p>Para finalizar, el profesionista dijo &#8220;en el tiempo que me ha tocado trabajar como abogado en juicios familiares, para ser espec\u00edficos en uno de ellos, en la cuesti\u00f3n de la pensi\u00f3n alimenticia y la guarda de custodia, por viva experiencia he visto que en 10 juicios de demanda de pensi\u00f3n alimenticia, cuatro son los que de manera voluntaria cumplen con su obligaci\u00f3n de dar alimento y los otros 6 muchas veces se niegan a cumplir con su obligaci\u00f3n; para ello no queda de otra m\u00e1s que embargarle bienes de su propiedad para garantizar los alimentos o iniciarles una denuncia y\/o querella de incumplimiento de obligaciones&nbsp; en materia penal&#8221;, puntualiz\u00f3.<\/p>\n\n\n\n<p><\/p>\n\n\n\n<p><\/p>\n","protected":false},"excerpt":{"rendered":"<p>&gt;&gt;&gt;Aplicar\u00e1n medidas de restricci\u00f3n a deudores alimentarios: Abogado. Por Francisco Rosas\/Zunoticia Huejutla, Hgo.- \u201cCon la finalidad de fortalecer la ejecuci\u00f3n y garantizar el oportuno cumplimiento de las pensiones alimenticias de manera homologada en todo el pa\u00eds, en d\u00edas pasados el pleno del Senado aprob\u00f3 por unanimidad, un dictamen que plantea reformar la ley general de&hellip; <a class=\"more-link\" href=\"https:\/\/www.zunoticia.com\/noticias-de-hidalgo\/2023\/03\/29\/aprueban-creacion-de-un-registro-nacional-de-deudores-alimentarios\/\">Seguir leyendo <span class=\"screen-reader-text\">Aprueban creaci\u00f3n de un Registro nacional de deudores alimentarios<\/span><\/a><\/p>\n","protected":false},"author":20,"featured_media":475006,"comment_status":"closed","ping_status":"open","sticky":false,"template":"","format":"standard","meta":{"rop_custom_images_group":[],"rop_custom_messages_group":[],"rop_publish_now":"initial","rop_publish_now_accounts":{"facebook_10159540855086992_322828327761733":""},"rop_publish_now_history":[],"rop_publish_now_status":"pending","footnotes":""},"categories":[181,178],"tags":[259],"class_list":["post-475005","post","type-post","status-publish","format-standard","has-post-thumbnail","hentry","category-huejutla","category-policiaca","tag-policiaca","entry"],"_links":{"self":[{"href":"https:\/\/www.zunoticia.com\/noticias-de-hidalgo\/wp-json\/wp\/v2\/posts\/475005","targetHints":{"allow":["GET"]}}],"collection":[{"href":"https:\/\/www.zunoticia.com\/noticias-de-hidalgo\/wp-json\/wp\/v2\/posts"}],"about":[{"href":"https:\/\/www.zunoticia.com\/noticias-de-hidalgo\/wp-json\/wp\/v2\/types\/post"}],"author":[{"embeddable":true,"href":"https:\/\/www.zunoticia.com\/noticias-de-hidalgo\/wp-json\/wp\/v2\/users\/20"}],"replies":[{"embeddable":true,"href":"https:\/\/www.zunoticia.com\/noticias-de-hidalgo\/wp-json\/wp\/v2\/comments?post=475005"}],"version-history":[{"count":1,"href":"https:\/\/www.zunoticia.com\/noticias-de-hidalgo\/wp-json\/wp\/v2\/posts\/475005\/revisions"}],"predecessor-version":[{"id":475007,"href":"https:\/\/www.zunoticia.com\/noticias-de-hidalgo\/wp-json\/wp\/v2\/posts\/475005\/revisions\/475007"}],"wp:featuredmedia":[{"embeddable":true,"href":"https:\/\/www.zunoticia.com\/noticias-de-hidalgo\/wp-json\/wp\/v2\/media\/475006"}],"wp:attachment":[{"href":"https:\/\/www.zunoticia.com\/noticias-de-hidalgo\/wp-json\/wp\/v2\/media?parent=475005"}],"wp:term":[{"taxonomy":"category","embeddable":true,"href":"https:\/\/www.zunoticia.com\/noticias-de-hidalgo\/wp-json\/wp\/v2\/categories?post=475005"},{"taxonomy":"post_tag","embeddable":true,"href":"https:\/\/www.zunoticia.com\/noticias-de-hidalgo\/wp-json\/wp\/v2\/tags?post=475005"}],"curies":[{"name":"wp","href":"https:\/\/api.w.org\/{rel}","templated":true}]}}