{"id":475015,"date":"2023-03-29T16:58:22","date_gmt":"2023-03-29T22:58:22","guid":{"rendered":"https:\/\/www.zunoticia.com\/noticias-de-hidalgo\/?p=475015"},"modified":"2023-03-29T16:58:24","modified_gmt":"2023-03-29T22:58:24","slug":"percance-entre-combi-pasajera-y-camioneta","status":"publish","type":"post","link":"https:\/\/www.zunoticia.com\/noticias-de-hidalgo\/2023\/03\/29\/percance-entre-combi-pasajera-y-camioneta\/","title":{"rendered":"Percance entre combi pasajera y camioneta"},"content":{"rendered":"<aside class=\"mashsb-container mashsb-main mashsb-stretched\"><div class=\"mashsb-box\"><div class=\"mashsb-count mash-large\" style=\"float:left\"><div class=\"counts mashsbcount\">13<\/div><span class=\"mashsb-sharetext\">SHARES<\/span><\/div><div class=\"mashsb-buttons\"><a class=\"mashicon-facebook mash-large mash-center mashsb-noshadow\" href=\"https:\/\/www.facebook.com\/sharer.php?u=https%3A%2F%2Fwww.zunoticia.com%2Fnoticias-de-hidalgo%2F2023%2F03%2F29%2Fpercance-entre-combi-pasajera-y-camioneta%2F\" target=\"_top\" rel=\"nofollow\"><span class=\"icon\"><\/span><span class=\"text\">Share<\/span><\/a><a class=\"mashicon-twitter mash-large mash-center mashsb-noshadow\" href=\"https:\/\/twitter.com\/intent\/tweet?text=&amp;url=https:\/\/www.zunoticia.com\/noticias-de-hidalgo\/2023\/03\/29\/percance-entre-combi-pasajera-y-camioneta\/\" target=\"_top\" rel=\"nofollow\"><span class=\"icon\"><\/span><span class=\"text\">Tweet<\/span><\/a><div class=\"onoffswitch2 mash-large mashsb-noshadow\" style=\"display:none\"><\/div><\/div>\n            <\/div>\n                <div style=\"clear:both\"><\/div><div class=\"mashsb-toggle-container\"><\/div><\/aside>\n            <!-- Share buttons by mashshare.net - Version: 4.0.47-->\n<p><em>Por Francisco Rosas\/Zunoticia<\/em><\/p>\n\n\n\n<p><strong>Huejutla, Hgo<\/strong>.- Debido a la imprudencia de uno de los conductores, la tarde de este mi\u00e9rcoles se registr\u00f3 un percance entre una combi pasajera y una camioneta, en hechos ocurridos en la avenida Ju\u00e1rez de la zona centro de esta ciudad.<\/p>\n\n\n\n<p>En el incidente, una persona del sexo femenino result\u00f3 con algunas lesiones, motivo por el cual fue valorada en el lugar por param\u00e9dicos de la Cruz Roja Mexicana.<\/p>\n\n\n\n<p>Fuentes polic\u00edacas informaron que, el conductor de una camioneta que presuntamente intent\u00f3 meterse al carril, impact\u00f3 una urvan de la ruta de la ruta de transporte Xocotitla-Huejutla, a la cual le ocasion\u00f3 da\u00f1os materiales y una f\u00e9mina result\u00f3 con golpes&nbsp; contusos.<\/p>\n\n\n\n<p>Elementos de la Secretar\u00eda de Seguridad P\u00fablica y Tr\u00e1nsito Municipal, acudieron al sitio para realizar el peritaje y deslinde de responsabilidades.<\/p>\n","protected":false},"excerpt":{"rendered":"<p>Por Francisco Rosas\/Zunoticia Huejutla, Hgo.- Debido a la imprudencia de uno de los conductores, la tarde de este mi\u00e9rcoles se registr\u00f3 un percance entre una combi pasajera y una camioneta, en hechos ocurridos en la avenida Ju\u00e1rez de la zona centro de esta ciudad. En el incidente, una persona del sexo femenino result\u00f3 con algunas&hellip; <a class=\"more-link\" href=\"https:\/\/www.zunoticia.com\/noticias-de-hidalgo\/2023\/03\/29\/percance-entre-combi-pasajera-y-camioneta\/\">Seguir leyendo <span class=\"screen-reader-text\">Percance entre combi pasajera y camioneta<\/span><\/a><\/p>\n","protected":false},"author":20,"featured_media":475016,"comment_status":"closed","ping_status":"open","sticky":false,"template":"","format":"standard","meta":{"rop_custom_images_group":[],"rop_custom_messages_group":[],"rop_publish_now":"initial","rop_publish_now_accounts":{"facebook_10159540855086992_322828327761733":""},"rop_publish_now_history":[],"rop_publish_now_status":"pending","footnotes":""},"categories":[178],"tags":[259],"class_list":["post-475015","post","type-post","status-publish","format-standard","has-post-thumbnail","hentry","category-policiaca","tag-policiaca","entry"],"_links":{"self":[{"href":"https:\/\/www.zunoticia.com\/noticias-de-hidalgo\/wp-json\/wp\/v2\/posts\/475015","targetHints":{"allow":["GET"]}}],"collection":[{"href":"https:\/\/www.zunoticia.com\/noticias-de-hidalgo\/wp-json\/wp\/v2\/posts"}],"about":[{"href":"https:\/\/www.zunoticia.com\/noticias-de-hidalgo\/wp-json\/wp\/v2\/types\/post"}],"author":[{"embeddable":true,"href":"https:\/\/www.zunoticia.com\/noticias-de-hidalgo\/wp-json\/wp\/v2\/users\/20"}],"replies":[{"embeddable":true,"href":"https:\/\/www.zunoticia.com\/noticias-de-hidalgo\/wp-json\/wp\/v2\/comments?post=475015"}],"version-history":[{"count":1,"href":"https:\/\/www.zunoticia.com\/noticias-de-hidalgo\/wp-json\/wp\/v2\/posts\/475015\/revisions"}],"predecessor-version":[{"id":475017,"href":"https:\/\/www.zunoticia.com\/noticias-de-hidalgo\/wp-json\/wp\/v2\/posts\/475015\/revisions\/475017"}],"wp:featuredmedia":[{"embeddable":true,"href":"https:\/\/www.zunoticia.com\/noticias-de-hidalgo\/wp-json\/wp\/v2\/media\/475016"}],"wp:attachment":[{"href":"https:\/\/www.zunoticia.com\/noticias-de-hidalgo\/wp-json\/wp\/v2\/media?parent=475015"}],"wp:term":[{"taxonomy":"category","embeddable":true,"href":"https:\/\/www.zunoticia.com\/noticias-de-hidalgo\/wp-json\/wp\/v2\/categories?post=475015"},{"taxonomy":"post_tag","embeddable":true,"href":"https:\/\/www.zunoticia.com\/noticias-de-hidalgo\/wp-json\/wp\/v2\/tags?post=475015"}],"curies":[{"name":"wp","href":"https:\/\/api.w.org\/{rel}","templated":true}]}}