{"id":475022,"date":"2023-03-29T17:22:28","date_gmt":"2023-03-29T23:22:28","guid":{"rendered":"https:\/\/www.zunoticia.com\/noticias-de-hidalgo\/?p=475022"},"modified":"2023-03-29T17:22:30","modified_gmt":"2023-03-29T23:22:30","slug":"alumnos-y-maestros-preparados-para-el-periodo-vacacional-de-semana-santa","status":"publish","type":"post","link":"https:\/\/www.zunoticia.com\/noticias-de-hidalgo\/2023\/03\/29\/alumnos-y-maestros-preparados-para-el-periodo-vacacional-de-semana-santa\/","title":{"rendered":"Alumnos y maestros preparados para el periodo vacacional de Semana Santa"},"content":{"rendered":"<aside class=\"mashsb-container mashsb-main mashsb-stretched\"><div class=\"mashsb-box\"><div class=\"mashsb-count mash-large\" style=\"float:left\"><div class=\"counts mashsbcount\">30<\/div><span class=\"mashsb-sharetext\">SHARES<\/span><\/div><div class=\"mashsb-buttons\"><a class=\"mashicon-facebook mash-large mash-center mashsb-noshadow\" href=\"https:\/\/www.facebook.com\/sharer.php?u=https%3A%2F%2Fwww.zunoticia.com%2Fnoticias-de-hidalgo%2F2023%2F03%2F29%2Falumnos-y-maestros-preparados-para-el-periodo-vacacional-de-semana-santa%2F\" target=\"_top\" rel=\"nofollow\"><span class=\"icon\"><\/span><span class=\"text\">Share<\/span><\/a><a class=\"mashicon-twitter mash-large mash-center mashsb-noshadow\" href=\"https:\/\/twitter.com\/intent\/tweet?text=&amp;url=https:\/\/www.zunoticia.com\/noticias-de-hidalgo\/2023\/03\/29\/alumnos-y-maestros-preparados-para-el-periodo-vacacional-de-semana-santa\/\" target=\"_top\" rel=\"nofollow\"><span class=\"icon\"><\/span><span class=\"text\">Tweet<\/span><\/a><div class=\"onoffswitch2 mash-large mashsb-noshadow\" style=\"display:none\"><\/div><\/div>\n            <\/div>\n                <div style=\"clear:both\"><\/div><div class=\"mashsb-toggle-container\"><\/div><\/aside>\n            <!-- Share buttons by mashshare.net - Version: 4.0.47-->\n<p><\/p>\n\n\n\n<p><em>Por Enedino Hern\u00e1ndez\/Zunoticia<\/em><\/p>\n\n\n\n<p><strong>Huejutla, Hgo<\/strong>.- Con toda anticipaci\u00f3n, alumnos y maestros de las diversas instituciones educativas se preparan para disfrutar del segundo periodo vacacional del Ciclo Escolar 2022-2023, el cual corresponde a los d\u00edas comprendidos del 3 al 14 de abril.<\/p>\n\n\n\n<p>El profesor de Telesecundaria en Huejutla, Arnulfo Barrag\u00e1n, confirm\u00f3 que el jueves 30 de marzo es el \u00faltimo d\u00eda de clases en las escuelas, ya que el d\u00eda viernes los maestros participar\u00e1n en el Consejo T\u00e9cnico Escolar.<\/p>\n\n\n\n<p>Se\u00f1al\u00f3 que, durante este jueves los maestros proceder\u00e1n en reuniones de grupo a proporcionar las respectivas calificaciones alcanzadas por los alumnos en lo que va del ciclo escolar, con lo cual se dar\u00e1 una demostraci\u00f3n de lo que han aprendido hasta el momento.<\/p>\n\n\n\n<p>Asimismo, dijo que, el viernes los maestros participan en el Consejo T\u00e9cnico Escolar para posteriormente entrar al periodo vacacional y retornar nuevamente a las actividades escolares hasta el d\u00eda 17 de abril.<\/p>\n\n\n\n<p>Abund\u00f3 que durante el periodo vacacional escolar, son los integrantes de los Comit\u00e9s de Padres de familia quienes normalmente se encargan de vigilar y del resguardo de cada una de las escuelas, para que todo transcurra con normalidad y sin mayores contratiempos.<\/p>\n\n\n\n<p>Arnulfo Barrag\u00e1n, recomend\u00f3 a los alumnos que de acuerdo con sus posibilidades disfruten de su periodo vacacional, \u201cojal\u00e1 y que utilicen estos d\u00edas para el esparcimiento junto con sus familias\u201d.<\/p>\n\n\n\n<p><\/p>\n\n\n\n<p><\/p>\n","protected":false},"excerpt":{"rendered":"<p>Por Enedino Hern\u00e1ndez\/Zunoticia Huejutla, Hgo.- Con toda anticipaci\u00f3n, alumnos y maestros de las diversas instituciones educativas se preparan para disfrutar del segundo periodo vacacional del Ciclo Escolar 2022-2023, el cual corresponde a los d\u00edas comprendidos del 3 al 14 de abril. El profesor de Telesecundaria en Huejutla, Arnulfo Barrag\u00e1n, confirm\u00f3 que el jueves 30 de&hellip; <a class=\"more-link\" href=\"https:\/\/www.zunoticia.com\/noticias-de-hidalgo\/2023\/03\/29\/alumnos-y-maestros-preparados-para-el-periodo-vacacional-de-semana-santa\/\">Seguir leyendo <span class=\"screen-reader-text\">Alumnos y maestros preparados para el periodo vacacional de Semana Santa<\/span><\/a><\/p>\n","protected":false},"author":20,"featured_media":475023,"comment_status":"closed","ping_status":"open","sticky":false,"template":"","format":"standard","meta":{"rop_custom_images_group":[],"rop_custom_messages_group":[],"rop_publish_now":"initial","rop_publish_now_accounts":{"facebook_10159540855086992_322828327761733":""},"rop_publish_now_history":[],"rop_publish_now_status":"pending","footnotes":""},"categories":[181],"tags":[121],"class_list":["post-475022","post","type-post","status-publish","format-standard","has-post-thumbnail","hentry","category-huejutla","tag-huejutla","entry"],"_links":{"self":[{"href":"https:\/\/www.zunoticia.com\/noticias-de-hidalgo\/wp-json\/wp\/v2\/posts\/475022","targetHints":{"allow":["GET"]}}],"collection":[{"href":"https:\/\/www.zunoticia.com\/noticias-de-hidalgo\/wp-json\/wp\/v2\/posts"}],"about":[{"href":"https:\/\/www.zunoticia.com\/noticias-de-hidalgo\/wp-json\/wp\/v2\/types\/post"}],"author":[{"embeddable":true,"href":"https:\/\/www.zunoticia.com\/noticias-de-hidalgo\/wp-json\/wp\/v2\/users\/20"}],"replies":[{"embeddable":true,"href":"https:\/\/www.zunoticia.com\/noticias-de-hidalgo\/wp-json\/wp\/v2\/comments?post=475022"}],"version-history":[{"count":1,"href":"https:\/\/www.zunoticia.com\/noticias-de-hidalgo\/wp-json\/wp\/v2\/posts\/475022\/revisions"}],"predecessor-version":[{"id":475024,"href":"https:\/\/www.zunoticia.com\/noticias-de-hidalgo\/wp-json\/wp\/v2\/posts\/475022\/revisions\/475024"}],"wp:featuredmedia":[{"embeddable":true,"href":"https:\/\/www.zunoticia.com\/noticias-de-hidalgo\/wp-json\/wp\/v2\/media\/475023"}],"wp:attachment":[{"href":"https:\/\/www.zunoticia.com\/noticias-de-hidalgo\/wp-json\/wp\/v2\/media?parent=475022"}],"wp:term":[{"taxonomy":"category","embeddable":true,"href":"https:\/\/www.zunoticia.com\/noticias-de-hidalgo\/wp-json\/wp\/v2\/categories?post=475022"},{"taxonomy":"post_tag","embeddable":true,"href":"https:\/\/www.zunoticia.com\/noticias-de-hidalgo\/wp-json\/wp\/v2\/tags?post=475022"}],"curies":[{"name":"wp","href":"https:\/\/api.w.org\/{rel}","templated":true}]}}