{"id":475037,"date":"2023-03-29T19:19:50","date_gmt":"2023-03-30T01:19:50","guid":{"rendered":"https:\/\/www.zunoticia.com\/noticias-de-hidalgo\/?p=475037"},"modified":"2023-03-29T19:19:52","modified_gmt":"2023-03-30T01:19:52","slug":"celebra-edda-vite-septimo-aniversario-de-la-casa-de-las-y-los-adolescentes","status":"publish","type":"post","link":"https:\/\/www.zunoticia.com\/noticias-de-hidalgo\/2023\/03\/29\/celebra-edda-vite-septimo-aniversario-de-la-casa-de-las-y-los-adolescentes\/","title":{"rendered":"Celebra Edda Vite S\u00e9ptimo Aniversario de la Casa de las y los Adolescentes"},"content":{"rendered":"<aside class=\"mashsb-container mashsb-main mashsb-stretched\"><div class=\"mashsb-box\"><div class=\"mashsb-count mash-large\" style=\"float:left\"><div class=\"counts mashsbcount\">18<\/div><span class=\"mashsb-sharetext\">SHARES<\/span><\/div><div class=\"mashsb-buttons\"><a class=\"mashicon-facebook mash-large mash-center mashsb-noshadow\" href=\"https:\/\/www.facebook.com\/sharer.php?u=https%3A%2F%2Fwww.zunoticia.com%2Fnoticias-de-hidalgo%2F2023%2F03%2F29%2Fcelebra-edda-vite-septimo-aniversario-de-la-casa-de-las-y-los-adolescentes%2F\" target=\"_top\" rel=\"nofollow\"><span class=\"icon\"><\/span><span class=\"text\">Share<\/span><\/a><a class=\"mashicon-twitter mash-large mash-center mashsb-noshadow\" href=\"https:\/\/twitter.com\/intent\/tweet?text=&amp;url=https:\/\/www.zunoticia.com\/noticias-de-hidalgo\/2023\/03\/29\/celebra-edda-vite-septimo-aniversario-de-la-casa-de-las-y-los-adolescentes\/\" target=\"_top\" rel=\"nofollow\"><span class=\"icon\"><\/span><span class=\"text\">Tweet<\/span><\/a><div class=\"onoffswitch2 mash-large mashsb-noshadow\" style=\"display:none\"><\/div><\/div>\n            <\/div>\n                <div style=\"clear:both\"><\/div><div class=\"mashsb-toggle-container\"><\/div><\/aside>\n            <!-- Share buttons by mashshare.net - Version: 4.0.47-->\n<ul class=\"wp-block-list\">\n<li>Desde 2016 este espacio brinda \u00e1reas culturales, de capacitaci\u00f3n y esparcimiento a la juventud hidalguense.<\/li>\n<\/ul>\n\n\n\n<p><em>Por Redacci\u00f3n\/Zunoticia<\/em><\/p>\n\n\n\n<p><strong>Pachuca, Hgo<\/strong> La presidenta del Patronato del Sistema DIFH, Edda Vite, celebr\u00f3 este 29 de marzo el s\u00e9ptimo aniversario de la Casa de las y los Adolescentes en medio de cursos, talleres y eventos deportivos para las y los j\u00f3venes hidalguenses de los Centros de Asistencia Social y grupos prioritarios.<\/p>\n\n\n\n<figure class=\"wp-block-image size-full\"><img fetchpriority=\"high\" decoding=\"async\" width=\"1024\" height=\"682\" src=\"https:\/\/www.zunoticia.com\/noticias-de-hidalgo\/wp-content\/uploads\/2023\/03\/eZy-Watermark-29-03-2023-06-58-53p.m..jpg\" alt=\"\" class=\"wp-image-475052\" srcset=\"https:\/\/www.zunoticia.com\/noticias-de-hidalgo\/wp-content\/uploads\/2023\/03\/eZy-Watermark-29-03-2023-06-58-53p.m..jpg 1024w, https:\/\/www.zunoticia.com\/noticias-de-hidalgo\/wp-content\/uploads\/2023\/03\/eZy-Watermark-29-03-2023-06-58-53p.m.-300x200.jpg 300w, https:\/\/www.zunoticia.com\/noticias-de-hidalgo\/wp-content\/uploads\/2023\/03\/eZy-Watermark-29-03-2023-06-58-53p.m.-768x512.jpg 768w\" sizes=\"(max-width: 1024px) 100vw, 1024px\" \/><\/figure>\n\n\n\n<p>Durante el evento protocolario la presidenta reconoci\u00f3 el reto asumido por las y los compa\u00f1eros que laboran en la Casa, ya que la pandemia orill\u00f3 al confinamiento y el hecho de impulsar las actividades para darles a las y los j\u00f3venes opciones reales y adecuadas a sus edades, lo cual implic\u00f3 la elaboraci\u00f3n de un Plan de Trabajo a favor de la adolescencia.<\/p>\n\n\n\n<p>Subray\u00f3 la necesidad de difundir las acciones impulsadas por la instituci\u00f3n en coordinaci\u00f3n con las Casas de la Ni\u00f1a y del Ni\u00f1o, ya que es importante dar a conocer a la sociedad en general, la labor que se lleva a cabo para fortalecer el desarrollo integral de las y los j\u00f3venes en condici\u00f3n prioritaria.<\/p>\n\n\n\n<figure class=\"wp-block-image size-full\"><img decoding=\"async\" width=\"1024\" height=\"682\" src=\"https:\/\/www.zunoticia.com\/noticias-de-hidalgo\/wp-content\/uploads\/2023\/03\/eZy-Watermark-29-03-2023-06-59-09p.m..jpg\" alt=\"\" class=\"wp-image-475051\" srcset=\"https:\/\/www.zunoticia.com\/noticias-de-hidalgo\/wp-content\/uploads\/2023\/03\/eZy-Watermark-29-03-2023-06-59-09p.m..jpg 1024w, https:\/\/www.zunoticia.com\/noticias-de-hidalgo\/wp-content\/uploads\/2023\/03\/eZy-Watermark-29-03-2023-06-59-09p.m.-300x200.jpg 300w, https:\/\/www.zunoticia.com\/noticias-de-hidalgo\/wp-content\/uploads\/2023\/03\/eZy-Watermark-29-03-2023-06-59-09p.m.-768x512.jpg 768w\" sizes=\"(max-width: 1024px) 100vw, 1024px\" \/><\/figure>\n\n\n\n<p>\u201cEl objetivo es que las y los adolescentes se acerquen a esta casa donde encuentran capacitaci\u00f3n, artes, educaci\u00f3n b\u00e1sica, actividades deportivas, recreativas y algo muy importante, que se&nbsp; trabaja tambi\u00e9n con el fortalecimiento de la salud mental. Todo ello les permite llevar una vida m\u00e1s sana, m\u00e1s libre y con mayor conocimiento\u201d, indic\u00f3 Edda Vite.<\/p>\n\n\n\n<p>La celebraci\u00f3n de este s\u00e9ptimo aniversario inici\u00f3 con la entrega y lectura de una carta por parte de la Direcci\u00f3n General de Desarrollo Curricular, de la Secretar\u00eda de Educaci\u00f3n P\u00fablica, en la cual alentaron a las y los adolescentes a hacer conciencia sobre tem\u00e1ticas como la igualdad de g\u00e9nero, la equidad y la relevancia de buscar entre todas y todos, un Hidalgo paritario.<\/p>\n\n\n\n<figure class=\"wp-block-image size-full\"><img decoding=\"async\" width=\"1024\" height=\"682\" src=\"https:\/\/www.zunoticia.com\/noticias-de-hidalgo\/wp-content\/uploads\/2023\/03\/eZy-Watermark-29-03-2023-06-59-29p.m..jpg\" alt=\"\" class=\"wp-image-475050\" srcset=\"https:\/\/www.zunoticia.com\/noticias-de-hidalgo\/wp-content\/uploads\/2023\/03\/eZy-Watermark-29-03-2023-06-59-29p.m..jpg 1024w, https:\/\/www.zunoticia.com\/noticias-de-hidalgo\/wp-content\/uploads\/2023\/03\/eZy-Watermark-29-03-2023-06-59-29p.m.-300x200.jpg 300w, https:\/\/www.zunoticia.com\/noticias-de-hidalgo\/wp-content\/uploads\/2023\/03\/eZy-Watermark-29-03-2023-06-59-29p.m.-768x512.jpg 768w\" sizes=\"(max-width: 1024px) 100vw, 1024px\" \/><\/figure>\n\n\n\n<p>Posteriormente, Edda Vite quien encabeza la Familia DIFH, inaugur\u00f3 el torneo cuadrangular varonil y femenil de f\u00fatbol cinco, en el que participaron chicas y chicos de la Casa de la Ni\u00f1a, del Ni\u00f1o y de los Adolescentes, quienes compitieron con los seleccionados de la Secundaria General N\u00famero 2 y de la Casa de la Mujer Hidalguense.<\/p>\n\n\n\n<p>Asimismo, arranc\u00f3 el ciclo de conferencias para orientar a la adolescencia participante, sobre temas como \u201cNegociaci\u00f3n del Uso del Cond\u00f3n\u201d y&nbsp; \u201cDiversidad Sexual\u201d. Dichas pl\u00e1ticas fueron impartidas por el Centro Ambulatorio para la Prevenci\u00f3n y Atenci\u00f3n en Sida e Infecciones Transmisi\u00f3n Sexual (CAPACITS) y el Centro Estatal de Cultura y Lenguas Ind\u00edgenas, respectivamente.<\/p>\n\n\n\n<p>Las y los j\u00f3venes disfrutaron de una ma\u00f1ana y tarde llena de actividades, entre las que destacaron: muestra de cine, de baile moderno, lucha libre, exhibici\u00f3n de bicicletas y m\u00fasica.&nbsp;<\/p>\n\n\n\n<p>Finalmente, el Sistema DIF Hidalgo agradeci\u00f3 a los patrocinadores de las actividades que enmarcaron el festejo del aniversario n\u00famero siete de esta instituci\u00f3n.<\/p>\n\n\n\n<p>En esta celebraci\u00f3n tambi\u00e9n estuvieron presentes Celia Chavar\u00edn, directora general de Asistencia Social; Mario \u00c1ngeles, encargado de la direcci\u00f3n de Protecci\u00f3n a la Ni\u00f1ez y Adolescencia, as\u00ed como Claudia Islas, coordinadora de la Casa de las y los Adolescentes.<\/p>\n","protected":false},"excerpt":{"rendered":"<p>Por Redacci\u00f3n\/Zunoticia Pachuca, Hgo La presidenta del Patronato del Sistema DIFH, Edda Vite, celebr\u00f3 este 29 de marzo el s\u00e9ptimo aniversario de la Casa de las y los Adolescentes en medio de cursos, talleres y eventos deportivos para las y los j\u00f3venes hidalguenses de los Centros de Asistencia Social y grupos prioritarios. Durante el evento&hellip; <a class=\"more-link\" href=\"https:\/\/www.zunoticia.com\/noticias-de-hidalgo\/2023\/03\/29\/celebra-edda-vite-septimo-aniversario-de-la-casa-de-las-y-los-adolescentes\/\">Seguir leyendo <span class=\"screen-reader-text\">Celebra Edda Vite S\u00e9ptimo Aniversario de la Casa de las y los Adolescentes<\/span><\/a><\/p>\n","protected":false},"author":12,"featured_media":475053,"comment_status":"closed","ping_status":"open","sticky":false,"template":"","format":"standard","meta":{"rop_custom_images_group":[],"rop_custom_messages_group":[],"rop_publish_now":"initial","rop_publish_now_accounts":{"facebook_10159540855086992_322828327761733":""},"rop_publish_now_history":[],"rop_publish_now_status":"pending","footnotes":""},"categories":[208],"tags":[214],"class_list":["post-475037","post","type-post","status-publish","format-standard","has-post-thumbnail","hentry","category-estado","tag-estado","entry"],"_links":{"self":[{"href":"https:\/\/www.zunoticia.com\/noticias-de-hidalgo\/wp-json\/wp\/v2\/posts\/475037","targetHints":{"allow":["GET"]}}],"collection":[{"href":"https:\/\/www.zunoticia.com\/noticias-de-hidalgo\/wp-json\/wp\/v2\/posts"}],"about":[{"href":"https:\/\/www.zunoticia.com\/noticias-de-hidalgo\/wp-json\/wp\/v2\/types\/post"}],"author":[{"embeddable":true,"href":"https:\/\/www.zunoticia.com\/noticias-de-hidalgo\/wp-json\/wp\/v2\/users\/12"}],"replies":[{"embeddable":true,"href":"https:\/\/www.zunoticia.com\/noticias-de-hidalgo\/wp-json\/wp\/v2\/comments?post=475037"}],"version-history":[{"count":1,"href":"https:\/\/www.zunoticia.com\/noticias-de-hidalgo\/wp-json\/wp\/v2\/posts\/475037\/revisions"}],"predecessor-version":[{"id":475056,"href":"https:\/\/www.zunoticia.com\/noticias-de-hidalgo\/wp-json\/wp\/v2\/posts\/475037\/revisions\/475056"}],"wp:featuredmedia":[{"embeddable":true,"href":"https:\/\/www.zunoticia.com\/noticias-de-hidalgo\/wp-json\/wp\/v2\/media\/475053"}],"wp:attachment":[{"href":"https:\/\/www.zunoticia.com\/noticias-de-hidalgo\/wp-json\/wp\/v2\/media?parent=475037"}],"wp:term":[{"taxonomy":"category","embeddable":true,"href":"https:\/\/www.zunoticia.com\/noticias-de-hidalgo\/wp-json\/wp\/v2\/categories?post=475037"},{"taxonomy":"post_tag","embeddable":true,"href":"https:\/\/www.zunoticia.com\/noticias-de-hidalgo\/wp-json\/wp\/v2\/tags?post=475037"}],"curies":[{"name":"wp","href":"https:\/\/api.w.org\/{rel}","templated":true}]}}