{"id":475060,"date":"2023-03-29T19:41:44","date_gmt":"2023-03-30T01:41:44","guid":{"rendered":"https:\/\/www.zunoticia.com\/noticias-de-hidalgo\/?p=475060"},"modified":"2023-03-29T19:41:45","modified_gmt":"2023-03-30T01:41:45","slug":"firman-convenio-para-mejorar-calidad-de-vida-de-los-alumnos","status":"publish","type":"post","link":"https:\/\/www.zunoticia.com\/noticias-de-hidalgo\/2023\/03\/29\/firman-convenio-para-mejorar-calidad-de-vida-de-los-alumnos\/","title":{"rendered":"Firman convenio para mejorar calidad de vida de los alumnos"},"content":{"rendered":"<aside class=\"mashsb-container mashsb-main mashsb-stretched\"><div class=\"mashsb-box\"><div class=\"mashsb-count mash-large\" style=\"float:left\"><div class=\"counts mashsbcount\">18<\/div><span class=\"mashsb-sharetext\">SHARES<\/span><\/div><div class=\"mashsb-buttons\"><a class=\"mashicon-facebook mash-large mash-center mashsb-noshadow\" href=\"https:\/\/www.facebook.com\/sharer.php?u=https%3A%2F%2Fwww.zunoticia.com%2Fnoticias-de-hidalgo%2F2023%2F03%2F29%2Ffirman-convenio-para-mejorar-calidad-de-vida-de-los-alumnos%2F\" target=\"_top\" rel=\"nofollow\"><span class=\"icon\"><\/span><span class=\"text\">Share<\/span><\/a><a class=\"mashicon-twitter mash-large mash-center mashsb-noshadow\" href=\"https:\/\/twitter.com\/intent\/tweet?text=&amp;url=https:\/\/www.zunoticia.com\/noticias-de-hidalgo\/2023\/03\/29\/firman-convenio-para-mejorar-calidad-de-vida-de-los-alumnos\/\" target=\"_top\" rel=\"nofollow\"><span class=\"icon\"><\/span><span class=\"text\">Tweet<\/span><\/a><div class=\"onoffswitch2 mash-large mashsb-noshadow\" style=\"display:none\"><\/div><\/div>\n            <\/div>\n                <div style=\"clear:both\"><\/div><div class=\"mashsb-toggle-container\"><\/div><\/aside>\n            <!-- Share buttons by mashshare.net - Version: 4.0.47-->\n<p><em>Por Roberto Meza\/Zunoticia<\/em><\/p>\n\n\n\n<p><strong>Tlanchinol, Hgo.-<\/strong> En un esfuerzo por mejorar la calidad de vida de los estudiantes que necesitan terapia f\u00edsica y de lenguaje, el Centro de Rehabilitaci\u00f3n \u00c1ngeles de Mar\u00eda (CRAM) y la Escuela Primaria &#8220;Justo Sierra&#8221; han firmado un convenio de colaboraci\u00f3n en el municipio.<\/p>\n\n\n\n<p>La firma del convenio tuvo lugar en la primaria, en el marco del D\u00eda de la Rehabilitaci\u00f3n, con la presencia de algunos padres de familia, de la directora del plantel, Rosa Yadira Medina Medina, el director general del CRAM, Jes\u00fas Vera Ruano, la gerente general del CRAM, Zulema Vera Ruano, as\u00ed como el presidente de la Asociaci\u00f3n de Padres de Familia, Cesar Medina Delgado, y Fabiola Medina Medina en representaci\u00f3n de los beneficiarios.<\/p>\n\n\n\n<p>El convenio permitir\u00e1 otorgar becas de hasta un 80% en los tratamientos a los ni\u00f1os y ni\u00f1as que asisten a la instituci\u00f3n educativa, lo que contribuir\u00e1 a su bienestar y desarrollo. Durante el evento de firma del convenio, se destac\u00f3 la importancia de la atenci\u00f3n temprana en ni\u00f1os y ni\u00f1as que requieren terapias de rehabilitaci\u00f3n para mejorar su calidad de vida.<\/p>\n\n\n\n<p>Adem\u00e1s, el CRAM tambi\u00e9n se comprometi\u00f3 a ser un centro de atenci\u00f3n inmediata en caso de que ocurra alguna emergencia en la escuela Justo Sierra, dando as\u00ed un ejemplo de la colaboraci\u00f3n entre instituciones p\u00fablicas y privadas en beneficio de la comunidad.<\/p>\n","protected":false},"excerpt":{"rendered":"<p>Por Roberto Meza\/Zunoticia Tlanchinol, Hgo.- En un esfuerzo por mejorar la calidad de vida de los estudiantes que necesitan terapia f\u00edsica y de lenguaje, el Centro de Rehabilitaci\u00f3n \u00c1ngeles de Mar\u00eda (CRAM) y la Escuela Primaria &#8220;Justo Sierra&#8221; han firmado un convenio de colaboraci\u00f3n en el municipio. La firma del convenio tuvo lugar en la&hellip; <a class=\"more-link\" href=\"https:\/\/www.zunoticia.com\/noticias-de-hidalgo\/2023\/03\/29\/firman-convenio-para-mejorar-calidad-de-vida-de-los-alumnos\/\">Seguir leyendo <span class=\"screen-reader-text\">Firman convenio para mejorar calidad de vida de los alumnos<\/span><\/a><\/p>\n","protected":false},"author":12,"featured_media":475044,"comment_status":"closed","ping_status":"open","sticky":false,"template":"","format":"standard","meta":{"rop_custom_images_group":[],"rop_custom_messages_group":[],"rop_publish_now":"initial","rop_publish_now_accounts":{"facebook_10159540855086992_322828327761733":""},"rop_publish_now_history":[],"rop_publish_now_status":"pending","footnotes":""},"categories":[219,201],"tags":[127],"class_list":["post-475060","post","type-post","status-publish","format-standard","has-post-thumbnail","hentry","category-sierra","category-tlanchinol","tag-tlanchinol","entry"],"_links":{"self":[{"href":"https:\/\/www.zunoticia.com\/noticias-de-hidalgo\/wp-json\/wp\/v2\/posts\/475060","targetHints":{"allow":["GET"]}}],"collection":[{"href":"https:\/\/www.zunoticia.com\/noticias-de-hidalgo\/wp-json\/wp\/v2\/posts"}],"about":[{"href":"https:\/\/www.zunoticia.com\/noticias-de-hidalgo\/wp-json\/wp\/v2\/types\/post"}],"author":[{"embeddable":true,"href":"https:\/\/www.zunoticia.com\/noticias-de-hidalgo\/wp-json\/wp\/v2\/users\/12"}],"replies":[{"embeddable":true,"href":"https:\/\/www.zunoticia.com\/noticias-de-hidalgo\/wp-json\/wp\/v2\/comments?post=475060"}],"version-history":[{"count":1,"href":"https:\/\/www.zunoticia.com\/noticias-de-hidalgo\/wp-json\/wp\/v2\/posts\/475060\/revisions"}],"predecessor-version":[{"id":475062,"href":"https:\/\/www.zunoticia.com\/noticias-de-hidalgo\/wp-json\/wp\/v2\/posts\/475060\/revisions\/475062"}],"wp:featuredmedia":[{"embeddable":true,"href":"https:\/\/www.zunoticia.com\/noticias-de-hidalgo\/wp-json\/wp\/v2\/media\/475044"}],"wp:attachment":[{"href":"https:\/\/www.zunoticia.com\/noticias-de-hidalgo\/wp-json\/wp\/v2\/media?parent=475060"}],"wp:term":[{"taxonomy":"category","embeddable":true,"href":"https:\/\/www.zunoticia.com\/noticias-de-hidalgo\/wp-json\/wp\/v2\/categories?post=475060"},{"taxonomy":"post_tag","embeddable":true,"href":"https:\/\/www.zunoticia.com\/noticias-de-hidalgo\/wp-json\/wp\/v2\/tags?post=475060"}],"curies":[{"name":"wp","href":"https:\/\/api.w.org\/{rel}","templated":true}]}}