{"id":475069,"date":"2023-03-29T20:05:44","date_gmt":"2023-03-30T02:05:44","guid":{"rendered":"https:\/\/www.zunoticia.com\/noticias-de-hidalgo\/?p=475069"},"modified":"2023-03-29T20:05:46","modified_gmt":"2023-03-30T02:05:46","slug":"nos-quitaron-el-telecable-y-ahora-no-podemos-ver-la-television-fls","status":"publish","type":"post","link":"https:\/\/www.zunoticia.com\/noticias-de-hidalgo\/2023\/03\/29\/nos-quitaron-el-telecable-y-ahora-no-podemos-ver-la-television-fls\/","title":{"rendered":"Nos quitaron el Telecable y ahora no podemos ver la televisi\u00f3n: FLS"},"content":{"rendered":"<aside class=\"mashsb-container mashsb-main mashsb-stretched\"><div class=\"mashsb-box\"><div class=\"mashsb-count mash-large\" style=\"float:left\"><div class=\"counts mashsbcount\">22<\/div><span class=\"mashsb-sharetext\">SHARES<\/span><\/div><div class=\"mashsb-buttons\"><a class=\"mashicon-facebook mash-large mash-center mashsb-noshadow\" href=\"https:\/\/www.facebook.com\/sharer.php?u=https%3A%2F%2Fwww.zunoticia.com%2Fnoticias-de-hidalgo%2F2023%2F03%2F29%2Fnos-quitaron-el-telecable-y-ahora-no-podemos-ver-la-television-fls%2F\" target=\"_top\" rel=\"nofollow\"><span class=\"icon\"><\/span><span class=\"text\">Share<\/span><\/a><a class=\"mashicon-twitter mash-large mash-center mashsb-noshadow\" href=\"https:\/\/twitter.com\/intent\/tweet?text=&amp;url=https:\/\/www.zunoticia.com\/noticias-de-hidalgo\/2023\/03\/29\/nos-quitaron-el-telecable-y-ahora-no-podemos-ver-la-television-fls\/\" target=\"_top\" rel=\"nofollow\"><span class=\"icon\"><\/span><span class=\"text\">Tweet<\/span><\/a><div class=\"onoffswitch2 mash-large mashsb-noshadow\" style=\"display:none\"><\/div><\/div>\n            <\/div>\n                <div style=\"clear:both\"><\/div><div class=\"mashsb-toggle-container\"><\/div><\/aside>\n            <!-- Share buttons by mashshare.net - Version: 4.0.47-->\n<p><em>Por Karen Rivera\/Zunoticia<\/em><\/p>\n\n\n\n<p><strong>Atlapexco, Hgo.-<\/strong> Hace aproximadamente un mes el Telecable fue suspendido en el municipio, afectando directamente a los habitantes del lugar.<\/p>\n\n\n\n<p>Fernando L\u00f3pez Segura, vecino del Barrio Abajo, inform\u00f3 que aproximadamente hace un mes personal de la empresa Telecable, acudi\u00f3 a realizar trabajos en el municipio, sin embargo, desde entonces la ciudadan\u00eda se ha quedado sin se\u00f1al de televisi\u00f3n.<\/p>\n\n\n\n<p>Coment\u00f3 que otra afectaci\u00f3n que tuvieron fue con la se\u00f1al de tel\u00e9fono fijo, no obstante, este desperfecto fue arreglado, mientras que la se\u00f1al de cable ya no funcion\u00f3.<\/p>\n\n\n\n<p>\u201cEl tel\u00e9fono ya funciona, pero no hay se\u00f1al en la televisi\u00f3n y ahora para entretenernos ponemos las canciones en la grabadora para hacer m\u00e1s ameno el d\u00eda\u201d, coment\u00f3 el adulto mayor.<\/p>\n\n\n\n<p>Finalmente a\u00f1adi\u00f3 que, desconocen por qu\u00e9 retiraron el servicio de Telecable.<\/p>\n","protected":false},"excerpt":{"rendered":"<p>Por Karen Rivera\/Zunoticia Atlapexco, Hgo.- Hace aproximadamente un mes el Telecable fue suspendido en el municipio, afectando directamente a los habitantes del lugar. Fernando L\u00f3pez Segura, vecino del Barrio Abajo, inform\u00f3 que aproximadamente hace un mes personal de la empresa Telecable, acudi\u00f3 a realizar trabajos en el municipio, sin embargo, desde entonces la ciudadan\u00eda se&hellip; <a class=\"more-link\" href=\"https:\/\/www.zunoticia.com\/noticias-de-hidalgo\/2023\/03\/29\/nos-quitaron-el-telecable-y-ahora-no-podemos-ver-la-television-fls\/\">Seguir leyendo <span class=\"screen-reader-text\">Nos quitaron el Telecable y ahora no podemos ver la televisi\u00f3n: FLS<\/span><\/a><\/p>\n","protected":false},"author":12,"featured_media":475046,"comment_status":"closed","ping_status":"open","sticky":false,"template":"","format":"standard","meta":{"rop_custom_images_group":[],"rop_custom_messages_group":[],"rop_publish_now":"initial","rop_publish_now_accounts":{"facebook_10159540855086992_322828327761733":""},"rop_publish_now_history":[],"rop_publish_now_status":"pending","footnotes":""},"categories":[182],"tags":[133],"class_list":["post-475069","post","type-post","status-publish","format-standard","has-post-thumbnail","hentry","category-atlapexco","tag-atlapexco","entry"],"_links":{"self":[{"href":"https:\/\/www.zunoticia.com\/noticias-de-hidalgo\/wp-json\/wp\/v2\/posts\/475069","targetHints":{"allow":["GET"]}}],"collection":[{"href":"https:\/\/www.zunoticia.com\/noticias-de-hidalgo\/wp-json\/wp\/v2\/posts"}],"about":[{"href":"https:\/\/www.zunoticia.com\/noticias-de-hidalgo\/wp-json\/wp\/v2\/types\/post"}],"author":[{"embeddable":true,"href":"https:\/\/www.zunoticia.com\/noticias-de-hidalgo\/wp-json\/wp\/v2\/users\/12"}],"replies":[{"embeddable":true,"href":"https:\/\/www.zunoticia.com\/noticias-de-hidalgo\/wp-json\/wp\/v2\/comments?post=475069"}],"version-history":[{"count":1,"href":"https:\/\/www.zunoticia.com\/noticias-de-hidalgo\/wp-json\/wp\/v2\/posts\/475069\/revisions"}],"predecessor-version":[{"id":475073,"href":"https:\/\/www.zunoticia.com\/noticias-de-hidalgo\/wp-json\/wp\/v2\/posts\/475069\/revisions\/475073"}],"wp:featuredmedia":[{"embeddable":true,"href":"https:\/\/www.zunoticia.com\/noticias-de-hidalgo\/wp-json\/wp\/v2\/media\/475046"}],"wp:attachment":[{"href":"https:\/\/www.zunoticia.com\/noticias-de-hidalgo\/wp-json\/wp\/v2\/media?parent=475069"}],"wp:term":[{"taxonomy":"category","embeddable":true,"href":"https:\/\/www.zunoticia.com\/noticias-de-hidalgo\/wp-json\/wp\/v2\/categories?post=475069"},{"taxonomy":"post_tag","embeddable":true,"href":"https:\/\/www.zunoticia.com\/noticias-de-hidalgo\/wp-json\/wp\/v2\/tags?post=475069"}],"curies":[{"name":"wp","href":"https:\/\/api.w.org\/{rel}","templated":true}]}}