{"id":475087,"date":"2023-03-29T20:57:22","date_gmt":"2023-03-30T02:57:22","guid":{"rendered":"https:\/\/www.zunoticia.com\/noticias-de-hidalgo\/?p=475087"},"modified":"2023-03-29T20:57:23","modified_gmt":"2023-03-30T02:57:23","slug":"guillermo-olivares-y-alejandro-velazquez-acudieron-a-la-sesion-ordinaria-119-del-congreso","status":"publish","type":"post","link":"https:\/\/www.zunoticia.com\/noticias-de-hidalgo\/2023\/03\/29\/guillermo-olivares-y-alejandro-velazquez-acudieron-a-la-sesion-ordinaria-119-del-congreso\/","title":{"rendered":"Guillermo Olivares y Alejandro Vel\u00e1zquez acudieron a la Sesi\u00f3n Ordinaria 119 del Congreso"},"content":{"rendered":"<aside class=\"mashsb-container mashsb-main mashsb-stretched\"><div class=\"mashsb-box\"><div class=\"mashsb-count mash-large\" style=\"float:left\"><div class=\"counts mashsbcount\">59<\/div><span class=\"mashsb-sharetext\">SHARES<\/span><\/div><div class=\"mashsb-buttons\"><a class=\"mashicon-facebook mash-large mash-center mashsb-noshadow\" href=\"https:\/\/www.facebook.com\/sharer.php?u=https%3A%2F%2Fwww.zunoticia.com%2Fnoticias-de-hidalgo%2F2023%2F03%2F29%2Fguillermo-olivares-y-alejandro-velazquez-acudieron-a-la-sesion-ordinaria-119-del-congreso%2F\" target=\"_top\" rel=\"nofollow\"><span class=\"icon\"><\/span><span class=\"text\">Share<\/span><\/a><a class=\"mashicon-twitter mash-large mash-center mashsb-noshadow\" href=\"https:\/\/twitter.com\/intent\/tweet?text=&amp;url=https:\/\/www.zunoticia.com\/noticias-de-hidalgo\/2023\/03\/29\/guillermo-olivares-y-alejandro-velazquez-acudieron-a-la-sesion-ordinaria-119-del-congreso\/\" target=\"_top\" rel=\"nofollow\"><span class=\"icon\"><\/span><span class=\"text\">Tweet<\/span><\/a><div class=\"onoffswitch2 mash-large mashsb-noshadow\" style=\"display:none\"><\/div><\/div>\n            <\/div>\n                <div style=\"clear:both\"><\/div><div class=\"mashsb-toggle-container\"><\/div><\/aside>\n            <!-- Share buttons by mashshare.net - Version: 4.0.47-->\n<p><em>Por Redacci\u00f3n\/Zunoticia<\/em><\/p>\n\n\n\n<p><strong>Pachuca, Hgo<\/strong>.- El secretario de Gobierno, Guillermo Olivares, y el titular de la Secretar\u00eda del Despacho de la Persona Titular del Poder Ejecutivo, Alejandro Vel\u00e1zquez, por invitaci\u00f3n de las y los diputados locales, acudieron al Congreso del Estado de Hidalgo para presenciar el desarrollo de la Sesi\u00f3n Ordinaria 119, en donde se aprob\u00f3 la nueva Ley Org\u00e1nica de la Administraci\u00f3n P\u00fablica para el Estado Hidalgo, la cual permite darle cauce a la reingenier\u00eda gubernamental y fortalecer las instituciones p\u00fablicas.<\/p>\n\n\n\n<figure class=\"wp-block-image size-full\"><img fetchpriority=\"high\" decoding=\"async\" width=\"1024\" height=\"683\" src=\"https:\/\/www.zunoticia.com\/noticias-de-hidalgo\/wp-content\/uploads\/2023\/03\/eZy-Watermark-29-03-2023-08-55-02p.m..jpg\" alt=\"\" class=\"wp-image-475094\" srcset=\"https:\/\/www.zunoticia.com\/noticias-de-hidalgo\/wp-content\/uploads\/2023\/03\/eZy-Watermark-29-03-2023-08-55-02p.m..jpg 1024w, https:\/\/www.zunoticia.com\/noticias-de-hidalgo\/wp-content\/uploads\/2023\/03\/eZy-Watermark-29-03-2023-08-55-02p.m.-300x200.jpg 300w, https:\/\/www.zunoticia.com\/noticias-de-hidalgo\/wp-content\/uploads\/2023\/03\/eZy-Watermark-29-03-2023-08-55-02p.m.-768x512.jpg 768w\" sizes=\"(max-width: 1024px) 100vw, 1024px\" \/><\/figure>\n\n\n\n<p>Durante dicha sesi\u00f3n tambi\u00e9n se aprobaron las reformas y adiciones al Art\u00edculo 3\u00b0 de la Constituci\u00f3n Pol\u00edtica del Estado de Hidalgo, para incorporar el derecho de las personas a una buena administraci\u00f3n p\u00fablica, que consiste en un gobierno eficaz, eficiente, honesto, austero, \u00e9tico, legal, transparente, con igualdad y equidad.<\/p>\n\n\n\n<p>La aprobaci\u00f3n por unanimidad, tanto de la nueva Ley Org\u00e1nica, como de las reformas y adiciones al Art\u00edculo 3\u00b0, es muestra de la confianza que tiene el pueblo hidalguense en el mandatario estatal, Julio Menchaca Salazar, y del trabajo coordinado que se tiene con todo el Poder Legislativo para construir el Hidalgo que queremos.<\/p>\n","protected":false},"excerpt":{"rendered":"<p>Por Redacci\u00f3n\/Zunoticia Pachuca, Hgo.- El secretario de Gobierno, Guillermo Olivares, y el titular de la Secretar\u00eda del Despacho de la Persona Titular del Poder Ejecutivo, Alejandro Vel\u00e1zquez, por invitaci\u00f3n de las y los diputados locales, acudieron al Congreso del Estado de Hidalgo para presenciar el desarrollo de la Sesi\u00f3n Ordinaria 119, en donde se aprob\u00f3&hellip; <a class=\"more-link\" href=\"https:\/\/www.zunoticia.com\/noticias-de-hidalgo\/2023\/03\/29\/guillermo-olivares-y-alejandro-velazquez-acudieron-a-la-sesion-ordinaria-119-del-congreso\/\">Seguir leyendo <span class=\"screen-reader-text\">Guillermo Olivares y Alejandro Vel\u00e1zquez acudieron a la Sesi\u00f3n Ordinaria 119 del Congreso<\/span><\/a><\/p>\n","protected":false},"author":12,"featured_media":475093,"comment_status":"closed","ping_status":"open","sticky":false,"template":"","format":"standard","meta":{"rop_custom_images_group":[],"rop_custom_messages_group":[],"rop_publish_now":"initial","rop_publish_now_accounts":{"facebook_10159540855086992_322828327761733":""},"rop_publish_now_history":[],"rop_publish_now_status":"pending","footnotes":""},"categories":[208],"tags":[214],"class_list":["post-475087","post","type-post","status-publish","format-standard","has-post-thumbnail","hentry","category-estado","tag-estado","entry"],"_links":{"self":[{"href":"https:\/\/www.zunoticia.com\/noticias-de-hidalgo\/wp-json\/wp\/v2\/posts\/475087","targetHints":{"allow":["GET"]}}],"collection":[{"href":"https:\/\/www.zunoticia.com\/noticias-de-hidalgo\/wp-json\/wp\/v2\/posts"}],"about":[{"href":"https:\/\/www.zunoticia.com\/noticias-de-hidalgo\/wp-json\/wp\/v2\/types\/post"}],"author":[{"embeddable":true,"href":"https:\/\/www.zunoticia.com\/noticias-de-hidalgo\/wp-json\/wp\/v2\/users\/12"}],"replies":[{"embeddable":true,"href":"https:\/\/www.zunoticia.com\/noticias-de-hidalgo\/wp-json\/wp\/v2\/comments?post=475087"}],"version-history":[{"count":1,"href":"https:\/\/www.zunoticia.com\/noticias-de-hidalgo\/wp-json\/wp\/v2\/posts\/475087\/revisions"}],"predecessor-version":[{"id":475095,"href":"https:\/\/www.zunoticia.com\/noticias-de-hidalgo\/wp-json\/wp\/v2\/posts\/475087\/revisions\/475095"}],"wp:featuredmedia":[{"embeddable":true,"href":"https:\/\/www.zunoticia.com\/noticias-de-hidalgo\/wp-json\/wp\/v2\/media\/475093"}],"wp:attachment":[{"href":"https:\/\/www.zunoticia.com\/noticias-de-hidalgo\/wp-json\/wp\/v2\/media?parent=475087"}],"wp:term":[{"taxonomy":"category","embeddable":true,"href":"https:\/\/www.zunoticia.com\/noticias-de-hidalgo\/wp-json\/wp\/v2\/categories?post=475087"},{"taxonomy":"post_tag","embeddable":true,"href":"https:\/\/www.zunoticia.com\/noticias-de-hidalgo\/wp-json\/wp\/v2\/tags?post=475087"}],"curies":[{"name":"wp","href":"https:\/\/api.w.org\/{rel}","templated":true}]}}