{"id":475678,"date":"2023-04-03T12:13:25","date_gmt":"2023-04-03T18:13:25","guid":{"rendered":"https:\/\/www.zunoticia.com\/noticias-de-hidalgo\/?p=475678"},"modified":"2023-04-03T12:13:26","modified_gmt":"2023-04-03T18:13:26","slug":"sayonara-aboga-por-trabajadores-del-sistema-de-justicia-laboral","status":"publish","type":"post","link":"https:\/\/www.zunoticia.com\/noticias-de-hidalgo\/2023\/04\/03\/sayonara-aboga-por-trabajadores-del-sistema-de-justicia-laboral\/","title":{"rendered":"Sayonara aboga por trabajadores del sistema de justicia laboral"},"content":{"rendered":"<aside class=\"mashsb-container mashsb-main mashsb-stretched\"><div class=\"mashsb-box\"><div class=\"mashsb-count mash-large\" style=\"float:left\"><div class=\"counts mashsbcount\">35<\/div><span class=\"mashsb-sharetext\">SHARES<\/span><\/div><div class=\"mashsb-buttons\"><a class=\"mashicon-facebook mash-large mash-center mashsb-noshadow\" href=\"https:\/\/www.facebook.com\/sharer.php?u=https%3A%2F%2Fwww.zunoticia.com%2Fnoticias-de-hidalgo%2F2023%2F04%2F03%2Fsayonara-aboga-por-trabajadores-del-sistema-de-justicia-laboral%2F\" target=\"_top\" rel=\"nofollow\"><span class=\"icon\"><\/span><span class=\"text\">Share<\/span><\/a><a class=\"mashicon-twitter mash-large mash-center mashsb-noshadow\" href=\"https:\/\/twitter.com\/intent\/tweet?text=&amp;url=https:\/\/www.zunoticia.com\/noticias-de-hidalgo\/2023\/04\/03\/sayonara-aboga-por-trabajadores-del-sistema-de-justicia-laboral\/\" target=\"_top\" rel=\"nofollow\"><span class=\"icon\"><\/span><span class=\"text\">Tweet<\/span><\/a><div class=\"onoffswitch2 mash-large mashsb-noshadow\" style=\"display:none\"><\/div><\/div>\n            <\/div>\n                <div style=\"clear:both\"><\/div><div class=\"mashsb-toggle-container\"><\/div><\/aside>\n            <!-- Share buttons by mashshare.net - Version: 4.0.47-->\n<p><\/p>\n\n\n\n<p><em>Por Redacci\u00f3n\/Zunoticia<\/em><\/p>\n\n\n\n<p><strong>Cd de M\u00e9xico.<\/strong>&#8211; La legisladora federal present\u00f3 una iniciativa para modificar los art\u00edculos transitorios de la Reforma a la Ley Federal del Trabajo del 2019, que establece el Nuevo Modelo de Justicia Laboral en M\u00e9xico.<\/p>\n\n\n\n<p>-Refiri\u00f3 que la Reforma establece la obligaci\u00f3n de concluir la labor de las Juntas Locales y Federales de Conciliaci\u00f3n y Arbitraje, pero no prev\u00e9 un plan interinstitucional de trabajo.<\/p>\n\n\n\n<p>Indic\u00f3 que desde 2019 y a la fecha, se ha generado una crisis por la acumulaci\u00f3n de expedientes de juicios laborales y una omisi\u00f3n al respeto de los derechos de las y los trabajadores de las Juntas de Conciliaci\u00f3n que pr\u00f3ximamente dejar\u00e1n de funcionar.<\/p>\n\n\n\n<p>Por lo que en su iniciativa propone un plan de trabajo con criterios espec\u00edficos para darle celeridad a los expedientes y permite la continuidad de la relaci\u00f3n laboral para las y los trabajadores de las Juntas de Conciliaci\u00f3n, en los mismos t\u00e9rminos que se ven\u00edan desempe\u00f1ando.<\/p>\n\n\n\n<p>\u201cDurante la pandemia se incrementaron severamente los despidos, las Procuradur\u00edas de Defensa al Trabajo y las Juntas de Conciliaci\u00f3n no se daban abasto, hoy no podemos olvidar al sector de trabajadores que forman parte de estas instancias, el Nuevo Modelo Laboral debe incluir y respetar los derechos de todas y todos, incluyendo a los de sus propios empleados\u201d dijo.<\/p>\n","protected":false},"excerpt":{"rendered":"<p>Por Redacci\u00f3n\/Zunoticia Cd de M\u00e9xico.&#8211; La legisladora federal present\u00f3 una iniciativa para modificar los art\u00edculos transitorios de la Reforma a la Ley Federal del Trabajo del 2019, que establece el Nuevo Modelo de Justicia Laboral en M\u00e9xico. -Refiri\u00f3 que la Reforma establece la obligaci\u00f3n de concluir la labor de las Juntas Locales y Federales de&hellip; <a class=\"more-link\" href=\"https:\/\/www.zunoticia.com\/noticias-de-hidalgo\/2023\/04\/03\/sayonara-aboga-por-trabajadores-del-sistema-de-justicia-laboral\/\">Seguir leyendo <span class=\"screen-reader-text\">Sayonara aboga por trabajadores del sistema de justicia laboral<\/span><\/a><\/p>\n","protected":false},"author":20,"featured_media":475679,"comment_status":"closed","ping_status":"open","sticky":false,"template":"","format":"standard","meta":{"rop_custom_images_group":[],"rop_custom_messages_group":[],"rop_publish_now":"initial","rop_publish_now_accounts":{"facebook_10159540855086992_322828327761733":""},"rop_publish_now_history":[],"rop_publish_now_status":"pending","footnotes":""},"categories":[218],"tags":[217],"class_list":["post-475678","post","type-post","status-publish","format-standard","has-post-thumbnail","hentry","category-nacional","tag-nacional","entry"],"_links":{"self":[{"href":"https:\/\/www.zunoticia.com\/noticias-de-hidalgo\/wp-json\/wp\/v2\/posts\/475678","targetHints":{"allow":["GET"]}}],"collection":[{"href":"https:\/\/www.zunoticia.com\/noticias-de-hidalgo\/wp-json\/wp\/v2\/posts"}],"about":[{"href":"https:\/\/www.zunoticia.com\/noticias-de-hidalgo\/wp-json\/wp\/v2\/types\/post"}],"author":[{"embeddable":true,"href":"https:\/\/www.zunoticia.com\/noticias-de-hidalgo\/wp-json\/wp\/v2\/users\/20"}],"replies":[{"embeddable":true,"href":"https:\/\/www.zunoticia.com\/noticias-de-hidalgo\/wp-json\/wp\/v2\/comments?post=475678"}],"version-history":[{"count":1,"href":"https:\/\/www.zunoticia.com\/noticias-de-hidalgo\/wp-json\/wp\/v2\/posts\/475678\/revisions"}],"predecessor-version":[{"id":475680,"href":"https:\/\/www.zunoticia.com\/noticias-de-hidalgo\/wp-json\/wp\/v2\/posts\/475678\/revisions\/475680"}],"wp:featuredmedia":[{"embeddable":true,"href":"https:\/\/www.zunoticia.com\/noticias-de-hidalgo\/wp-json\/wp\/v2\/media\/475679"}],"wp:attachment":[{"href":"https:\/\/www.zunoticia.com\/noticias-de-hidalgo\/wp-json\/wp\/v2\/media?parent=475678"}],"wp:term":[{"taxonomy":"category","embeddable":true,"href":"https:\/\/www.zunoticia.com\/noticias-de-hidalgo\/wp-json\/wp\/v2\/categories?post=475678"},{"taxonomy":"post_tag","embeddable":true,"href":"https:\/\/www.zunoticia.com\/noticias-de-hidalgo\/wp-json\/wp\/v2\/tags?post=475678"}],"curies":[{"name":"wp","href":"https:\/\/api.w.org\/{rel}","templated":true}]}}