{"id":475685,"date":"2023-04-03T13:30:57","date_gmt":"2023-04-03T19:30:57","guid":{"rendered":"https:\/\/www.zunoticia.com\/noticias-de-hidalgo\/?p=475685"},"modified":"2023-04-03T13:30:58","modified_gmt":"2023-04-03T19:30:58","slug":"mantenimiento-de-luminarias-realizo-alumbrado-publico-en-la-zona-centro","status":"publish","type":"post","link":"https:\/\/www.zunoticia.com\/noticias-de-hidalgo\/2023\/04\/03\/mantenimiento-de-luminarias-realizo-alumbrado-publico-en-la-zona-centro\/","title":{"rendered":"Mantenimiento de luminarias realiz\u00f3 Alumbrado P\u00fablico en la zona centro"},"content":{"rendered":"<aside class=\"mashsb-container mashsb-main mashsb-stretched\"><div class=\"mashsb-box\"><div class=\"mashsb-count mash-large\" style=\"float:left\"><div class=\"counts mashsbcount\">45<\/div><span class=\"mashsb-sharetext\">SHARES<\/span><\/div><div class=\"mashsb-buttons\"><a class=\"mashicon-facebook mash-large mash-center mashsb-noshadow\" href=\"https:\/\/www.facebook.com\/sharer.php?u=https%3A%2F%2Fwww.zunoticia.com%2Fnoticias-de-hidalgo%2F2023%2F04%2F03%2Fmantenimiento-de-luminarias-realizo-alumbrado-publico-en-la-zona-centro%2F\" target=\"_top\" rel=\"nofollow\"><span class=\"icon\"><\/span><span class=\"text\">Share<\/span><\/a><a class=\"mashicon-twitter mash-large mash-center mashsb-noshadow\" href=\"https:\/\/twitter.com\/intent\/tweet?text=&amp;url=https:\/\/www.zunoticia.com\/noticias-de-hidalgo\/2023\/04\/03\/mantenimiento-de-luminarias-realizo-alumbrado-publico-en-la-zona-centro\/\" target=\"_top\" rel=\"nofollow\"><span class=\"icon\"><\/span><span class=\"text\">Tweet<\/span><\/a><div class=\"onoffswitch2 mash-large mashsb-noshadow\" style=\"display:none\"><\/div><\/div>\n            <\/div>\n                <div style=\"clear:both\"><\/div><div class=\"mashsb-toggle-container\"><\/div><\/aside>\n            <!-- Share buttons by mashshare.net - Version: 4.0.47-->\n<p><\/p>\n\n\n\n<p><em>Por Karen Rivera\/ Zunoticia<\/em><\/p>\n\n\n\n<p><strong>Huejutla de Reyes, Hgo<\/strong>.- Con la finalidad de prestar una buena imagen a los visitantes durante la presente temporada, la Coordinaci\u00f3n de Alumbrado P\u00fablico, lleva a cabo trabajos de mantenimiento en&nbsp; el centro hist\u00f3rico y la plaza 21 de Mayo.<\/p>\n\n\n\n<p>Obed Beltr\u00e1n Maya, coordinador de Alumbrado P\u00fablico Municipal, inform\u00f3 que, durante la ma\u00f1ana del 3 de abril, en las palmeras de la plaza principal se realiz\u00f3 el cambio de luminarias y de cableado nuevo, con el prop\u00f3sito de mejorar la visibilidad en el lugar.<\/p>\n\n\n\n<p>Coment\u00f3 que la recomendaci\u00f3n del presidente municipal, Daniel Andrade Zurutuza, ha sido atender diariamente las l\u00e1mparas para que el centro hist\u00f3rico est\u00e9 en perfectas condiciones.<\/p>\n\n\n\n<p>\u201cEstamos revisando las l\u00e1mparas de las palmeras, colocamos cable nuevo y les pusimos cadenas a las palmeras porque anteriormente ten\u00edan alambre y eso hizo que se secaran las palmeras\u201d, cit\u00f3.<\/p>\n\n\n\n<p>Dijo que, \u201cen la plaza del reloj por indicaciones de nuestro presidente vamos a poner reflectores, para que toda la gente que nos est\u00e1 visitando tenga una buena imagen de nuestro Huejutla\u201d.<\/p>\n\n\n\n<p>Foto: La coordinaci\u00f3n de Alumbrado P\u00fablico llev\u00f3 a cabo el mantenimiento de las luminarias en el centro hist\u00f3rico.<\/p>\n","protected":false},"excerpt":{"rendered":"<p>Por Karen Rivera\/ Zunoticia Huejutla de Reyes, Hgo.- Con la finalidad de prestar una buena imagen a los visitantes durante la presente temporada, la Coordinaci\u00f3n de Alumbrado P\u00fablico, lleva a cabo trabajos de mantenimiento en&nbsp; el centro hist\u00f3rico y la plaza 21 de Mayo. Obed Beltr\u00e1n Maya, coordinador de Alumbrado P\u00fablico Municipal, inform\u00f3 que, durante&hellip; <a class=\"more-link\" href=\"https:\/\/www.zunoticia.com\/noticias-de-hidalgo\/2023\/04\/03\/mantenimiento-de-luminarias-realizo-alumbrado-publico-en-la-zona-centro\/\">Seguir leyendo <span class=\"screen-reader-text\">Mantenimiento de luminarias realiz\u00f3 Alumbrado P\u00fablico en la zona centro<\/span><\/a><\/p>\n","protected":false},"author":20,"featured_media":475686,"comment_status":"closed","ping_status":"open","sticky":false,"template":"","format":"standard","meta":{"rop_custom_images_group":[],"rop_custom_messages_group":[],"rop_publish_now":"initial","rop_publish_now_accounts":{"facebook_10159540855086992_322828327761733":""},"rop_publish_now_history":[],"rop_publish_now_status":"pending","footnotes":""},"categories":[181],"tags":[121],"class_list":["post-475685","post","type-post","status-publish","format-standard","has-post-thumbnail","hentry","category-huejutla","tag-huejutla","entry"],"_links":{"self":[{"href":"https:\/\/www.zunoticia.com\/noticias-de-hidalgo\/wp-json\/wp\/v2\/posts\/475685","targetHints":{"allow":["GET"]}}],"collection":[{"href":"https:\/\/www.zunoticia.com\/noticias-de-hidalgo\/wp-json\/wp\/v2\/posts"}],"about":[{"href":"https:\/\/www.zunoticia.com\/noticias-de-hidalgo\/wp-json\/wp\/v2\/types\/post"}],"author":[{"embeddable":true,"href":"https:\/\/www.zunoticia.com\/noticias-de-hidalgo\/wp-json\/wp\/v2\/users\/20"}],"replies":[{"embeddable":true,"href":"https:\/\/www.zunoticia.com\/noticias-de-hidalgo\/wp-json\/wp\/v2\/comments?post=475685"}],"version-history":[{"count":1,"href":"https:\/\/www.zunoticia.com\/noticias-de-hidalgo\/wp-json\/wp\/v2\/posts\/475685\/revisions"}],"predecessor-version":[{"id":475687,"href":"https:\/\/www.zunoticia.com\/noticias-de-hidalgo\/wp-json\/wp\/v2\/posts\/475685\/revisions\/475687"}],"wp:featuredmedia":[{"embeddable":true,"href":"https:\/\/www.zunoticia.com\/noticias-de-hidalgo\/wp-json\/wp\/v2\/media\/475686"}],"wp:attachment":[{"href":"https:\/\/www.zunoticia.com\/noticias-de-hidalgo\/wp-json\/wp\/v2\/media?parent=475685"}],"wp:term":[{"taxonomy":"category","embeddable":true,"href":"https:\/\/www.zunoticia.com\/noticias-de-hidalgo\/wp-json\/wp\/v2\/categories?post=475685"},{"taxonomy":"post_tag","embeddable":true,"href":"https:\/\/www.zunoticia.com\/noticias-de-hidalgo\/wp-json\/wp\/v2\/tags?post=475685"}],"curies":[{"name":"wp","href":"https:\/\/api.w.org\/{rel}","templated":true}]}}