{"id":475696,"date":"2023-04-03T13:55:22","date_gmt":"2023-04-03T19:55:22","guid":{"rendered":"https:\/\/www.zunoticia.com\/noticias-de-hidalgo\/?p=475696"},"modified":"2023-04-03T13:55:23","modified_gmt":"2023-04-03T19:55:23","slug":"reparto-de-utilidades-debe-hacerse-en-abril-y-mayo","status":"publish","type":"post","link":"https:\/\/www.zunoticia.com\/noticias-de-hidalgo\/2023\/04\/03\/reparto-de-utilidades-debe-hacerse-en-abril-y-mayo\/","title":{"rendered":"Reparto de utilidades debe hacerse en abril y mayo"},"content":{"rendered":"<aside class=\"mashsb-container mashsb-main mashsb-stretched\"><div class=\"mashsb-box\"><div class=\"mashsb-count mash-large\" style=\"float:left\"><div class=\"counts mashsbcount\">14<\/div><span class=\"mashsb-sharetext\">SHARES<\/span><\/div><div class=\"mashsb-buttons\"><a class=\"mashicon-facebook mash-large mash-center mashsb-noshadow\" href=\"https:\/\/www.facebook.com\/sharer.php?u=https%3A%2F%2Fwww.zunoticia.com%2Fnoticias-de-hidalgo%2F2023%2F04%2F03%2Freparto-de-utilidades-debe-hacerse-en-abril-y-mayo%2F\" target=\"_top\" rel=\"nofollow\"><span class=\"icon\"><\/span><span class=\"text\">Share<\/span><\/a><a class=\"mashicon-twitter mash-large mash-center mashsb-noshadow\" href=\"https:\/\/twitter.com\/intent\/tweet?text=&amp;url=https:\/\/www.zunoticia.com\/noticias-de-hidalgo\/2023\/04\/03\/reparto-de-utilidades-debe-hacerse-en-abril-y-mayo\/\" target=\"_top\" rel=\"nofollow\"><span class=\"icon\"><\/span><span class=\"text\">Tweet<\/span><\/a><div class=\"onoffswitch2 mash-large mashsb-noshadow\" style=\"display:none\"><\/div><\/div>\n            <\/div>\n                <div style=\"clear:both\"><\/div><div class=\"mashsb-toggle-container\"><\/div><\/aside>\n            <!-- Share buttons by mashshare.net - Version: 4.0.47-->\n<p><\/p>\n\n\n\n<p><em>Por Enedino Hern\u00e1ndez\/Zunoticia<\/em><\/p>\n\n\n\n<p><strong>Huejutla, Hgo<\/strong>.- \u201cEl reparto de utilidades al que tienen derecho todos los trabajadores de las empresas y est\u00e1 debidamente marcado en las leyes, debe pagarse durante el periodo m\u00e1ximo comprendido de abril a mayo\u201d, as\u00ed lo se\u00f1al\u00f3 el abogado, Jairo Alfonso Mar Reyes.<\/p>\n\n\n\n<p>Se\u00f1al\u00f3 que en la zona huasteca todo parece indicar que las empresas cumplen puntualmente con esta obligaci\u00f3n, ya que en a\u00f1os anteriores no se han tenido quejas por parte de los trabajadores por este motivo.<\/p>\n\n\n\n<p>Detall\u00f3 que el reparto de utilidades est\u00e1 estipulado claramente por ley \u201chasta el momento no se han tenido quejas por esta situaci\u00f3n, lo que indica que las empresas cumplen puntualmente con ese derecho que tienen los trabajadores\u201d.<\/p>\n\n\n\n<p>Asimismo, invit\u00f3 a los trabajadores de las empresas que tienen ciertas dudas relacionadas con el reparto de utilidades o que las empresas no les otorguen este derecho, que acudan ante un abogado a solicitar la asesor\u00eda correspondiente.<\/p>\n\n\n\n<p><\/p>\n\n\n\n<p><\/p>\n","protected":false},"excerpt":{"rendered":"<p>Por Enedino Hern\u00e1ndez\/Zunoticia Huejutla, Hgo.- \u201cEl reparto de utilidades al que tienen derecho todos los trabajadores de las empresas y est\u00e1 debidamente marcado en las leyes, debe pagarse durante el periodo m\u00e1ximo comprendido de abril a mayo\u201d, as\u00ed lo se\u00f1al\u00f3 el abogado, Jairo Alfonso Mar Reyes. Se\u00f1al\u00f3 que en la zona huasteca todo parece indicar&hellip; <a class=\"more-link\" href=\"https:\/\/www.zunoticia.com\/noticias-de-hidalgo\/2023\/04\/03\/reparto-de-utilidades-debe-hacerse-en-abril-y-mayo\/\">Seguir leyendo <span class=\"screen-reader-text\">Reparto de utilidades debe hacerse en abril y mayo<\/span><\/a><\/p>\n","protected":false},"author":20,"featured_media":475697,"comment_status":"closed","ping_status":"open","sticky":false,"template":"","format":"standard","meta":{"rop_custom_images_group":[],"rop_custom_messages_group":[],"rop_publish_now":"initial","rop_publish_now_accounts":{"facebook_10159540855086992_322828327761733":""},"rop_publish_now_history":[],"rop_publish_now_status":"pending","footnotes":""},"categories":[181],"tags":[121],"class_list":["post-475696","post","type-post","status-publish","format-standard","has-post-thumbnail","hentry","category-huejutla","tag-huejutla","entry"],"_links":{"self":[{"href":"https:\/\/www.zunoticia.com\/noticias-de-hidalgo\/wp-json\/wp\/v2\/posts\/475696","targetHints":{"allow":["GET"]}}],"collection":[{"href":"https:\/\/www.zunoticia.com\/noticias-de-hidalgo\/wp-json\/wp\/v2\/posts"}],"about":[{"href":"https:\/\/www.zunoticia.com\/noticias-de-hidalgo\/wp-json\/wp\/v2\/types\/post"}],"author":[{"embeddable":true,"href":"https:\/\/www.zunoticia.com\/noticias-de-hidalgo\/wp-json\/wp\/v2\/users\/20"}],"replies":[{"embeddable":true,"href":"https:\/\/www.zunoticia.com\/noticias-de-hidalgo\/wp-json\/wp\/v2\/comments?post=475696"}],"version-history":[{"count":1,"href":"https:\/\/www.zunoticia.com\/noticias-de-hidalgo\/wp-json\/wp\/v2\/posts\/475696\/revisions"}],"predecessor-version":[{"id":475698,"href":"https:\/\/www.zunoticia.com\/noticias-de-hidalgo\/wp-json\/wp\/v2\/posts\/475696\/revisions\/475698"}],"wp:featuredmedia":[{"embeddable":true,"href":"https:\/\/www.zunoticia.com\/noticias-de-hidalgo\/wp-json\/wp\/v2\/media\/475697"}],"wp:attachment":[{"href":"https:\/\/www.zunoticia.com\/noticias-de-hidalgo\/wp-json\/wp\/v2\/media?parent=475696"}],"wp:term":[{"taxonomy":"category","embeddable":true,"href":"https:\/\/www.zunoticia.com\/noticias-de-hidalgo\/wp-json\/wp\/v2\/categories?post=475696"},{"taxonomy":"post_tag","embeddable":true,"href":"https:\/\/www.zunoticia.com\/noticias-de-hidalgo\/wp-json\/wp\/v2\/tags?post=475696"}],"curies":[{"name":"wp","href":"https:\/\/api.w.org\/{rel}","templated":true}]}}