{"id":475713,"date":"2023-04-03T17:21:37","date_gmt":"2023-04-03T23:21:37","guid":{"rendered":"https:\/\/www.zunoticia.com\/noticias-de-hidalgo\/?p=475713"},"modified":"2023-04-03T17:21:38","modified_gmt":"2023-04-03T23:21:38","slug":"miles-de-fieles-catolicos-se-espera-en-actividades-de-semana-santa-2023","status":"publish","type":"post","link":"https:\/\/www.zunoticia.com\/noticias-de-hidalgo\/2023\/04\/03\/miles-de-fieles-catolicos-se-espera-en-actividades-de-semana-santa-2023\/","title":{"rendered":"Miles de fieles cat\u00f3licos se espera en actividades de Semana Santa 2023"},"content":{"rendered":"<aside class=\"mashsb-container mashsb-main mashsb-stretched\"><div class=\"mashsb-box\"><div class=\"mashsb-count mash-large\" style=\"float:left\"><div class=\"counts mashsbcount\">22<\/div><span class=\"mashsb-sharetext\">SHARES<\/span><\/div><div class=\"mashsb-buttons\"><a class=\"mashicon-facebook mash-large mash-center mashsb-noshadow\" href=\"https:\/\/www.facebook.com\/sharer.php?u=https%3A%2F%2Fwww.zunoticia.com%2Fnoticias-de-hidalgo%2F2023%2F04%2F03%2Fmiles-de-fieles-catolicos-se-espera-en-actividades-de-semana-santa-2023%2F\" target=\"_top\" rel=\"nofollow\"><span class=\"icon\"><\/span><span class=\"text\">Share<\/span><\/a><a class=\"mashicon-twitter mash-large mash-center mashsb-noshadow\" href=\"https:\/\/twitter.com\/intent\/tweet?text=&amp;url=https:\/\/www.zunoticia.com\/noticias-de-hidalgo\/2023\/04\/03\/miles-de-fieles-catolicos-se-espera-en-actividades-de-semana-santa-2023\/\" target=\"_top\" rel=\"nofollow\"><span class=\"icon\"><\/span><span class=\"text\">Tweet<\/span><\/a><div class=\"onoffswitch2 mash-large mashsb-noshadow\" style=\"display:none\"><\/div><\/div>\n            <\/div>\n                <div style=\"clear:both\"><\/div><div class=\"mashsb-toggle-container\"><\/div><\/aside>\n            <!-- Share buttons by mashshare.net - Version: 4.0.47-->\n<p><\/p>\n\n\n\n<p><em>Por Enedino Hern\u00e1ndez\/Zunoticia<\/em><\/p>\n\n\n\n<p><strong>Huejutla, Hgo. <\/strong>&#8211; Miles de fieles cat\u00f3licos se espera que participen en cada una de las diversas actividades religiosas, programadas durante la celebraci\u00f3n de la Semana Santa 2023, las cuales iniciaron el Domingo de Ramos y concluyen el Domingo de Resurrecci\u00f3n.<\/p>\n\n\n\n<p>El vocero de la Di\u00f3cesis de Huejutla, Jes\u00fas Morf\u00edn Cartagena, se\u00f1al\u00f3 que la Semana Santa generalmente es muy participativa en las colonias y comunidades \u201cpues no solo es la Semana Santa, sino que tambi\u00e9n se toma en cuenta todo el proceso de preparaci\u00f3n que inici\u00f3 desde el Mi\u00e9rcoles de Ceniza que representa 40 d\u00edas de preparaci\u00f3n\u201d.<\/p>\n\n\n\n<p>Detall\u00f3 que, la poblaci\u00f3n cat\u00f3lica ya se ha estado preparando, \u201cse tiene una gran afluencia de gente, porque tambi\u00e9n ya es periodo de vacaciones en las escuelas; viene mucha gente que est\u00e1 fuera para participar con la familia\u201d, por lo que hace una invitaci\u00f3n a la poblaci\u00f3n en general para que participen en estas actividades religiosas en sus colonias, comunidades y parroquias.<\/p>\n\n\n\n<p>Jes\u00fas Morf\u00edn Cartagena, insiste que la Semana Santa algunos la conocen como Semana Mayor, que finalmente viene siendo lo mismo; \u201cdel lunes al s\u00e1bado conocidos como d\u00edas Santos, se debe de participar ya sea de manera grupal o individual, todo de una manera consciente se debe de celebrar o vivir\u201d.<\/p>\n\n\n\n<p>Concluy\u00f3 citando que debemos de valorar cada una de las actividades religiosas programadas por la celebraci\u00f3n de la Semana Santa, por lo tanto, se debe de participar en las colonias, las comunidades y las parroquias, \u201ccada quien debe de participar de manera consciente\u201d.<\/p>\n\n\n\n<p><\/p>\n","protected":false},"excerpt":{"rendered":"<p>Por Enedino Hern\u00e1ndez\/Zunoticia Huejutla, Hgo. &#8211; Miles de fieles cat\u00f3licos se espera que participen en cada una de las diversas actividades religiosas, programadas durante la celebraci\u00f3n de la Semana Santa 2023, las cuales iniciaron el Domingo de Ramos y concluyen el Domingo de Resurrecci\u00f3n. El vocero de la Di\u00f3cesis de Huejutla, Jes\u00fas Morf\u00edn Cartagena, se\u00f1al\u00f3&hellip; <a class=\"more-link\" href=\"https:\/\/www.zunoticia.com\/noticias-de-hidalgo\/2023\/04\/03\/miles-de-fieles-catolicos-se-espera-en-actividades-de-semana-santa-2023\/\">Seguir leyendo <span class=\"screen-reader-text\">Miles de fieles cat\u00f3licos se espera en actividades de Semana Santa 2023<\/span><\/a><\/p>\n","protected":false},"author":20,"featured_media":475714,"comment_status":"closed","ping_status":"open","sticky":false,"template":"","format":"standard","meta":{"rop_custom_images_group":[],"rop_custom_messages_group":[],"rop_publish_now":"initial","rop_publish_now_accounts":{"facebook_10159540855086992_322828327761733":""},"rop_publish_now_history":[],"rop_publish_now_status":"pending","footnotes":""},"categories":[181],"tags":[121],"class_list":["post-475713","post","type-post","status-publish","format-standard","has-post-thumbnail","hentry","category-huejutla","tag-huejutla","entry"],"_links":{"self":[{"href":"https:\/\/www.zunoticia.com\/noticias-de-hidalgo\/wp-json\/wp\/v2\/posts\/475713","targetHints":{"allow":["GET"]}}],"collection":[{"href":"https:\/\/www.zunoticia.com\/noticias-de-hidalgo\/wp-json\/wp\/v2\/posts"}],"about":[{"href":"https:\/\/www.zunoticia.com\/noticias-de-hidalgo\/wp-json\/wp\/v2\/types\/post"}],"author":[{"embeddable":true,"href":"https:\/\/www.zunoticia.com\/noticias-de-hidalgo\/wp-json\/wp\/v2\/users\/20"}],"replies":[{"embeddable":true,"href":"https:\/\/www.zunoticia.com\/noticias-de-hidalgo\/wp-json\/wp\/v2\/comments?post=475713"}],"version-history":[{"count":1,"href":"https:\/\/www.zunoticia.com\/noticias-de-hidalgo\/wp-json\/wp\/v2\/posts\/475713\/revisions"}],"predecessor-version":[{"id":475715,"href":"https:\/\/www.zunoticia.com\/noticias-de-hidalgo\/wp-json\/wp\/v2\/posts\/475713\/revisions\/475715"}],"wp:featuredmedia":[{"embeddable":true,"href":"https:\/\/www.zunoticia.com\/noticias-de-hidalgo\/wp-json\/wp\/v2\/media\/475714"}],"wp:attachment":[{"href":"https:\/\/www.zunoticia.com\/noticias-de-hidalgo\/wp-json\/wp\/v2\/media?parent=475713"}],"wp:term":[{"taxonomy":"category","embeddable":true,"href":"https:\/\/www.zunoticia.com\/noticias-de-hidalgo\/wp-json\/wp\/v2\/categories?post=475713"},{"taxonomy":"post_tag","embeddable":true,"href":"https:\/\/www.zunoticia.com\/noticias-de-hidalgo\/wp-json\/wp\/v2\/tags?post=475713"}],"curies":[{"name":"wp","href":"https:\/\/api.w.org\/{rel}","templated":true}]}}