{"id":475725,"date":"2023-04-03T17:51:22","date_gmt":"2023-04-03T23:51:22","guid":{"rendered":"https:\/\/www.zunoticia.com\/noticias-de-hidalgo\/?p=475725"},"modified":"2023-04-03T17:51:23","modified_gmt":"2023-04-03T23:51:23","slug":"llega-a-hidalgo-festival-musical-raiz-mexico-zona-centro","status":"publish","type":"post","link":"https:\/\/www.zunoticia.com\/noticias-de-hidalgo\/2023\/04\/03\/llega-a-hidalgo-festival-musical-raiz-mexico-zona-centro\/","title":{"rendered":"Llega a Hidalgo festival musical Ra\u00edz M\u00e9xico Zona Centro"},"content":{"rendered":"<aside class=\"mashsb-container mashsb-main mashsb-stretched\"><div class=\"mashsb-box\"><div class=\"mashsb-count mash-large\" style=\"float:left\"><div class=\"counts mashsbcount\">30<\/div><span class=\"mashsb-sharetext\">SHARES<\/span><\/div><div class=\"mashsb-buttons\"><a class=\"mashicon-facebook mash-large mash-center mashsb-noshadow\" href=\"https:\/\/www.facebook.com\/sharer.php?u=https%3A%2F%2Fwww.zunoticia.com%2Fnoticias-de-hidalgo%2F2023%2F04%2F03%2Fllega-a-hidalgo-festival-musical-raiz-mexico-zona-centro%2F\" target=\"_top\" rel=\"nofollow\"><span class=\"icon\"><\/span><span class=\"text\">Share<\/span><\/a><a class=\"mashicon-twitter mash-large mash-center mashsb-noshadow\" href=\"https:\/\/twitter.com\/intent\/tweet?text=&amp;url=https:\/\/www.zunoticia.com\/noticias-de-hidalgo\/2023\/04\/03\/llega-a-hidalgo-festival-musical-raiz-mexico-zona-centro\/\" target=\"_top\" rel=\"nofollow\"><span class=\"icon\"><\/span><span class=\"text\">Tweet<\/span><\/a><div class=\"onoffswitch2 mash-large mashsb-noshadow\" style=\"display:none\"><\/div><\/div>\n            <\/div>\n                <div style=\"clear:both\"><\/div><div class=\"mashsb-toggle-container\"><\/div><\/aside>\n            <!-- Share buttons by mashshare.net - Version: 4.0.47-->\n<p><\/p>\n\n\n\n<p>\u2022 A partir del 13 de abril se realizar\u00e1n 20 presentaciones musicales y 5 actividades acad\u00e9micas con agrupaciones provenientes de la Ciudad de M\u00e9xico, Estado de M\u00e9xico, Quer\u00e9taro e Hidalgo.<\/p>\n\n\n\n<p><em>Por Redacci\u00f3n\/Zunoticia<\/em><\/p>\n\n\n\n<p><strong>Pachuca de Soto, Hgo. \u2013<\/strong> La Secretar\u00eda de Cultura, dirigida por Tania Er\u00e9ndira Meza Escorza, dio a conocer que Hidalgo ser\u00e1 sede del festival musical Ra\u00edz M\u00e9xico Zona Centro, con 20 presentaciones musicales y 5 actividades acad\u00e9micas de profesionalizaci\u00f3n musical.<\/p>\n\n\n\n<p>Esta programaci\u00f3n se realiza con apoyo del Circuito Nacional de Artes Esc\u00e9nicas Chapultepec, el cual busca el fortalecimiento de la m\u00fasica mediante giras dentro del pa\u00eds con la finalidad de generar una mayor visibilidad de las propuestas art\u00edsticas nacionales a nivel estatal y regional.<\/p>\n\n\n\n<p>Ser\u00e1n en total 20 conciertos artistas originarios de la Ciudad de M\u00e9xico, Estado de M\u00e9xico, Quer\u00e9taro e Hidalgo, los cuales se complementar\u00e1n con 5 clases magistrales que buscan ofrecer alternativas acad\u00e9micas de formaci\u00f3n para personas dedicadas a la m\u00fasica.<\/p>\n\n\n\n<p>En ese sentido, nuestro estado tendr\u00e1 su primera participaci\u00f3n el 13 de abril en el Centro Cultural Regional de Huichapan, con un espect\u00e1culo de Canciones en H\u00f1\u00e4h\u00f1\u00fa del Valle del Mezquital y tradicionales mexicanas, a cargo de la agrupaci\u00f3n Domitz\u00fa.<\/p>\n\n\n\n<p>El 14 de abril, el Centro Cultural Regional de Real de Monte recibir\u00e1 a la banda 400, que ha tomado como identidad fusionar rock con folclore mexicano contempor\u00e1neo como huapango, son y vals, adem\u00e1s que ha incluido instrumentos prehisp\u00e1nicos en su sonido. El 15 de abril, el mismo recinto abrir\u00e1 sus puertas para la agrupaci\u00f3n Jes\u00fas Yusuf Isa Cuevas, que presentar\u00e1 \u201cDandeli\u00f3n: Concierto esc\u00e9nico para solista y 21 instrumentos\u201d, a las 18:00 horas.<\/p>\n\n\n\n<p>Todas las actividades ser\u00e1n realizadas a las 18:00 horas, en diferentes fechas y sedes, el 20 de abril, el programa llegar\u00e1 a Pachuca con el Cuarteto de Guitarras de la Ciudad de M\u00e9xico que presentar\u00e1 el espect\u00e1culo \u201cSones y danzones con algo de j\u00edcamo\u201d, en el Teatro Guillermo Romo de Vivar. Para el 21 de abril, a la misma hora, el Teatro Hidalgo Bartolom\u00e9 de Medina recibir\u00e1 a Jorge Lechuga con su presentaci\u00f3n \u201cM\u00e9xico entre mis cuerdas\u201d.<\/p>\n\n\n\n<p>El 22 de abril, el grupo Las Flores de las Huastecas se presentar\u00e1 al Teatro Guillermo Romo de Vivar con su espect\u00e1culo \u201cMujeres huapangueras\u201d. En el mismo recinto, el 28 de abril, la agrupaci\u00f3n Cheko Aranda estrena \u201cMEZTLI. Bajo la luz de la Luna\u201d, mientras que el 29 del mismo mes, se llevar\u00e1 a cabo el Concierto de m\u00fasica balc\u00e1nica mexicana, a cargo de la agrupaci\u00f3n La Delicia de Alicia.<\/p>\n\n\n\n<p>El 04 de mayo, se realizar\u00e1 la primera presentaci\u00f3n en el Centro Cultural del Ferrocarril, en el auditorio Ram\u00f3n Noble Olivares, del grupo Los Botes Can que presentan \u201cM\u00fasica de a de veras con instrumentos de a mentiritas\u201d. Para el 05 de mayo, el Teatro Hidalgo Bartolom\u00e9 de Medina contar\u00e1 con el espect\u00e1culo \u201cM\u00e9xico a trav\u00e9s de la marimba\u201d, a cargo de Mario Nandayapa Quartet.<\/p>\n\n\n\n<p>\u201cNo se apagar\u00e1n mis cantos\u201d, un espect\u00e1culo del grupo Nokniume, ser\u00e1 presentado el 06 de mayo, en el Centro Cultural Regional de Real de Monte. El 12 de mayo, a la misma hora, es el turno de \u201cManual para mi primera vida\u201d, de Gabriela Bernal Jade, en el Teatro Guillermo Romo de Vivar. Mientras que el 13 de mayo, en el mismo recinto, la agrupaci\u00f3n Matus Can tendr\u00e1 un concierto con el que le dar\u00e1 un paseo al p\u00fablico por los confines de la m\u00fasica tradicional mexicana y del mundo, utilizando la jarana, el zapateado e instrumentos de distintas etnias con instrumentos el\u00e9ctricos y electr\u00f3nicos mezclados con jazz, funk y sus distintas tendencias.<\/p>\n\n\n\n<p>El programa contin\u00faa en Hidalgo el 18 de mayo, en el auditorio Ram\u00f3n Noble Olivares, del Centro Cultural del Ferrocarril, con el grupo Antares Jazz que busca promover este g\u00e9nero musical realizado en M\u00e9xico, a trav\u00e9s de conciertos did\u00e1cticos. En el mismo recinto, el 19 de mayo ser\u00e1 la presentaci\u00f3n musical Rockeando el folclor, de Rosal\u00eda Le\u00f3n, a las 17:00 horas, cabe destacar que es la \u00fanica actividad que se realizar\u00e1 en ese horario.&nbsp;&nbsp;<\/p>\n\n\n\n<p>En ese sentido, el 27 de mayo, a las 18:00 horas, Mano Goreda presenta \u201cEntre p\u00e1jaros y flechas\u201d, en el Centro Cultural Regional de Real de Monte. El O2 de junio, Iraida Noriega llegar\u00e1 al Teatro Guillermo Romo de Vivar, con su presentaci\u00f3n musical \u201cCanciones de agua y desierto\u201d; el 04 del mismo mes, la agrupaci\u00f3n Arco y Lira Cl\u00e1sica tendr\u00e1n su concierto \u201cMoncayo, m\u00e1s all\u00e1 del Huapango\u201d, en el Teatro Hidalgo Bartolom\u00e9 de Medina. El 08 de junio, en el mismo recinto ubicado en plaza Ju\u00e1rez, el grupo A Love Electric presentar\u00e1 un espect\u00e1culo con motivo de su d\u00e9cimo aniversario.&nbsp;<\/p>\n\n\n\n<p>Finalmente, Ricardo Mart\u00edn y El Jolgorio cerrar\u00e1n este ciclo de actividades con \u201c\u00a1A la de tres!\u201d, en la Sala Abundio Mart\u00ednez, del Centro de las Artes, el 15 de junio, a las 18:00 horas.&nbsp;<\/p>\n\n\n\n<p>Por su parte, todas las actividades acad\u00e9micas se llevar\u00e1n a cabo a las 12:00 horas e iniciar\u00e1n el 20 de abril con la presentaci\u00f3n del Cuarteto de Guitarras de la Ciudad de M\u00e9xico, en el Teatro Guillermo Romo de Vivar, seguido por Los Botes Can, el 4 de mayo en el auditorio Ram\u00f3n Noble Olivares del Centro Cultural del Ferrocarril. El 05 de mayo, Mario Nandayapa Quartet en el Teatro Hidalgo Bartolom\u00e9 de Medina.<\/p>\n\n\n\n<p>Asimismo, Antares Jazz el 18 de mayo en el auditorio Ram\u00f3n Noble Olivares del Centro Cultural del Ferrocarril y finalmente, Arco y Lira Cl\u00e1sica el 03 de junio en el Teatro Hidalgo Bartolom\u00e9 de Medina.<\/p>\n\n\n\n<p>La Secretar\u00eda de Cultura inform\u00f3 que todas las actividades son gratuitas con boletos de cortes\u00eda para Pachuca y de entrada libre en los Centros Culturales Regionales.<\/p>\n\n\n\n<figure class=\"wp-block-image size-full\"><img fetchpriority=\"high\" decoding=\"async\" width=\"940\" height=\"788\" src=\"https:\/\/www.zunoticia.com\/noticias-de-hidalgo\/wp-content\/uploads\/2023\/04\/1-12.png\" alt=\"\" class=\"wp-image-475727\" srcset=\"https:\/\/www.zunoticia.com\/noticias-de-hidalgo\/wp-content\/uploads\/2023\/04\/1-12.png 940w, https:\/\/www.zunoticia.com\/noticias-de-hidalgo\/wp-content\/uploads\/2023\/04\/1-12-300x251.png 300w, https:\/\/www.zunoticia.com\/noticias-de-hidalgo\/wp-content\/uploads\/2023\/04\/1-12-768x644.png 768w\" sizes=\"(max-width: 940px) 100vw, 940px\" \/><\/figure>\n","protected":false},"excerpt":{"rendered":"<p>\u2022 A partir del 13 de abril se realizar\u00e1n 20 presentaciones musicales y 5 actividades acad\u00e9micas con agrupaciones provenientes de la Ciudad de M\u00e9xico, Estado de M\u00e9xico, Quer\u00e9taro e Hidalgo. Por Redacci\u00f3n\/Zunoticia Pachuca de Soto, Hgo. \u2013 La Secretar\u00eda de Cultura, dirigida por Tania Er\u00e9ndira Meza Escorza, dio a conocer que Hidalgo ser\u00e1 sede del&hellip; <a class=\"more-link\" href=\"https:\/\/www.zunoticia.com\/noticias-de-hidalgo\/2023\/04\/03\/llega-a-hidalgo-festival-musical-raiz-mexico-zona-centro\/\">Seguir leyendo <span class=\"screen-reader-text\">Llega a Hidalgo festival musical Ra\u00edz M\u00e9xico Zona Centro<\/span><\/a><\/p>\n","protected":false},"author":20,"featured_media":475726,"comment_status":"closed","ping_status":"open","sticky":false,"template":"","format":"standard","meta":{"rop_custom_images_group":[],"rop_custom_messages_group":[],"rop_publish_now":"initial","rop_publish_now_accounts":{"facebook_10159540855086992_322828327761733":""},"rop_publish_now_history":[],"rop_publish_now_status":"pending","footnotes":""},"categories":[208],"tags":[214],"class_list":["post-475725","post","type-post","status-publish","format-standard","has-post-thumbnail","hentry","category-estado","tag-estado","entry"],"_links":{"self":[{"href":"https:\/\/www.zunoticia.com\/noticias-de-hidalgo\/wp-json\/wp\/v2\/posts\/475725","targetHints":{"allow":["GET"]}}],"collection":[{"href":"https:\/\/www.zunoticia.com\/noticias-de-hidalgo\/wp-json\/wp\/v2\/posts"}],"about":[{"href":"https:\/\/www.zunoticia.com\/noticias-de-hidalgo\/wp-json\/wp\/v2\/types\/post"}],"author":[{"embeddable":true,"href":"https:\/\/www.zunoticia.com\/noticias-de-hidalgo\/wp-json\/wp\/v2\/users\/20"}],"replies":[{"embeddable":true,"href":"https:\/\/www.zunoticia.com\/noticias-de-hidalgo\/wp-json\/wp\/v2\/comments?post=475725"}],"version-history":[{"count":1,"href":"https:\/\/www.zunoticia.com\/noticias-de-hidalgo\/wp-json\/wp\/v2\/posts\/475725\/revisions"}],"predecessor-version":[{"id":475728,"href":"https:\/\/www.zunoticia.com\/noticias-de-hidalgo\/wp-json\/wp\/v2\/posts\/475725\/revisions\/475728"}],"wp:featuredmedia":[{"embeddable":true,"href":"https:\/\/www.zunoticia.com\/noticias-de-hidalgo\/wp-json\/wp\/v2\/media\/475726"}],"wp:attachment":[{"href":"https:\/\/www.zunoticia.com\/noticias-de-hidalgo\/wp-json\/wp\/v2\/media?parent=475725"}],"wp:term":[{"taxonomy":"category","embeddable":true,"href":"https:\/\/www.zunoticia.com\/noticias-de-hidalgo\/wp-json\/wp\/v2\/categories?post=475725"},{"taxonomy":"post_tag","embeddable":true,"href":"https:\/\/www.zunoticia.com\/noticias-de-hidalgo\/wp-json\/wp\/v2\/tags?post=475725"}],"curies":[{"name":"wp","href":"https:\/\/api.w.org\/{rel}","templated":true}]}}