{"id":475729,"date":"2023-04-03T18:01:10","date_gmt":"2023-04-04T00:01:10","guid":{"rendered":"https:\/\/www.zunoticia.com\/noticias-de-hidalgo\/?p=475729"},"modified":"2023-04-03T18:01:12","modified_gmt":"2023-04-04T00:01:12","slug":"inauguro-el-gobernador-menchaca-la-exposicion-desmitificando-espacios","status":"publish","type":"post","link":"https:\/\/www.zunoticia.com\/noticias-de-hidalgo\/2023\/04\/03\/inauguro-el-gobernador-menchaca-la-exposicion-desmitificando-espacios\/","title":{"rendered":"Inaugur\u00f3 el gobernador Menchaca la exposici\u00f3n\u00a0Desmitificando Espacios"},"content":{"rendered":"<aside class=\"mashsb-container mashsb-main mashsb-stretched\"><div class=\"mashsb-box\"><div class=\"mashsb-count mash-large\" style=\"float:left\"><div class=\"counts mashsbcount\">8<\/div><span class=\"mashsb-sharetext\">SHARES<\/span><\/div><div class=\"mashsb-buttons\"><a class=\"mashicon-facebook mash-large mash-center mashsb-noshadow\" href=\"https:\/\/www.facebook.com\/sharer.php?u=https%3A%2F%2Fwww.zunoticia.com%2Fnoticias-de-hidalgo%2F2023%2F04%2F03%2Finauguro-el-gobernador-menchaca-la-exposicion-desmitificando-espacios%2F\" target=\"_top\" rel=\"nofollow\"><span class=\"icon\"><\/span><span class=\"text\">Share<\/span><\/a><a class=\"mashicon-twitter mash-large mash-center mashsb-noshadow\" href=\"https:\/\/twitter.com\/intent\/tweet?text=&amp;url=https:\/\/www.zunoticia.com\/noticias-de-hidalgo\/2023\/04\/03\/inauguro-el-gobernador-menchaca-la-exposicion-desmitificando-espacios\/\" target=\"_top\" rel=\"nofollow\"><span class=\"icon\"><\/span><span class=\"text\">Tweet<\/span><\/a><div class=\"onoffswitch2 mash-large mashsb-noshadow\" style=\"display:none\"><\/div><\/div>\n            <\/div>\n                <div style=\"clear:both\"><\/div><div class=\"mashsb-toggle-container\"><\/div><\/aside>\n            <!-- Share buttons by mashshare.net - Version: 4.0.47-->\n<p><\/p>\n\n\n\n<p>*Enfatiz\u00f3 que se busca acercar las expresiones culturales a la gente; Es la primera galer\u00eda art\u00edstica&nbsp;en ocupar el Edificio de Gobierno de Hidalgo.<\/p>\n\n\n\n<p><em>Por Redacci\u00f3n\/Zunoticia<\/em><\/p>\n\n\n\n<p><strong>Pachuca de Soto, Hgo.-<\/strong> El titular del Ejecutivo estatal, Julio Menchaca Salazar, realiz\u00f3 el corte inaugural de la intervenci\u00f3n gr\u00e1fica <em>Desmitificando Espacios<\/em> en la sede del Gobierno de Hidalgo, siendo la primera galer\u00eda art\u00edstica que ocupa este espacio. La exposici\u00f3n est\u00e1 abierta al p\u00fablico en general y tiene el objetivo de acercar las expresiones culturales a la gente.<\/p>\n\n\n\n<p>La muestra est\u00e1 compuesta por 61 obras, entre fotograf\u00eda, pintura, ilustraci\u00f3n y montaje, de 10 artistas hidalguenses. Menchaca Salazar resalt\u00f3 que a trav\u00e9s del aprovechamiento de la infraestructura gubernamental se dar\u00e1 una revoluci\u00f3n cultural, que permita resaltar la grandeza art\u00edstica que la entidad posee.<\/p>\n\n\n\n<p>\u201cSe trata de abrir los espacios p\u00fablicos y utilizar correctamente los recursos destinados al arte para no utilizar el pretexto de que hay cosas m\u00e1s importantes que la cultura. Vamos a mantener un ejercicio permanente de reconocimiento hacia quienes contribuyen a la construcci\u00f3n del Hidalgo que queremos\u201d, manifest\u00f3.<\/p>\n\n\n\n<p>El mandatario estatal record\u00f3 que uno de los compromisos de campa\u00f1a radica en la reivindicaci\u00f3n de la cultura, para que tanto este sector como el deportivo, dejen de ser motivo de discurso pol\u00edtico y ocupen el lugar que merecen en la sociedad.<\/p>\n\n\n\n<p><br>\u201cParecer\u00eda que se le reconoce a un artista hasta su muerte, en esta administraci\u00f3n nos hemos propuesto impulsar de manera decidida todas las expresiones art\u00edsticas, por eso estamos desmitificando este edificio de gobierno, y les estamos pidiendo a las y los titulares de las oficinas p\u00fablicas que estos esfuerzos se multipliquen\u201d.<\/p>\n\n\n\n<p>La secretaria de Cultura, Tania Meza Escorza, declar\u00f3 que \u201ccon la cultura logramos reconstruir el tejido social\u201d, al tiempo de se\u00f1alar que el edificio del gobierno se convierte en el \u201cEdificio del Pueblo\u201d, muestra del compromiso de la actual administraci\u00f3n con los artistas hidalguenses.<\/p>\n\n\n\n<p>Fue el titular del Despacho del Gobernador, Alejandro Vel\u00e1zquez Mendoza, quien explic\u00f3 que esta intervenci\u00f3n gr\u00e1fica nace de la necesidad de acercar el arte y la cultura a todos los sectores de la sociedad, pues \u201cbuscamos regresarle a la comunidad la oportunidad de expresi\u00f3n y acercamiento a las artes, sobre todo aquellas que estuvieron reservadas para unos cuantos y que ve\u00edan en nuestros creadores la oportunidad de lucro\u201d.<\/p>\n\n\n\n<p>Subray\u00f3 que se tom\u00f3 la decisi\u00f3n de intervenir el llamado \u201cPalacio de Gobierno\u201d, que durante la \u00e9poca neoliberal represent\u00f3 lujo y opulencia, para que se convierta en un espacio en donde se escuchen y atiendan las necesidades de la poblaci\u00f3n.<\/p>\n\n\n\n<p>A\u00f1adi\u00f3 su reconocimiento a las y los artistas que durante los pr\u00f3ximos meses mantendr\u00e1n su obra en exposici\u00f3n y a nombre del gobierno de Hidalgo, refrend\u00f3 su compromiso para generar mejores oportunidades de desarrollo: \u201cUstedes representan motivo de orgullo para las y los hidalguenses, pues es su forma de ver e interpretar nuestra realidad, la que injerta la semilla de esperanza en un mejor porvenir\u201d.<\/p>\n\n\n\n<p>Finalmente, Orlando \u00c1ngeles P\u00e9rez, titular de la Oficial\u00eda Mayor, destac\u00f3 que esta muestra gr\u00e1fica no tiene precedentes en el estado y representa un parteaguas de las actividades que esta administraci\u00f3n&nbsp;encabezar\u00e1 en favor de la comunidad art\u00edstica: \u201cEste edificio ha sido visto como una c\u00fapula de poder, pero estas actividades nos permiten vincular a la cultura, a las y los artistas con el pueblo hidalguense\u201d.<\/p>\n\n\n\n<figure class=\"wp-block-gallery has-nested-images columns-default is-cropped wp-block-gallery-1 is-layout-flex wp-block-gallery-is-layout-flex\">\n<figure class=\"wp-block-image size-large\"><img fetchpriority=\"high\" decoding=\"async\" width=\"940\" height=\"788\" data-id=\"475733\" src=\"https:\/\/www.zunoticia.com\/noticias-de-hidalgo\/wp-content\/uploads\/2023\/04\/1-13.png\" alt=\"\" class=\"wp-image-475733\" srcset=\"https:\/\/www.zunoticia.com\/noticias-de-hidalgo\/wp-content\/uploads\/2023\/04\/1-13.png 940w, https:\/\/www.zunoticia.com\/noticias-de-hidalgo\/wp-content\/uploads\/2023\/04\/1-13-300x251.png 300w, https:\/\/www.zunoticia.com\/noticias-de-hidalgo\/wp-content\/uploads\/2023\/04\/1-13-768x644.png 768w\" sizes=\"(max-width: 940px) 100vw, 940px\" \/><\/figure>\n\n\n\n<figure class=\"wp-block-image size-large\"><img decoding=\"async\" width=\"940\" height=\"788\" data-id=\"475732\" src=\"https:\/\/www.zunoticia.com\/noticias-de-hidalgo\/wp-content\/uploads\/2023\/04\/2-11.png\" alt=\"\" class=\"wp-image-475732\" srcset=\"https:\/\/www.zunoticia.com\/noticias-de-hidalgo\/wp-content\/uploads\/2023\/04\/2-11.png 940w, https:\/\/www.zunoticia.com\/noticias-de-hidalgo\/wp-content\/uploads\/2023\/04\/2-11-300x251.png 300w, https:\/\/www.zunoticia.com\/noticias-de-hidalgo\/wp-content\/uploads\/2023\/04\/2-11-768x644.png 768w\" sizes=\"(max-width: 940px) 100vw, 940px\" \/><\/figure>\n\n\n\n<figure class=\"wp-block-image size-large\"><img decoding=\"async\" width=\"940\" height=\"788\" data-id=\"475731\" src=\"https:\/\/www.zunoticia.com\/noticias-de-hidalgo\/wp-content\/uploads\/2023\/04\/3-3.png\" alt=\"\" class=\"wp-image-475731\" srcset=\"https:\/\/www.zunoticia.com\/noticias-de-hidalgo\/wp-content\/uploads\/2023\/04\/3-3.png 940w, https:\/\/www.zunoticia.com\/noticias-de-hidalgo\/wp-content\/uploads\/2023\/04\/3-3-300x251.png 300w, https:\/\/www.zunoticia.com\/noticias-de-hidalgo\/wp-content\/uploads\/2023\/04\/3-3-768x644.png 768w\" sizes=\"(max-width: 940px) 100vw, 940px\" \/><\/figure>\n<\/figure>\n","protected":false},"excerpt":{"rendered":"<p>*Enfatiz\u00f3 que se busca acercar las expresiones culturales a la gente; Es la primera galer\u00eda art\u00edstica&nbsp;en ocupar el Edificio de Gobierno de Hidalgo. Por Redacci\u00f3n\/Zunoticia Pachuca de Soto, Hgo.- El titular del Ejecutivo estatal, Julio Menchaca Salazar, realiz\u00f3 el corte inaugural de la intervenci\u00f3n gr\u00e1fica Desmitificando Espacios en la sede del Gobierno de Hidalgo, siendo&hellip; <a class=\"more-link\" href=\"https:\/\/www.zunoticia.com\/noticias-de-hidalgo\/2023\/04\/03\/inauguro-el-gobernador-menchaca-la-exposicion-desmitificando-espacios\/\">Seguir leyendo <span class=\"screen-reader-text\">Inaugur\u00f3 el gobernador Menchaca la exposici\u00f3n\u00a0Desmitificando Espacios<\/span><\/a><\/p>\n","protected":false},"author":20,"featured_media":475730,"comment_status":"closed","ping_status":"open","sticky":false,"template":"","format":"standard","meta":{"rop_custom_images_group":[],"rop_custom_messages_group":[],"rop_publish_now":"initial","rop_publish_now_accounts":{"facebook_10159540855086992_322828327761733":""},"rop_publish_now_history":[],"rop_publish_now_status":"pending","footnotes":""},"categories":[208,209],"tags":[214],"class_list":["post-475729","post","type-post","status-publish","format-standard","has-post-thumbnail","hentry","category-estado","category-relevante","tag-estado","entry"],"_links":{"self":[{"href":"https:\/\/www.zunoticia.com\/noticias-de-hidalgo\/wp-json\/wp\/v2\/posts\/475729","targetHints":{"allow":["GET"]}}],"collection":[{"href":"https:\/\/www.zunoticia.com\/noticias-de-hidalgo\/wp-json\/wp\/v2\/posts"}],"about":[{"href":"https:\/\/www.zunoticia.com\/noticias-de-hidalgo\/wp-json\/wp\/v2\/types\/post"}],"author":[{"embeddable":true,"href":"https:\/\/www.zunoticia.com\/noticias-de-hidalgo\/wp-json\/wp\/v2\/users\/20"}],"replies":[{"embeddable":true,"href":"https:\/\/www.zunoticia.com\/noticias-de-hidalgo\/wp-json\/wp\/v2\/comments?post=475729"}],"version-history":[{"count":1,"href":"https:\/\/www.zunoticia.com\/noticias-de-hidalgo\/wp-json\/wp\/v2\/posts\/475729\/revisions"}],"predecessor-version":[{"id":475734,"href":"https:\/\/www.zunoticia.com\/noticias-de-hidalgo\/wp-json\/wp\/v2\/posts\/475729\/revisions\/475734"}],"wp:featuredmedia":[{"embeddable":true,"href":"https:\/\/www.zunoticia.com\/noticias-de-hidalgo\/wp-json\/wp\/v2\/media\/475730"}],"wp:attachment":[{"href":"https:\/\/www.zunoticia.com\/noticias-de-hidalgo\/wp-json\/wp\/v2\/media?parent=475729"}],"wp:term":[{"taxonomy":"category","embeddable":true,"href":"https:\/\/www.zunoticia.com\/noticias-de-hidalgo\/wp-json\/wp\/v2\/categories?post=475729"},{"taxonomy":"post_tag","embeddable":true,"href":"https:\/\/www.zunoticia.com\/noticias-de-hidalgo\/wp-json\/wp\/v2\/tags?post=475729"}],"curies":[{"name":"wp","href":"https:\/\/api.w.org\/{rel}","templated":true}]}}