{"id":475779,"date":"2023-04-03T20:41:00","date_gmt":"2023-04-04T02:41:00","guid":{"rendered":"https:\/\/www.zunoticia.com\/noticias-de-hidalgo\/?p=475779"},"modified":"2023-04-03T20:41:02","modified_gmt":"2023-04-04T02:41:02","slug":"representaron-la-entrada-triunfal-de-jesus-a-jerusalen","status":"publish","type":"post","link":"https:\/\/www.zunoticia.com\/noticias-de-hidalgo\/2023\/04\/03\/representaron-la-entrada-triunfal-de-jesus-a-jerusalen\/","title":{"rendered":"Representaron la entrada triunfal de Jes\u00fas a Jerusal\u00e9n"},"content":{"rendered":"<aside class=\"mashsb-container mashsb-main mashsb-stretched\"><div class=\"mashsb-box\"><div class=\"mashsb-count mash-large\" style=\"float:left\"><div class=\"counts mashsbcount\">54<\/div><span class=\"mashsb-sharetext\">SHARES<\/span><\/div><div class=\"mashsb-buttons\"><a class=\"mashicon-facebook mash-large mash-center mashsb-noshadow\" href=\"https:\/\/www.facebook.com\/sharer.php?u=https%3A%2F%2Fwww.zunoticia.com%2Fnoticias-de-hidalgo%2F2023%2F04%2F03%2Frepresentaron-la-entrada-triunfal-de-jesus-a-jerusalen%2F\" target=\"_top\" rel=\"nofollow\"><span class=\"icon\"><\/span><span class=\"text\">Share<\/span><\/a><a class=\"mashicon-twitter mash-large mash-center mashsb-noshadow\" href=\"https:\/\/twitter.com\/intent\/tweet?text=&amp;url=https:\/\/www.zunoticia.com\/noticias-de-hidalgo\/2023\/04\/03\/representaron-la-entrada-triunfal-de-jesus-a-jerusalen\/\" target=\"_top\" rel=\"nofollow\"><span class=\"icon\"><\/span><span class=\"text\">Tweet<\/span><\/a><div class=\"onoffswitch2 mash-large mashsb-noshadow\" style=\"display:none\"><\/div><\/div>\n            <\/div>\n                <div style=\"clear:both\"><\/div><div class=\"mashsb-toggle-container\"><\/div><\/aside>\n            <!-- Share buttons by mashshare.net - Version: 4.0.47-->\n<p><em>Por Roberto Meza\/Zunoticia<\/em><\/p>\n\n\n\n<p><strong>Yahualica, Hgo.-<\/strong> Este Domingo de Ramos representaron la entrada triunfal de Jes\u00fas a Jerusal\u00e9n, adem\u00e1s el padre Luis Javier Bautista, de la capilla San Juan Diego de Tepehixpa, encabez\u00f3 la bendici\u00f3n de palmas y con esto se da entrada a la Semana Santa, evento en la que acudieron los cat\u00f3licos de varias comunidades a bendecir sus palmas como parte de las costumbres cat\u00f3licas.<\/p>\n\n\n\n<figure class=\"wp-block-image size-large\"><img fetchpriority=\"high\" decoding=\"async\" width=\"1024\" height=\"576\" src=\"https:\/\/www.zunoticia.com\/noticias-de-hidalgo\/wp-content\/uploads\/2023\/04\/eZy-Watermark-03-04-2023-07-32-47p.m.-1024x576.jpg\" alt=\"\" class=\"wp-image-475755\" srcset=\"https:\/\/www.zunoticia.com\/noticias-de-hidalgo\/wp-content\/uploads\/2023\/04\/eZy-Watermark-03-04-2023-07-32-47p.m.-1024x576.jpg 1024w, https:\/\/www.zunoticia.com\/noticias-de-hidalgo\/wp-content\/uploads\/2023\/04\/eZy-Watermark-03-04-2023-07-32-47p.m.-300x169.jpg 300w, https:\/\/www.zunoticia.com\/noticias-de-hidalgo\/wp-content\/uploads\/2023\/04\/eZy-Watermark-03-04-2023-07-32-47p.m.-768x432.jpg 768w, https:\/\/www.zunoticia.com\/noticias-de-hidalgo\/wp-content\/uploads\/2023\/04\/eZy-Watermark-03-04-2023-07-32-47p.m..jpg 1152w\" sizes=\"(max-width: 1024px) 100vw, 1024px\" \/><\/figure>\n\n\n\n<p>El evento se llev\u00f3 a cabo el pasado domingo en donde el padre desarroll\u00f3 una misa como parte de las tradiciones que festeja la religi\u00f3n cat\u00f3lica y con ello simboliza la entrada de cristo a Jerusal\u00e9n y se da inicio a la Semana Santa.<\/p>\n\n\n<div class=\"wp-block-image\">\n<figure class=\"aligncenter size-large\"><img decoding=\"async\" width=\"576\" height=\"1024\" src=\"https:\/\/www.zunoticia.com\/noticias-de-hidalgo\/wp-content\/uploads\/2023\/04\/eZy-Watermark-03-04-2023-07-33-05p.m.-576x1024.jpg\" alt=\"\" class=\"wp-image-475754\" srcset=\"https:\/\/www.zunoticia.com\/noticias-de-hidalgo\/wp-content\/uploads\/2023\/04\/eZy-Watermark-03-04-2023-07-33-05p.m.-576x1024.jpg 576w, https:\/\/www.zunoticia.com\/noticias-de-hidalgo\/wp-content\/uploads\/2023\/04\/eZy-Watermark-03-04-2023-07-33-05p.m.-169x300.jpg 169w, https:\/\/www.zunoticia.com\/noticias-de-hidalgo\/wp-content\/uploads\/2023\/04\/eZy-Watermark-03-04-2023-07-33-05p.m..jpg 648w\" sizes=\"(max-width: 576px) 100vw, 576px\" \/><\/figure>\n<\/div>\n\n\n<p>El padre Luis Javier Bautista, llam\u00f3 a todos a vivir con fervor la pasi\u00f3n y muerte de Jesucristo, as\u00ed mismo llam\u00f3 a seguir aplicando las medidas preventivas contra Covid en todas estas actividades que se llevar\u00e1n a cabo durante la Semana Santa.<\/p>\n\n\n\n<figure class=\"wp-block-image size-full\"><img decoding=\"async\" width=\"848\" height=\"524\" src=\"https:\/\/www.zunoticia.com\/noticias-de-hidalgo\/wp-content\/uploads\/2023\/04\/eZy-Watermark-03-04-2023-08-39-37p.m..jpg\" alt=\"\" class=\"wp-image-475781\" srcset=\"https:\/\/www.zunoticia.com\/noticias-de-hidalgo\/wp-content\/uploads\/2023\/04\/eZy-Watermark-03-04-2023-08-39-37p.m..jpg 848w, https:\/\/www.zunoticia.com\/noticias-de-hidalgo\/wp-content\/uploads\/2023\/04\/eZy-Watermark-03-04-2023-08-39-37p.m.-300x185.jpg 300w, https:\/\/www.zunoticia.com\/noticias-de-hidalgo\/wp-content\/uploads\/2023\/04\/eZy-Watermark-03-04-2023-08-39-37p.m.-768x475.jpg 768w\" sizes=\"(max-width: 848px) 100vw, 848px\" \/><\/figure>\n","protected":false},"excerpt":{"rendered":"<p>Por Roberto Meza\/Zunoticia Yahualica, Hgo.- Este Domingo de Ramos representaron la entrada triunfal de Jes\u00fas a Jerusal\u00e9n, adem\u00e1s el padre Luis Javier Bautista, de la capilla San Juan Diego de Tepehixpa, encabez\u00f3 la bendici\u00f3n de palmas y con esto se da entrada a la Semana Santa, evento en la que acudieron los cat\u00f3licos de varias&hellip; <a class=\"more-link\" href=\"https:\/\/www.zunoticia.com\/noticias-de-hidalgo\/2023\/04\/03\/representaron-la-entrada-triunfal-de-jesus-a-jerusalen\/\">Seguir leyendo <span class=\"screen-reader-text\">Representaron la entrada triunfal de Jes\u00fas a Jerusal\u00e9n<\/span><\/a><\/p>\n","protected":false},"author":12,"featured_media":475756,"comment_status":"closed","ping_status":"open","sticky":false,"template":"","format":"standard","meta":{"rop_custom_images_group":[],"rop_custom_messages_group":[],"rop_publish_now":"initial","rop_publish_now_accounts":{"facebook_10159540855086992_322828327761733":""},"rop_publish_now_history":[],"rop_publish_now_status":"pending","footnotes":""},"categories":[179,203],"tags":[123],"class_list":["post-475779","post","type-post","status-publish","format-standard","has-post-thumbnail","hentry","category-huasteca","category-yahualica","tag-yahualica","entry"],"_links":{"self":[{"href":"https:\/\/www.zunoticia.com\/noticias-de-hidalgo\/wp-json\/wp\/v2\/posts\/475779","targetHints":{"allow":["GET"]}}],"collection":[{"href":"https:\/\/www.zunoticia.com\/noticias-de-hidalgo\/wp-json\/wp\/v2\/posts"}],"about":[{"href":"https:\/\/www.zunoticia.com\/noticias-de-hidalgo\/wp-json\/wp\/v2\/types\/post"}],"author":[{"embeddable":true,"href":"https:\/\/www.zunoticia.com\/noticias-de-hidalgo\/wp-json\/wp\/v2\/users\/12"}],"replies":[{"embeddable":true,"href":"https:\/\/www.zunoticia.com\/noticias-de-hidalgo\/wp-json\/wp\/v2\/comments?post=475779"}],"version-history":[{"count":1,"href":"https:\/\/www.zunoticia.com\/noticias-de-hidalgo\/wp-json\/wp\/v2\/posts\/475779\/revisions"}],"predecessor-version":[{"id":475782,"href":"https:\/\/www.zunoticia.com\/noticias-de-hidalgo\/wp-json\/wp\/v2\/posts\/475779\/revisions\/475782"}],"wp:featuredmedia":[{"embeddable":true,"href":"https:\/\/www.zunoticia.com\/noticias-de-hidalgo\/wp-json\/wp\/v2\/media\/475756"}],"wp:attachment":[{"href":"https:\/\/www.zunoticia.com\/noticias-de-hidalgo\/wp-json\/wp\/v2\/media?parent=475779"}],"wp:term":[{"taxonomy":"category","embeddable":true,"href":"https:\/\/www.zunoticia.com\/noticias-de-hidalgo\/wp-json\/wp\/v2\/categories?post=475779"},{"taxonomy":"post_tag","embeddable":true,"href":"https:\/\/www.zunoticia.com\/noticias-de-hidalgo\/wp-json\/wp\/v2\/tags?post=475779"}],"curies":[{"name":"wp","href":"https:\/\/api.w.org\/{rel}","templated":true}]}}