{"id":475792,"date":"2023-04-03T21:15:25","date_gmt":"2023-04-04T03:15:25","guid":{"rendered":"https:\/\/www.zunoticia.com\/noticias-de-hidalgo\/?p=475792"},"modified":"2023-04-03T21:15:28","modified_gmt":"2023-04-04T03:15:28","slug":"los-murales-transforman-nuestros-espacios-dando-significado-y-color-daz","status":"publish","type":"post","link":"https:\/\/www.zunoticia.com\/noticias-de-hidalgo\/2023\/04\/03\/los-murales-transforman-nuestros-espacios-dando-significado-y-color-daz\/","title":{"rendered":"Los murales transforman nuestros espacios, dando significado y color: DAZ"},"content":{"rendered":"<aside class=\"mashsb-container mashsb-main mashsb-stretched\"><div class=\"mashsb-box\"><div class=\"mashsb-count mash-large\" style=\"float:left\"><div class=\"counts mashsbcount\">16<\/div><span class=\"mashsb-sharetext\">SHARES<\/span><\/div><div class=\"mashsb-buttons\"><a class=\"mashicon-facebook mash-large mash-center mashsb-noshadow\" href=\"https:\/\/www.facebook.com\/sharer.php?u=https%3A%2F%2Fwww.zunoticia.com%2Fnoticias-de-hidalgo%2F2023%2F04%2F03%2Flos-murales-transforman-nuestros-espacios-dando-significado-y-color-daz%2F\" target=\"_top\" rel=\"nofollow\"><span class=\"icon\"><\/span><span class=\"text\">Share<\/span><\/a><a class=\"mashicon-twitter mash-large mash-center mashsb-noshadow\" href=\"https:\/\/twitter.com\/intent\/tweet?text=&amp;url=https:\/\/www.zunoticia.com\/noticias-de-hidalgo\/2023\/04\/03\/los-murales-transforman-nuestros-espacios-dando-significado-y-color-daz\/\" target=\"_top\" rel=\"nofollow\"><span class=\"icon\"><\/span><span class=\"text\">Tweet<\/span><\/a><div class=\"onoffswitch2 mash-large mashsb-noshadow\" style=\"display:none\"><\/div><\/div>\n            <\/div>\n                <div style=\"clear:both\"><\/div><div class=\"mashsb-toggle-container\"><\/div><\/aside>\n            <!-- Share buttons by mashshare.net - Version: 4.0.47-->\n<ul class=\"wp-block-list\">\n<li>\u201cHoy y siempre contar\u00e1n con mi respaldo y el de las distintas \u00e1reas que conforman el Gobierno Municipal de Huejutla\u201d, cit\u00f3 el alcalde Daniel Andrade Zurutuza.<\/li>\n<\/ul>\n\n\n\n<p><em>Por Karen Rivera\/Zunoticia<\/em><\/p>\n\n\n\n<p><strong>Huejutla de Reyes, Hgo.-<\/strong> El pasado fin de semana en la barda de la calle Leonardo Valle y Allende, se llev\u00f3 a cabo la pinta de grafitis como parte de un festival urbano realizado por un grupo de j\u00f3venes que conforman \u201cSomos la Resistencia\u201d, mural que fue inaugurado por el presidente municipal, Daniel Andrade Zurutuza.<\/p>\n\n\n\n<p>El pasado s\u00e1bado desde muy temprana hora se cont\u00f3 con la participaci\u00f3n de j\u00f3venes que plasmaron en la barda de la Escuela Secundaria General \u201cH\u00e9roe Antonio Reyes\u201d grafitis con diferentes tem\u00e1ticas y cada trazo llev\u00f3 un tiempo determinado para armar estas obras de arte.<\/p>\n\n\n\n<p>Durante el d\u00eda se programaron batallas de freestyle 1 vs 1, donde con rimas y palabras aplastaban a sus contrincantes.<\/p>\n\n\n\n<p>En este evento tambi\u00e9n se cont\u00f3 con la participaci\u00f3n del grupo de pintura de la Ciudad de las Artes, el cual fue encabezado por Nubia Damaris Hern\u00e1ndez Cruz, presidente y fundadora de dicha escuela, quien, junto con Brenda San Juan Hern\u00e1ndez, licenciada en Artes Visuales por el Instituto de las Artes de la UAEH, plasmaron una imagen sobre la no violencia.<\/p>\n\n\n\n<p>Tambi\u00e9n se cont\u00f3 con m\u00fasica en vivo y otras actividades m\u00e1s.<\/p>\n\n\n\n<p>Por la tarde del domingo el presidente municipal, Daniel Andrade Zurutuza inaugur\u00f3 los grafitis del festival \u201cSomos la Resistencia\u201d, donde se cont\u00f3 con un total de 42 grafitis realizados en la barda de la ESGHAR, adem\u00e1s de contar con la participaci\u00f3n de 10 raperos que se enfrentaron en batallas de freestyle.<\/p>\n\n\n\n<figure class=\"wp-block-image size-large\"><img fetchpriority=\"high\" decoding=\"async\" width=\"1024\" height=\"577\" src=\"https:\/\/www.zunoticia.com\/noticias-de-hidalgo\/wp-content\/uploads\/2023\/04\/eZy-Watermark-03-04-2023-09-09-18p.m.-1024x577.jpg\" alt=\"\" class=\"wp-image-475795\" srcset=\"https:\/\/www.zunoticia.com\/noticias-de-hidalgo\/wp-content\/uploads\/2023\/04\/eZy-Watermark-03-04-2023-09-09-18p.m.-1024x577.jpg 1024w, https:\/\/www.zunoticia.com\/noticias-de-hidalgo\/wp-content\/uploads\/2023\/04\/eZy-Watermark-03-04-2023-09-09-18p.m.-300x169.jpg 300w, https:\/\/www.zunoticia.com\/noticias-de-hidalgo\/wp-content\/uploads\/2023\/04\/eZy-Watermark-03-04-2023-09-09-18p.m.-768x433.jpg 768w, https:\/\/www.zunoticia.com\/noticias-de-hidalgo\/wp-content\/uploads\/2023\/04\/eZy-Watermark-03-04-2023-09-09-18p.m..jpg 1280w\" sizes=\"(max-width: 1024px) 100vw, 1024px\" \/><figcaption class=\"wp-element-caption\">Estas son parte de las obras realizadas durante el evento urbano.<\/figcaption><\/figure>\n\n\n\n<p>En su mensaje el presidente municipal, Daniel Andrade, expres\u00f3 \u201cLos murales transforman nuestros espacios, dando significado y color a los muros que nos rodean, por ello, me dio gusto acompa\u00f1ar a las y los j\u00f3venes que forman parte de \u2018Somos la resistencia\u2019 en la inauguraci\u00f3n de los grafitis que dise\u00f1aron en la barda de la ESGHAR\u201d.<\/p>\n\n\n\n<p>\u201cFelicito a C\u00e9sar Mart\u00ednez (Euro) y Juan Castillo (Panda) por organizar esta actividad en nuestro municipio y convocar a exponentes de diversas latitudes del pa\u00eds y la regi\u00f3n\u201d.<\/p>\n\n\n\n<p>\u201cHoy y siempre contar\u00e1n con mi respaldo y el de las distintas \u00e1reas que conforman el Gobierno Municipal de Huejutla, para seguir fortaleciendo el intercambio art\u00edstico, cultural, de ideas y habilidades. \u00a1Enhorabuena, j\u00f3venes!\u201d, concluy\u00f3.<\/p>\n","protected":false},"excerpt":{"rendered":"<p>Por Karen Rivera\/Zunoticia Huejutla de Reyes, Hgo.- El pasado fin de semana en la barda de la calle Leonardo Valle y Allende, se llev\u00f3 a cabo la pinta de grafitis como parte de un festival urbano realizado por un grupo de j\u00f3venes que conforman \u201cSomos la Resistencia\u201d, mural que fue inaugurado por el presidente municipal,&hellip; <a class=\"more-link\" href=\"https:\/\/www.zunoticia.com\/noticias-de-hidalgo\/2023\/04\/03\/los-murales-transforman-nuestros-espacios-dando-significado-y-color-daz\/\">Seguir leyendo <span class=\"screen-reader-text\">Los murales transforman nuestros espacios, dando significado y color: DAZ<\/span><\/a><\/p>\n","protected":false},"author":12,"featured_media":475796,"comment_status":"closed","ping_status":"open","sticky":false,"template":"","format":"standard","meta":{"rop_custom_images_group":[],"rop_custom_messages_group":[],"rop_publish_now":"initial","rop_publish_now_accounts":{"facebook_10159540855086992_322828327761733":""},"rop_publish_now_history":[],"rop_publish_now_status":"pending","footnotes":""},"categories":[181],"tags":[121],"class_list":["post-475792","post","type-post","status-publish","format-standard","has-post-thumbnail","hentry","category-huejutla","tag-huejutla","entry"],"_links":{"self":[{"href":"https:\/\/www.zunoticia.com\/noticias-de-hidalgo\/wp-json\/wp\/v2\/posts\/475792","targetHints":{"allow":["GET"]}}],"collection":[{"href":"https:\/\/www.zunoticia.com\/noticias-de-hidalgo\/wp-json\/wp\/v2\/posts"}],"about":[{"href":"https:\/\/www.zunoticia.com\/noticias-de-hidalgo\/wp-json\/wp\/v2\/types\/post"}],"author":[{"embeddable":true,"href":"https:\/\/www.zunoticia.com\/noticias-de-hidalgo\/wp-json\/wp\/v2\/users\/12"}],"replies":[{"embeddable":true,"href":"https:\/\/www.zunoticia.com\/noticias-de-hidalgo\/wp-json\/wp\/v2\/comments?post=475792"}],"version-history":[{"count":1,"href":"https:\/\/www.zunoticia.com\/noticias-de-hidalgo\/wp-json\/wp\/v2\/posts\/475792\/revisions"}],"predecessor-version":[{"id":475797,"href":"https:\/\/www.zunoticia.com\/noticias-de-hidalgo\/wp-json\/wp\/v2\/posts\/475792\/revisions\/475797"}],"wp:featuredmedia":[{"embeddable":true,"href":"https:\/\/www.zunoticia.com\/noticias-de-hidalgo\/wp-json\/wp\/v2\/media\/475796"}],"wp:attachment":[{"href":"https:\/\/www.zunoticia.com\/noticias-de-hidalgo\/wp-json\/wp\/v2\/media?parent=475792"}],"wp:term":[{"taxonomy":"category","embeddable":true,"href":"https:\/\/www.zunoticia.com\/noticias-de-hidalgo\/wp-json\/wp\/v2\/categories?post=475792"},{"taxonomy":"post_tag","embeddable":true,"href":"https:\/\/www.zunoticia.com\/noticias-de-hidalgo\/wp-json\/wp\/v2\/tags?post=475792"}],"curies":[{"name":"wp","href":"https:\/\/api.w.org\/{rel}","templated":true}]}}