{"id":475800,"date":"2023-04-03T21:39:10","date_gmt":"2023-04-04T03:39:10","guid":{"rendered":"https:\/\/www.zunoticia.com\/noticias-de-hidalgo\/?p=475800"},"modified":"2023-04-03T21:39:11","modified_gmt":"2023-04-04T03:39:11","slug":"entrega-la-cidhpda-reconocimientos-a-destacados-periodistas-mexicanos","status":"publish","type":"post","link":"https:\/\/www.zunoticia.com\/noticias-de-hidalgo\/2023\/04\/03\/entrega-la-cidhpda-reconocimientos-a-destacados-periodistas-mexicanos\/","title":{"rendered":"Entrega La CIDHPDA reconocimientos a destacados periodistas mexicanos"},"content":{"rendered":"<aside class=\"mashsb-container mashsb-main mashsb-stretched\"><div class=\"mashsb-box\"><div class=\"mashsb-count mash-large\" style=\"float:left\"><div class=\"counts mashsbcount\">17<\/div><span class=\"mashsb-sharetext\">SHARES<\/span><\/div><div class=\"mashsb-buttons\"><a class=\"mashicon-facebook mash-large mash-center mashsb-noshadow\" href=\"https:\/\/www.facebook.com\/sharer.php?u=https%3A%2F%2Fwww.zunoticia.com%2Fnoticias-de-hidalgo%2F2023%2F04%2F03%2Fentrega-la-cidhpda-reconocimientos-a-destacados-periodistas-mexicanos%2F\" target=\"_top\" rel=\"nofollow\"><span class=\"icon\"><\/span><span class=\"text\">Share<\/span><\/a><a class=\"mashicon-twitter mash-large mash-center mashsb-noshadow\" href=\"https:\/\/twitter.com\/intent\/tweet?text=&amp;url=https:\/\/www.zunoticia.com\/noticias-de-hidalgo\/2023\/04\/03\/entrega-la-cidhpda-reconocimientos-a-destacados-periodistas-mexicanos\/\" target=\"_top\" rel=\"nofollow\"><span class=\"icon\"><\/span><span class=\"text\">Tweet<\/span><\/a><div class=\"onoffswitch2 mash-large mashsb-noshadow\" style=\"display:none\"><\/div><\/div>\n            <\/div>\n                <div style=\"clear:both\"><\/div><div class=\"mashsb-toggle-container\"><\/div><\/aside>\n            <!-- Share buttons by mashshare.net - Version: 4.0.47-->\n<ul class=\"wp-block-list\">\n<li>Entre ellos el medio Jacala Multimedios Sierra de Hidalgo.<\/li>\n<\/ul>\n\n\n\n<p><em>Por Redacci\u00f3n\/Zunoticia<\/em><\/p>\n\n\n\n<p><strong>Ciudad de M\u00e9xico, Hgo.-<\/strong> La Comisi\u00f3n Iberoamericana de Derechos Humanos para el Desarrollo de las Am\u00e9ricas (CIDHPDA), que preside V\u00edctor Hugo Guti\u00e9rrez Y\u00e1\u00f1ez, hizo un &nbsp;reconocimiento a periodistas de todo el pa\u00eds.<\/p>\n\n\n\n<p>Como cada a\u00f1o la CIDHPDA entreg\u00f3 premios a periodistas por su destacada trayectoria y trabajo en favor de los derechos humanos.<\/p>\n\n\n\n<figure class=\"wp-block-image size-large\"><img fetchpriority=\"high\" decoding=\"async\" width=\"1024\" height=\"550\" src=\"https:\/\/www.zunoticia.com\/noticias-de-hidalgo\/wp-content\/uploads\/2023\/04\/eZy-Watermark-03-04-2023-09-34-45p.m.-1024x550.jpg\" alt=\"\" class=\"wp-image-475804\" srcset=\"https:\/\/www.zunoticia.com\/noticias-de-hidalgo\/wp-content\/uploads\/2023\/04\/eZy-Watermark-03-04-2023-09-34-45p.m.-1024x550.jpg 1024w, https:\/\/www.zunoticia.com\/noticias-de-hidalgo\/wp-content\/uploads\/2023\/04\/eZy-Watermark-03-04-2023-09-34-45p.m.-300x161.jpg 300w, https:\/\/www.zunoticia.com\/noticias-de-hidalgo\/wp-content\/uploads\/2023\/04\/eZy-Watermark-03-04-2023-09-34-45p.m.-768x413.jpg 768w, https:\/\/www.zunoticia.com\/noticias-de-hidalgo\/wp-content\/uploads\/2023\/04\/eZy-Watermark-03-04-2023-09-34-45p.m..jpg 1280w\" sizes=\"(max-width: 1024px) 100vw, 1024px\" \/><\/figure>\n\n\n\n<p>En el evento, realizado en el Auditorio Octavio Paz del Senado de la Rep\u00fablica, estuvieron presentes los galardonados:<\/p>\n\n\n\n<p>Los hidalguenses de Jacala Multimedios Sierra de Hidalgo, Amalia Mart\u00ednez Austria y Rogelio Ortiz; Adriana Urrea, dirigente de SUTNotimex; Sanjuana Mart\u00ednez, directora de la agencia del Estado Mexicano; Esteban David Rodr\u00edguez, periodista de investigaci\u00f3n; Carlos Ramos Padilla, periodista de medios electr\u00f3nicos; Enrique Mu\u00f1oz Ram\u00edrez, columnista pol\u00edtico; Francisco Javier Siller Olvera, pionero del periodismo digital y fundador del Diario Inf\u00f3rmate, as\u00ed como Manuel G\u00f3mez Hern\u00e1ndez, por trayectoria period\u00edstica.<\/p>\n\n\n\n<p>En esta ocasi\u00f3n, Antonio Helguera Mart\u00ednez, caricaturista de La Jornada, recibi\u00f3 homenaje p\u00f3stumo.<\/p>\n","protected":false},"excerpt":{"rendered":"<p>Por Redacci\u00f3n\/Zunoticia Ciudad de M\u00e9xico, Hgo.- La Comisi\u00f3n Iberoamericana de Derechos Humanos para el Desarrollo de las Am\u00e9ricas (CIDHPDA), que preside V\u00edctor Hugo Guti\u00e9rrez Y\u00e1\u00f1ez, hizo un &nbsp;reconocimiento a periodistas de todo el pa\u00eds. Como cada a\u00f1o la CIDHPDA entreg\u00f3 premios a periodistas por su destacada trayectoria y trabajo en favor de los derechos humanos.&hellip; <a class=\"more-link\" href=\"https:\/\/www.zunoticia.com\/noticias-de-hidalgo\/2023\/04\/03\/entrega-la-cidhpda-reconocimientos-a-destacados-periodistas-mexicanos\/\">Seguir leyendo <span class=\"screen-reader-text\">Entrega La CIDHPDA reconocimientos a destacados periodistas mexicanos<\/span><\/a><\/p>\n","protected":false},"author":12,"featured_media":475803,"comment_status":"closed","ping_status":"open","sticky":false,"template":"","format":"standard","meta":{"rop_custom_images_group":[],"rop_custom_messages_group":[],"rop_publish_now":"initial","rop_publish_now_accounts":{"facebook_10159540855086992_322828327761733":""},"rop_publish_now_history":[],"rop_publish_now_status":"pending","footnotes":""},"categories":[208],"tags":[214],"class_list":["post-475800","post","type-post","status-publish","format-standard","has-post-thumbnail","hentry","category-estado","tag-estado","entry"],"_links":{"self":[{"href":"https:\/\/www.zunoticia.com\/noticias-de-hidalgo\/wp-json\/wp\/v2\/posts\/475800","targetHints":{"allow":["GET"]}}],"collection":[{"href":"https:\/\/www.zunoticia.com\/noticias-de-hidalgo\/wp-json\/wp\/v2\/posts"}],"about":[{"href":"https:\/\/www.zunoticia.com\/noticias-de-hidalgo\/wp-json\/wp\/v2\/types\/post"}],"author":[{"embeddable":true,"href":"https:\/\/www.zunoticia.com\/noticias-de-hidalgo\/wp-json\/wp\/v2\/users\/12"}],"replies":[{"embeddable":true,"href":"https:\/\/www.zunoticia.com\/noticias-de-hidalgo\/wp-json\/wp\/v2\/comments?post=475800"}],"version-history":[{"count":1,"href":"https:\/\/www.zunoticia.com\/noticias-de-hidalgo\/wp-json\/wp\/v2\/posts\/475800\/revisions"}],"predecessor-version":[{"id":475805,"href":"https:\/\/www.zunoticia.com\/noticias-de-hidalgo\/wp-json\/wp\/v2\/posts\/475800\/revisions\/475805"}],"wp:featuredmedia":[{"embeddable":true,"href":"https:\/\/www.zunoticia.com\/noticias-de-hidalgo\/wp-json\/wp\/v2\/media\/475803"}],"wp:attachment":[{"href":"https:\/\/www.zunoticia.com\/noticias-de-hidalgo\/wp-json\/wp\/v2\/media?parent=475800"}],"wp:term":[{"taxonomy":"category","embeddable":true,"href":"https:\/\/www.zunoticia.com\/noticias-de-hidalgo\/wp-json\/wp\/v2\/categories?post=475800"},{"taxonomy":"post_tag","embeddable":true,"href":"https:\/\/www.zunoticia.com\/noticias-de-hidalgo\/wp-json\/wp\/v2\/tags?post=475800"}],"curies":[{"name":"wp","href":"https:\/\/api.w.org\/{rel}","templated":true}]}}