{"id":475983,"date":"2023-04-05T12:23:27","date_gmt":"2023-04-05T18:23:27","guid":{"rendered":"https:\/\/www.zunoticia.com\/noticias-de-hidalgo\/?p=475983"},"modified":"2023-04-05T12:23:28","modified_gmt":"2023-04-05T18:23:28","slug":"celebra-obispo-misa-por-los-enfermos","status":"publish","type":"post","link":"https:\/\/www.zunoticia.com\/noticias-de-hidalgo\/2023\/04\/05\/celebra-obispo-misa-por-los-enfermos\/","title":{"rendered":"Celebra Obispo Misa por los enfermos"},"content":{"rendered":"<aside class=\"mashsb-container mashsb-main mashsb-stretched\"><div class=\"mashsb-box\"><div class=\"mashsb-count mash-large\" style=\"float:left\"><div class=\"counts mashsbcount\">26<\/div><span class=\"mashsb-sharetext\">SHARES<\/span><\/div><div class=\"mashsb-buttons\"><a class=\"mashicon-facebook mash-large mash-center mashsb-noshadow\" href=\"https:\/\/www.facebook.com\/sharer.php?u=https%3A%2F%2Fwww.zunoticia.com%2Fnoticias-de-hidalgo%2F2023%2F04%2F05%2Fcelebra-obispo-misa-por-los-enfermos%2F\" target=\"_top\" rel=\"nofollow\"><span class=\"icon\"><\/span><span class=\"text\">Share<\/span><\/a><a class=\"mashicon-twitter mash-large mash-center mashsb-noshadow\" href=\"https:\/\/twitter.com\/intent\/tweet?text=&amp;url=https:\/\/www.zunoticia.com\/noticias-de-hidalgo\/2023\/04\/05\/celebra-obispo-misa-por-los-enfermos\/\" target=\"_top\" rel=\"nofollow\"><span class=\"icon\"><\/span><span class=\"text\">Tweet<\/span><\/a><div class=\"onoffswitch2 mash-large mashsb-noshadow\" style=\"display:none\"><\/div><\/div>\n            <\/div>\n                <div style=\"clear:both\"><\/div><div class=\"mashsb-toggle-container\"><\/div><\/aside>\n            <!-- Share buttons by mashshare.net - Version: 4.0.47-->\n<p><em>Por Enedino Hern\u00e1ndez\/Zunoticia<\/em><\/p>\n\n\n\n<p><strong>Huejutla, Hgo<\/strong>.- Como parte de las actividades religiosas programadas durante la Semana Santa 2023, el Obispo de la Di\u00f3cesis de Huejutla, Jos\u00e9 Hir\u00e1is Acosta Beltr\u00e1n, celebr\u00f3 la Misa de enfermos.<\/p>\n\n\n\n<p>La concelebraci\u00f3n eucar\u00edstica se llev\u00f3 a cabo despu\u00e9s de las 10:00 horas de este Mi\u00e9rcoles Santo, en la parroquia del Sagrario Catedral de esta ciudad de Huejutla de Reyes.<\/p>\n\n\n\n<p>Durante la concelebraci\u00f3n eucar\u00edstica se pidi\u00f3 principalmente por la salud de los sacerdotes enfermos, por los agentes de Pastoral enfermos y sus familias; y en t\u00e9rminos generales por la salud de todos los enfermos.<\/p>\n\n\n\n<p>Finalmente es importante se\u00f1alar que las familias huejutlenses presentaron en misa a sus familiares enfermos, por quienes pidieron por su pronta recuperaci\u00f3n.<\/p>\n\n\n\n<p>Jos\u00e9 Hir\u00e1is Acosta Beltr\u00e1n pidi\u00f3 por la salud y por la pronta recuperaci\u00f3n de todos los enfermos, por quienes est\u00e1n en casa y quienes est\u00e1n en los hospitales.<\/p>\n\n\n\n<figure class=\"wp-block-gallery has-nested-images columns-default is-cropped wp-block-gallery-1 is-layout-flex wp-block-gallery-is-layout-flex\">\n<figure class=\"wp-block-image size-large\"><img fetchpriority=\"high\" decoding=\"async\" width=\"940\" height=\"788\" data-id=\"475985\" src=\"https:\/\/www.zunoticia.com\/noticias-de-hidalgo\/wp-content\/uploads\/2023\/04\/1-23.png\" alt=\"\" class=\"wp-image-475985\" srcset=\"https:\/\/www.zunoticia.com\/noticias-de-hidalgo\/wp-content\/uploads\/2023\/04\/1-23.png 940w, https:\/\/www.zunoticia.com\/noticias-de-hidalgo\/wp-content\/uploads\/2023\/04\/1-23-300x251.png 300w, https:\/\/www.zunoticia.com\/noticias-de-hidalgo\/wp-content\/uploads\/2023\/04\/1-23-768x644.png 768w\" sizes=\"(max-width: 940px) 100vw, 940px\" \/><\/figure>\n\n\n\n<figure class=\"wp-block-image size-large\"><img decoding=\"async\" width=\"940\" height=\"788\" data-id=\"475986\" src=\"https:\/\/www.zunoticia.com\/noticias-de-hidalgo\/wp-content\/uploads\/2023\/04\/2-21.png\" alt=\"\" class=\"wp-image-475986\" srcset=\"https:\/\/www.zunoticia.com\/noticias-de-hidalgo\/wp-content\/uploads\/2023\/04\/2-21.png 940w, https:\/\/www.zunoticia.com\/noticias-de-hidalgo\/wp-content\/uploads\/2023\/04\/2-21-300x251.png 300w, https:\/\/www.zunoticia.com\/noticias-de-hidalgo\/wp-content\/uploads\/2023\/04\/2-21-768x644.png 768w\" sizes=\"(max-width: 940px) 100vw, 940px\" \/><\/figure>\n<\/figure>\n","protected":false},"excerpt":{"rendered":"<p>Por Enedino Hern\u00e1ndez\/Zunoticia Huejutla, Hgo.- Como parte de las actividades religiosas programadas durante la Semana Santa 2023, el Obispo de la Di\u00f3cesis de Huejutla, Jos\u00e9 Hir\u00e1is Acosta Beltr\u00e1n, celebr\u00f3 la Misa de enfermos. La concelebraci\u00f3n eucar\u00edstica se llev\u00f3 a cabo despu\u00e9s de las 10:00 horas de este Mi\u00e9rcoles Santo, en la parroquia del Sagrario Catedral&hellip; <a class=\"more-link\" href=\"https:\/\/www.zunoticia.com\/noticias-de-hidalgo\/2023\/04\/05\/celebra-obispo-misa-por-los-enfermos\/\">Seguir leyendo <span class=\"screen-reader-text\">Celebra Obispo Misa por los enfermos<\/span><\/a><\/p>\n","protected":false},"author":20,"featured_media":475984,"comment_status":"closed","ping_status":"open","sticky":false,"template":"","format":"standard","meta":{"rop_custom_images_group":[],"rop_custom_messages_group":[],"rop_publish_now":"initial","rop_publish_now_accounts":{"facebook_10159540855086992_322828327761733":""},"rop_publish_now_history":[],"rop_publish_now_status":"pending","footnotes":""},"categories":[181],"tags":[121],"class_list":["post-475983","post","type-post","status-publish","format-standard","has-post-thumbnail","hentry","category-huejutla","tag-huejutla","entry"],"_links":{"self":[{"href":"https:\/\/www.zunoticia.com\/noticias-de-hidalgo\/wp-json\/wp\/v2\/posts\/475983","targetHints":{"allow":["GET"]}}],"collection":[{"href":"https:\/\/www.zunoticia.com\/noticias-de-hidalgo\/wp-json\/wp\/v2\/posts"}],"about":[{"href":"https:\/\/www.zunoticia.com\/noticias-de-hidalgo\/wp-json\/wp\/v2\/types\/post"}],"author":[{"embeddable":true,"href":"https:\/\/www.zunoticia.com\/noticias-de-hidalgo\/wp-json\/wp\/v2\/users\/20"}],"replies":[{"embeddable":true,"href":"https:\/\/www.zunoticia.com\/noticias-de-hidalgo\/wp-json\/wp\/v2\/comments?post=475983"}],"version-history":[{"count":1,"href":"https:\/\/www.zunoticia.com\/noticias-de-hidalgo\/wp-json\/wp\/v2\/posts\/475983\/revisions"}],"predecessor-version":[{"id":475987,"href":"https:\/\/www.zunoticia.com\/noticias-de-hidalgo\/wp-json\/wp\/v2\/posts\/475983\/revisions\/475987"}],"wp:featuredmedia":[{"embeddable":true,"href":"https:\/\/www.zunoticia.com\/noticias-de-hidalgo\/wp-json\/wp\/v2\/media\/475984"}],"wp:attachment":[{"href":"https:\/\/www.zunoticia.com\/noticias-de-hidalgo\/wp-json\/wp\/v2\/media?parent=475983"}],"wp:term":[{"taxonomy":"category","embeddable":true,"href":"https:\/\/www.zunoticia.com\/noticias-de-hidalgo\/wp-json\/wp\/v2\/categories?post=475983"},{"taxonomy":"post_tag","embeddable":true,"href":"https:\/\/www.zunoticia.com\/noticias-de-hidalgo\/wp-json\/wp\/v2\/tags?post=475983"}],"curies":[{"name":"wp","href":"https:\/\/api.w.org\/{rel}","templated":true}]}}