{"id":475988,"date":"2023-04-05T13:30:50","date_gmt":"2023-04-05T19:30:50","guid":{"rendered":"https:\/\/www.zunoticia.com\/noticias-de-hidalgo\/?p=475988"},"modified":"2023-04-05T13:30:51","modified_gmt":"2023-04-05T19:30:51","slug":"detalla-delegado-de-la-zona-centro-magno-proyecto-que-optimizara-centro-historico","status":"publish","type":"post","link":"https:\/\/www.zunoticia.com\/noticias-de-hidalgo\/2023\/04\/05\/detalla-delegado-de-la-zona-centro-magno-proyecto-que-optimizara-centro-historico\/","title":{"rendered":"Detalla delegado de la Zona Centro magno proyecto que optimizar\u00e1 Centro Hist\u00f3rico"},"content":{"rendered":"<aside class=\"mashsb-container mashsb-main mashsb-stretched\"><div class=\"mashsb-box\"><div class=\"mashsb-count mash-large\" style=\"float:left\"><div class=\"counts mashsbcount\">29<\/div><span class=\"mashsb-sharetext\">SHARES<\/span><\/div><div class=\"mashsb-buttons\"><a class=\"mashicon-facebook mash-large mash-center mashsb-noshadow\" href=\"https:\/\/www.facebook.com\/sharer.php?u=https%3A%2F%2Fwww.zunoticia.com%2Fnoticias-de-hidalgo%2F2023%2F04%2F05%2Fdetalla-delegado-de-la-zona-centro-magno-proyecto-que-optimizara-centro-historico%2F\" target=\"_top\" rel=\"nofollow\"><span class=\"icon\"><\/span><span class=\"text\">Share<\/span><\/a><a class=\"mashicon-twitter mash-large mash-center mashsb-noshadow\" href=\"https:\/\/twitter.com\/intent\/tweet?text=&amp;url=https:\/\/www.zunoticia.com\/noticias-de-hidalgo\/2023\/04\/05\/detalla-delegado-de-la-zona-centro-magno-proyecto-que-optimizara-centro-historico\/\" target=\"_top\" rel=\"nofollow\"><span class=\"icon\"><\/span><span class=\"text\">Tweet<\/span><\/a><div class=\"onoffswitch2 mash-large mashsb-noshadow\" style=\"display:none\"><\/div><\/div>\n            <\/div>\n                <div style=\"clear:both\"><\/div><div class=\"mashsb-toggle-container\"><\/div><\/aside>\n            <!-- Share buttons by mashshare.net - Version: 4.0.47-->\n<p><\/p>\n\n\n\n<p><em>Por Salvador Altamirano\/Zunoticia<\/em><\/p>\n\n\n\n<p><strong>Huejutla, Hgo<\/strong>.- \u201cDerivado de una solicitud que le present\u00e9 hace aproximadamente dos meses al alcalde Daniel Andrade Zurutuza, aunado a la petici\u00f3n p\u00fablica ciudadana, personal adscrito al municipio le est\u00e1 dando mantenimiento al Centro Hist\u00f3rico\u201d.<\/p>\n\n\n\n<p>Lo anterior fue expresado por el delegado municipal de la Zona Centro, Felipe de Jes\u00fas Rodr\u00edguez Vera, quien agreg\u00f3 que en primer t\u00e9rmino se est\u00e1n rehabilitando las 88 bancas de hierro que hay en el sector, de las cuales 44, o sea la mitad, est\u00e1n siendo reparadas, no nada m\u00e1s pintadas, ya que presentaban un acentuado deterioro.<\/p>\n\n\n\n<p>A\u00f1adi\u00f3 que, de manera simult\u00e1nea, se reparan los barandales de las jardineras del Parque Central denominado &#8220;Francisco Mariel&#8221;, por lo que en su lugar se encuentra su busto, as\u00ed mismo se rehabilita de manera plena el sistema de alumbrado p\u00fablico.<\/p>\n\n\n\n<p>En el mismo contexto, detall\u00f3 que seg\u00fan expres\u00f3 el mandatario municipal, entre otros aspectos ahora de remodelaci\u00f3n tendientes a embellecer el Centro Hist\u00f3rico de Huejutla, se tiene el proyecto de cambiar el adoqu\u00edn de la plaza de la Revoluci\u00f3n Mexicana; remodelar la asta bandera y se plasmar\u00e1 otro mural en la pared lateral de la calle Hidalgo de la Escuela Primaria \u201cBenito Ju\u00e1rez\u201d.<\/p>\n\n\n\n<p>Para concluir, Rodr\u00edguez Vera coment\u00f3 que, entre otras obras de mejoramiento del primer cuadro de la poblaci\u00f3n, se planea rehabilitar el empedrado de la rampa de acceso a la Iglesia Catedral, en donde se colocar\u00e1 un monumento de Cristo Rey.<\/p>\n\n\n\n<p><\/p>\n\n\n\n<figure class=\"wp-block-image size-full\"><img fetchpriority=\"high\" decoding=\"async\" width=\"940\" height=\"788\" src=\"https:\/\/www.zunoticia.com\/noticias-de-hidalgo\/wp-content\/uploads\/2023\/04\/2-22.png\" alt=\"\" class=\"wp-image-475990\" srcset=\"https:\/\/www.zunoticia.com\/noticias-de-hidalgo\/wp-content\/uploads\/2023\/04\/2-22.png 940w, https:\/\/www.zunoticia.com\/noticias-de-hidalgo\/wp-content\/uploads\/2023\/04\/2-22-300x251.png 300w, https:\/\/www.zunoticia.com\/noticias-de-hidalgo\/wp-content\/uploads\/2023\/04\/2-22-768x644.png 768w\" sizes=\"(max-width: 940px) 100vw, 940px\" \/><\/figure>\n","protected":false},"excerpt":{"rendered":"<p>Por Salvador Altamirano\/Zunoticia Huejutla, Hgo.- \u201cDerivado de una solicitud que le present\u00e9 hace aproximadamente dos meses al alcalde Daniel Andrade Zurutuza, aunado a la petici\u00f3n p\u00fablica ciudadana, personal adscrito al municipio le est\u00e1 dando mantenimiento al Centro Hist\u00f3rico\u201d. Lo anterior fue expresado por el delegado municipal de la Zona Centro, Felipe de Jes\u00fas Rodr\u00edguez Vera,&hellip; <a class=\"more-link\" href=\"https:\/\/www.zunoticia.com\/noticias-de-hidalgo\/2023\/04\/05\/detalla-delegado-de-la-zona-centro-magno-proyecto-que-optimizara-centro-historico\/\">Seguir leyendo <span class=\"screen-reader-text\">Detalla delegado de la Zona Centro magno proyecto que optimizar\u00e1 Centro Hist\u00f3rico<\/span><\/a><\/p>\n","protected":false},"author":20,"featured_media":475989,"comment_status":"closed","ping_status":"open","sticky":false,"template":"","format":"standard","meta":{"rop_custom_images_group":[],"rop_custom_messages_group":[],"rop_publish_now":"initial","rop_publish_now_accounts":{"facebook_10159540855086992_322828327761733":""},"rop_publish_now_history":[],"rop_publish_now_status":"pending","footnotes":""},"categories":[181],"tags":[121],"class_list":["post-475988","post","type-post","status-publish","format-standard","has-post-thumbnail","hentry","category-huejutla","tag-huejutla","entry"],"_links":{"self":[{"href":"https:\/\/www.zunoticia.com\/noticias-de-hidalgo\/wp-json\/wp\/v2\/posts\/475988","targetHints":{"allow":["GET"]}}],"collection":[{"href":"https:\/\/www.zunoticia.com\/noticias-de-hidalgo\/wp-json\/wp\/v2\/posts"}],"about":[{"href":"https:\/\/www.zunoticia.com\/noticias-de-hidalgo\/wp-json\/wp\/v2\/types\/post"}],"author":[{"embeddable":true,"href":"https:\/\/www.zunoticia.com\/noticias-de-hidalgo\/wp-json\/wp\/v2\/users\/20"}],"replies":[{"embeddable":true,"href":"https:\/\/www.zunoticia.com\/noticias-de-hidalgo\/wp-json\/wp\/v2\/comments?post=475988"}],"version-history":[{"count":1,"href":"https:\/\/www.zunoticia.com\/noticias-de-hidalgo\/wp-json\/wp\/v2\/posts\/475988\/revisions"}],"predecessor-version":[{"id":475991,"href":"https:\/\/www.zunoticia.com\/noticias-de-hidalgo\/wp-json\/wp\/v2\/posts\/475988\/revisions\/475991"}],"wp:featuredmedia":[{"embeddable":true,"href":"https:\/\/www.zunoticia.com\/noticias-de-hidalgo\/wp-json\/wp\/v2\/media\/475989"}],"wp:attachment":[{"href":"https:\/\/www.zunoticia.com\/noticias-de-hidalgo\/wp-json\/wp\/v2\/media?parent=475988"}],"wp:term":[{"taxonomy":"category","embeddable":true,"href":"https:\/\/www.zunoticia.com\/noticias-de-hidalgo\/wp-json\/wp\/v2\/categories?post=475988"},{"taxonomy":"post_tag","embeddable":true,"href":"https:\/\/www.zunoticia.com\/noticias-de-hidalgo\/wp-json\/wp\/v2\/tags?post=475988"}],"curies":[{"name":"wp","href":"https:\/\/api.w.org\/{rel}","templated":true}]}}