{"id":476067,"date":"2023-04-05T20:05:07","date_gmt":"2023-04-06T02:05:07","guid":{"rendered":"https:\/\/www.zunoticia.com\/noticias-de-hidalgo\/?p=476067"},"modified":"2023-04-05T20:05:08","modified_gmt":"2023-04-06T02:05:08","slug":"ninos-representaran-la-pasion-y-muerte-de-jesus","status":"publish","type":"post","link":"https:\/\/www.zunoticia.com\/noticias-de-hidalgo\/2023\/04\/05\/ninos-representaran-la-pasion-y-muerte-de-jesus\/","title":{"rendered":"Ni\u00f1os representar\u00e1n la pasi\u00f3n y muerte de Jes\u00fas"},"content":{"rendered":"<aside class=\"mashsb-container mashsb-main mashsb-stretched\"><div class=\"mashsb-box\"><div class=\"mashsb-count mash-large\" style=\"float:left\"><div class=\"counts mashsbcount\">59<\/div><span class=\"mashsb-sharetext\">SHARES<\/span><\/div><div class=\"mashsb-buttons\"><a class=\"mashicon-facebook mash-large mash-center mashsb-noshadow\" href=\"https:\/\/www.facebook.com\/sharer.php?u=https%3A%2F%2Fwww.zunoticia.com%2Fnoticias-de-hidalgo%2F2023%2F04%2F05%2Fninos-representaran-la-pasion-y-muerte-de-jesus%2F\" target=\"_top\" rel=\"nofollow\"><span class=\"icon\"><\/span><span class=\"text\">Share<\/span><\/a><a class=\"mashicon-twitter mash-large mash-center mashsb-noshadow\" href=\"https:\/\/twitter.com\/intent\/tweet?text=&amp;url=https:\/\/www.zunoticia.com\/noticias-de-hidalgo\/2023\/04\/05\/ninos-representaran-la-pasion-y-muerte-de-jesus\/\" target=\"_top\" rel=\"nofollow\"><span class=\"icon\"><\/span><span class=\"text\">Tweet<\/span><\/a><div class=\"onoffswitch2 mash-large mashsb-noshadow\" style=\"display:none\"><\/div><\/div>\n            <\/div>\n                <div style=\"clear:both\"><\/div><div class=\"mashsb-toggle-container\"><\/div><\/aside>\n            <!-- Share buttons by mashshare.net - Version: 4.0.47-->\n<p><em>Por Roberto Meza\/Zunoticia<\/em><\/p>\n\n\n\n<p><strong>Yahualica, Hgo.-<\/strong> Ni\u00f1os de varias comunidades de la regi\u00f3n de Tepehixpa de esta municipalidad representar\u00e1n la pasi\u00f3n y muerte de Jes\u00fas, evento que se realizar\u00e1 el pr\u00f3ximo viernes a partir de las 9:00 de la ma\u00f1ana, por lo que con toda oportunidad se est\u00e1n preparando para esa representaci\u00f3n, se\u00f1al\u00f3 el padre Luis Javier Bautista Bautista.<\/p>\n\n\n\n<p>El religioso resalt\u00f3 que esto tiene como prop\u00f3sito fortalecer la fe cat\u00f3lica en las comunidades y sobre todo que los infantes sepan apreciar las grandes obras que realiz\u00f3 Jes\u00fas, agregando que es la segunda ocasi\u00f3n que se habr\u00e1 de realizar esta representaci\u00f3n viviente, esto durante el viacrucis del pr\u00f3ximo viernes.<\/p>\n\n\n\n<p>Para terminar, invit\u00f3 a todos los cat\u00f3licos de las comunidades de esta cordillera para que hagan acto de presencia en las actividades de Semana Santa, como parte de las actividades religiosas que se llevan a cabo en la capilla San Juan Diego de la comunidad de Tepehixpa.<\/p>\n","protected":false},"excerpt":{"rendered":"<p>Por Roberto Meza\/Zunoticia Yahualica, Hgo.- Ni\u00f1os de varias comunidades de la regi\u00f3n de Tepehixpa de esta municipalidad representar\u00e1n la pasi\u00f3n y muerte de Jes\u00fas, evento que se realizar\u00e1 el pr\u00f3ximo viernes a partir de las 9:00 de la ma\u00f1ana, por lo que con toda oportunidad se est\u00e1n preparando para esa representaci\u00f3n, se\u00f1al\u00f3 el padre Luis&hellip; <a class=\"more-link\" href=\"https:\/\/www.zunoticia.com\/noticias-de-hidalgo\/2023\/04\/05\/ninos-representaran-la-pasion-y-muerte-de-jesus\/\">Seguir leyendo <span class=\"screen-reader-text\">Ni\u00f1os representar\u00e1n la pasi\u00f3n y muerte de Jes\u00fas<\/span><\/a><\/p>\n","protected":false},"author":12,"featured_media":476049,"comment_status":"closed","ping_status":"open","sticky":false,"template":"","format":"standard","meta":{"rop_custom_images_group":[],"rop_custom_messages_group":[],"rop_publish_now":"initial","rop_publish_now_accounts":{"facebook_10159540855086992_322828327761733":""},"rop_publish_now_history":[],"rop_publish_now_status":"pending","footnotes":""},"categories":[179,203],"tags":[123],"class_list":["post-476067","post","type-post","status-publish","format-standard","has-post-thumbnail","hentry","category-huasteca","category-yahualica","tag-yahualica","entry"],"_links":{"self":[{"href":"https:\/\/www.zunoticia.com\/noticias-de-hidalgo\/wp-json\/wp\/v2\/posts\/476067","targetHints":{"allow":["GET"]}}],"collection":[{"href":"https:\/\/www.zunoticia.com\/noticias-de-hidalgo\/wp-json\/wp\/v2\/posts"}],"about":[{"href":"https:\/\/www.zunoticia.com\/noticias-de-hidalgo\/wp-json\/wp\/v2\/types\/post"}],"author":[{"embeddable":true,"href":"https:\/\/www.zunoticia.com\/noticias-de-hidalgo\/wp-json\/wp\/v2\/users\/12"}],"replies":[{"embeddable":true,"href":"https:\/\/www.zunoticia.com\/noticias-de-hidalgo\/wp-json\/wp\/v2\/comments?post=476067"}],"version-history":[{"count":1,"href":"https:\/\/www.zunoticia.com\/noticias-de-hidalgo\/wp-json\/wp\/v2\/posts\/476067\/revisions"}],"predecessor-version":[{"id":476074,"href":"https:\/\/www.zunoticia.com\/noticias-de-hidalgo\/wp-json\/wp\/v2\/posts\/476067\/revisions\/476074"}],"wp:featuredmedia":[{"embeddable":true,"href":"https:\/\/www.zunoticia.com\/noticias-de-hidalgo\/wp-json\/wp\/v2\/media\/476049"}],"wp:attachment":[{"href":"https:\/\/www.zunoticia.com\/noticias-de-hidalgo\/wp-json\/wp\/v2\/media?parent=476067"}],"wp:term":[{"taxonomy":"category","embeddable":true,"href":"https:\/\/www.zunoticia.com\/noticias-de-hidalgo\/wp-json\/wp\/v2\/categories?post=476067"},{"taxonomy":"post_tag","embeddable":true,"href":"https:\/\/www.zunoticia.com\/noticias-de-hidalgo\/wp-json\/wp\/v2\/tags?post=476067"}],"curies":[{"name":"wp","href":"https:\/\/api.w.org\/{rel}","templated":true}]}}