{"id":476090,"date":"2023-04-05T20:41:41","date_gmt":"2023-04-06T02:41:41","guid":{"rendered":"https:\/\/www.zunoticia.com\/noticias-de-hidalgo\/?p=476090"},"modified":"2023-04-05T20:41:45","modified_gmt":"2023-04-06T02:41:45","slug":"organiza-dif-municipal-la-conmemoracion-del-dia-internacional-del-libro-iniesta-mondragon","status":"publish","type":"post","link":"https:\/\/www.zunoticia.com\/noticias-de-hidalgo\/2023\/04\/05\/organiza-dif-municipal-la-conmemoracion-del-dia-internacional-del-libro-iniesta-mondragon\/","title":{"rendered":"Organiza DIF Municipal la conmemoraci\u00f3n del &#8220;D\u00eda Internacional del Libro&#8221;: Iniesta Mondrag\u00f3n"},"content":{"rendered":"<aside class=\"mashsb-container mashsb-main mashsb-stretched\"><div class=\"mashsb-box\"><div class=\"mashsb-count mash-large\" style=\"float:left\"><div class=\"counts mashsbcount\">24<\/div><span class=\"mashsb-sharetext\">SHARES<\/span><\/div><div class=\"mashsb-buttons\"><a class=\"mashicon-facebook mash-large mash-center mashsb-noshadow\" href=\"https:\/\/www.facebook.com\/sharer.php?u=https%3A%2F%2Fwww.zunoticia.com%2Fnoticias-de-hidalgo%2F2023%2F04%2F05%2Forganiza-dif-municipal-la-conmemoracion-del-dia-internacional-del-libro-iniesta-mondragon%2F\" target=\"_top\" rel=\"nofollow\"><span class=\"icon\"><\/span><span class=\"text\">Share<\/span><\/a><a class=\"mashicon-twitter mash-large mash-center mashsb-noshadow\" href=\"https:\/\/twitter.com\/intent\/tweet?text=&amp;url=https:\/\/www.zunoticia.com\/noticias-de-hidalgo\/2023\/04\/05\/organiza-dif-municipal-la-conmemoracion-del-dia-internacional-del-libro-iniesta-mondragon\/\" target=\"_top\" rel=\"nofollow\"><span class=\"icon\"><\/span><span class=\"text\">Tweet<\/span><\/a><div class=\"onoffswitch2 mash-large mashsb-noshadow\" style=\"display:none\"><\/div><\/div>\n            <\/div>\n                <div style=\"clear:both\"><\/div><div class=\"mashsb-toggle-container\"><\/div><\/aside>\n            <!-- Share buttons by mashshare.net - Version: 4.0.47-->\n<p><em>Por Salvador Altamirano\/Zunoticia<\/em><\/p>\n\n\n\n<p><strong>Huejutla, Hgo.-<\/strong> En el marco de las actividades que organiza el DIF Municipal que preside la se\u00f1ora Carol Guadalupe Lara Flores, el &#8220;D\u00eda Internacional del Libro&#8221;, decretado el 23 de abril por el natalicio y muerte de William Shakespeare y Miguel de Cervantes, respectivamente, se conmemorar\u00e1 con un evento que tendr\u00e1 tres fechas de duraci\u00f3n.<\/p>\n\n\n\n<p>Lo anterior, fue expresado por el mediador de las Salas de Lectura Comunitarias del Sistema DIF Municipal, Leopoldo Enrique Iniesta Mondrag\u00f3n, quien explic\u00f3 que durante los tres d\u00edas de celebraci\u00f3n tendr\u00e1n efecto diversas actividades, que iniciar\u00e1n el 22 de abril a las 10:00 horas con la tradicional inauguraci\u00f3n, a la cual se espera que acuda el Alcalde, Daniel Andrade Zurutuza.<\/p>\n\n\n\n<p>Detall\u00f3 que ese mismo d\u00eda, a las 11:00 horas se har\u00e1 un recordatorio de quien fue la extinta maestra Mar\u00eda Luisa Andrade Torres, leyendo fragmentos del legado que nos dej\u00f3 al gestionar la impresi\u00f3n del singular libro denominado &#8220;Los Estandartes Blancos&#8221;, de Francisco Neumann Lara.<\/p>\n\n\n\n<p>Asimismo, especific\u00f3 que en la selecta programaci\u00f3n del significativo evento hay narradores infantiles, presentaciones de varias obras literarias, actuaci\u00f3n del mimo Ricardo Z\u00e1rate, se pondr\u00e1n en escena las obras de teatro &#8220;Roc\u00edo&#8221; y &#8220;Se est\u00e1n comiendo la luna&#8221;, sin faltar la venta de acervo literario.<\/p>\n\n\n\n<p>Para finalizar, Iniesta Mondrag\u00f3n enfatiz\u00f3 que la cereza del pastel del evento ser\u00e1 la presentaci\u00f3n, se podr\u00eda decir del primer libro editado por el DIF Municipal, consistente en una obra artesanal de cuentos escritos por madres dedicados a sus hijos.<\/p>\n","protected":false},"excerpt":{"rendered":"<p>Por Salvador Altamirano\/Zunoticia Huejutla, Hgo.- En el marco de las actividades que organiza el DIF Municipal que preside la se\u00f1ora Carol Guadalupe Lara Flores, el &#8220;D\u00eda Internacional del Libro&#8221;, decretado el 23 de abril por el natalicio y muerte de William Shakespeare y Miguel de Cervantes, respectivamente, se conmemorar\u00e1 con un evento que tendr\u00e1 tres&hellip; <a class=\"more-link\" href=\"https:\/\/www.zunoticia.com\/noticias-de-hidalgo\/2023\/04\/05\/organiza-dif-municipal-la-conmemoracion-del-dia-internacional-del-libro-iniesta-mondragon\/\">Seguir leyendo <span class=\"screen-reader-text\">Organiza DIF Municipal la conmemoraci\u00f3n del &#8220;D\u00eda Internacional del Libro&#8221;: Iniesta Mondrag\u00f3n<\/span><\/a><\/p>\n","protected":false},"author":12,"featured_media":476057,"comment_status":"closed","ping_status":"open","sticky":false,"template":"","format":"standard","meta":{"rop_custom_images_group":[],"rop_custom_messages_group":[],"rop_publish_now":"initial","rop_publish_now_accounts":{"facebook_10159540855086992_322828327761733":""},"rop_publish_now_history":[],"rop_publish_now_status":"pending","footnotes":""},"categories":[181],"tags":[121],"class_list":["post-476090","post","type-post","status-publish","format-standard","has-post-thumbnail","hentry","category-huejutla","tag-huejutla","entry"],"_links":{"self":[{"href":"https:\/\/www.zunoticia.com\/noticias-de-hidalgo\/wp-json\/wp\/v2\/posts\/476090","targetHints":{"allow":["GET"]}}],"collection":[{"href":"https:\/\/www.zunoticia.com\/noticias-de-hidalgo\/wp-json\/wp\/v2\/posts"}],"about":[{"href":"https:\/\/www.zunoticia.com\/noticias-de-hidalgo\/wp-json\/wp\/v2\/types\/post"}],"author":[{"embeddable":true,"href":"https:\/\/www.zunoticia.com\/noticias-de-hidalgo\/wp-json\/wp\/v2\/users\/12"}],"replies":[{"embeddable":true,"href":"https:\/\/www.zunoticia.com\/noticias-de-hidalgo\/wp-json\/wp\/v2\/comments?post=476090"}],"version-history":[{"count":1,"href":"https:\/\/www.zunoticia.com\/noticias-de-hidalgo\/wp-json\/wp\/v2\/posts\/476090\/revisions"}],"predecessor-version":[{"id":476092,"href":"https:\/\/www.zunoticia.com\/noticias-de-hidalgo\/wp-json\/wp\/v2\/posts\/476090\/revisions\/476092"}],"wp:featuredmedia":[{"embeddable":true,"href":"https:\/\/www.zunoticia.com\/noticias-de-hidalgo\/wp-json\/wp\/v2\/media\/476057"}],"wp:attachment":[{"href":"https:\/\/www.zunoticia.com\/noticias-de-hidalgo\/wp-json\/wp\/v2\/media?parent=476090"}],"wp:term":[{"taxonomy":"category","embeddable":true,"href":"https:\/\/www.zunoticia.com\/noticias-de-hidalgo\/wp-json\/wp\/v2\/categories?post=476090"},{"taxonomy":"post_tag","embeddable":true,"href":"https:\/\/www.zunoticia.com\/noticias-de-hidalgo\/wp-json\/wp\/v2\/tags?post=476090"}],"curies":[{"name":"wp","href":"https:\/\/api.w.org\/{rel}","templated":true}]}}