{"id":476093,"date":"2023-04-05T21:02:52","date_gmt":"2023-04-06T03:02:52","guid":{"rendered":"https:\/\/www.zunoticia.com\/noticias-de-hidalgo\/?p=476093"},"modified":"2023-04-05T21:02:53","modified_gmt":"2023-04-06T03:02:53","slug":"ubican-en-la-plaza-21-de-mayo-expo-emprendedores","status":"publish","type":"post","link":"https:\/\/www.zunoticia.com\/noticias-de-hidalgo\/2023\/04\/05\/ubican-en-la-plaza-21-de-mayo-expo-emprendedores\/","title":{"rendered":"Ubican en la Plaza 21 de Mayo Expo Emprendedores"},"content":{"rendered":"<aside class=\"mashsb-container mashsb-main mashsb-stretched\"><div class=\"mashsb-box\"><div class=\"mashsb-count mash-large\" style=\"float:left\"><div class=\"counts mashsbcount\">50<\/div><span class=\"mashsb-sharetext\">SHARES<\/span><\/div><div class=\"mashsb-buttons\"><a class=\"mashicon-facebook mash-large mash-center mashsb-noshadow\" href=\"https:\/\/www.facebook.com\/sharer.php?u=https%3A%2F%2Fwww.zunoticia.com%2Fnoticias-de-hidalgo%2F2023%2F04%2F05%2Fubican-en-la-plaza-21-de-mayo-expo-emprendedores%2F\" target=\"_top\" rel=\"nofollow\"><span class=\"icon\"><\/span><span class=\"text\">Share<\/span><\/a><a class=\"mashicon-twitter mash-large mash-center mashsb-noshadow\" href=\"https:\/\/twitter.com\/intent\/tweet?text=&amp;url=https:\/\/www.zunoticia.com\/noticias-de-hidalgo\/2023\/04\/05\/ubican-en-la-plaza-21-de-mayo-expo-emprendedores\/\" target=\"_top\" rel=\"nofollow\"><span class=\"icon\"><\/span><span class=\"text\">Tweet<\/span><\/a><div class=\"onoffswitch2 mash-large mashsb-noshadow\" style=\"display:none\"><\/div><\/div>\n            <\/div>\n                <div style=\"clear:both\"><\/div><div class=\"mashsb-toggle-container\"><\/div><\/aside>\n            <!-- Share buttons by mashshare.net - Version: 4.0.47-->\n<p><em>Por Enedino Hern\u00e1ndez\/Zunoticia<\/em><\/p>\n\n\n\n<p><strong>Huejutla, Hgo.-<\/strong> Por espacio de 5 d\u00edas del periodo vacacional en la Plaza 21 de Mayo de esta ciudad se ubica el grupo recientemente conformado, que participar\u00e1 en una Expo Emprendedores, as\u00ed lo confirma el Secretario de Desarrollo Econ\u00f3mico de la Presidencia de Huejutla, Salatiel Dom\u00ednguez Flores.<\/p>\n\n\n\n<p>El funcionario municipal se\u00f1ala que, se trabaja de manera permanente \u201cen estas fechas es cuando se activa y se da la oportunidad de darle un impulso m\u00e1s al tema econ\u00f3mico; estamos trabajando de manera coordinada, ya ten\u00edamos planeado lo que se iba hacer, hoy vamos a tener por parte del \u00e1rea de Desarrollo Econ\u00f3mico una Expo de Emprendedores en la Plaza 21 de Mayo durante 5 d\u00edas del tema vacacional\u201d.<\/p>\n\n\n\n<p>Asimismo, dijo que adem\u00e1s se estar\u00e1 trabajando de manera coordinada con el \u00e1rea de Proyectos Productivos de la Presidencia Municipal de Huejutla, para apoyar a la gente que ofrece productos del campo, para que tambi\u00e9n expongan sus productos y que sea de mucha utilidad para los mismos.<\/p>\n\n\n\n<p>Se\u00f1ala que es un promedio de 80 personas, quienes se integran a la Expo Emprendedores, mismos que se ubicar\u00e1n en la Plaza 21 de Mayo, adem\u00e1s dijo que se tendr\u00e1n actividades por parte de Turismo en el \u00e1rea de la explanada del reloj, se trabajar\u00e1 en la Plaza los d\u00edas del periodo vacacional.<\/p>\n\n\n\n<p>Salatiel Dom\u00ednguez asegur\u00f3 que, con la Expo emprendedores esperan fortalecer la actividad comercial, sobre todo porque se espera la visita de mucha gente a la ciudad de Huejutla, pr\u00e1cticamente dijo que toda la estructura econ\u00f3mica est\u00e1 preparada para recibir al turista, para lo cual previamente se ha trabajado en capacitaciones permanentes con los prestadores de servicios y hoy por hoy, es una garant\u00eda para el turista, para el visitante y para quien viene de vacaciones, pues van a encontrar todo lo necesario para vivir una experiencia bastante grata.<\/p>\n","protected":false},"excerpt":{"rendered":"<p>Por Enedino Hern\u00e1ndez\/Zunoticia Huejutla, Hgo.- Por espacio de 5 d\u00edas del periodo vacacional en la Plaza 21 de Mayo de esta ciudad se ubica el grupo recientemente conformado, que participar\u00e1 en una Expo Emprendedores, as\u00ed lo confirma el Secretario de Desarrollo Econ\u00f3mico de la Presidencia de Huejutla, Salatiel Dom\u00ednguez Flores. El funcionario municipal se\u00f1ala que,&hellip; <a class=\"more-link\" href=\"https:\/\/www.zunoticia.com\/noticias-de-hidalgo\/2023\/04\/05\/ubican-en-la-plaza-21-de-mayo-expo-emprendedores\/\">Seguir leyendo <span class=\"screen-reader-text\">Ubican en la Plaza 21 de Mayo Expo Emprendedores<\/span><\/a><\/p>\n","protected":false},"author":12,"featured_media":476052,"comment_status":"closed","ping_status":"open","sticky":false,"template":"","format":"standard","meta":{"rop_custom_images_group":[],"rop_custom_messages_group":[],"rop_publish_now":"initial","rop_publish_now_accounts":{"facebook_10159540855086992_322828327761733":""},"rop_publish_now_history":[],"rop_publish_now_status":"pending","footnotes":""},"categories":[181],"tags":[121],"class_list":["post-476093","post","type-post","status-publish","format-standard","has-post-thumbnail","hentry","category-huejutla","tag-huejutla","entry"],"_links":{"self":[{"href":"https:\/\/www.zunoticia.com\/noticias-de-hidalgo\/wp-json\/wp\/v2\/posts\/476093","targetHints":{"allow":["GET"]}}],"collection":[{"href":"https:\/\/www.zunoticia.com\/noticias-de-hidalgo\/wp-json\/wp\/v2\/posts"}],"about":[{"href":"https:\/\/www.zunoticia.com\/noticias-de-hidalgo\/wp-json\/wp\/v2\/types\/post"}],"author":[{"embeddable":true,"href":"https:\/\/www.zunoticia.com\/noticias-de-hidalgo\/wp-json\/wp\/v2\/users\/12"}],"replies":[{"embeddable":true,"href":"https:\/\/www.zunoticia.com\/noticias-de-hidalgo\/wp-json\/wp\/v2\/comments?post=476093"}],"version-history":[{"count":1,"href":"https:\/\/www.zunoticia.com\/noticias-de-hidalgo\/wp-json\/wp\/v2\/posts\/476093\/revisions"}],"predecessor-version":[{"id":476095,"href":"https:\/\/www.zunoticia.com\/noticias-de-hidalgo\/wp-json\/wp\/v2\/posts\/476093\/revisions\/476095"}],"wp:featuredmedia":[{"embeddable":true,"href":"https:\/\/www.zunoticia.com\/noticias-de-hidalgo\/wp-json\/wp\/v2\/media\/476052"}],"wp:attachment":[{"href":"https:\/\/www.zunoticia.com\/noticias-de-hidalgo\/wp-json\/wp\/v2\/media?parent=476093"}],"wp:term":[{"taxonomy":"category","embeddable":true,"href":"https:\/\/www.zunoticia.com\/noticias-de-hidalgo\/wp-json\/wp\/v2\/categories?post=476093"},{"taxonomy":"post_tag","embeddable":true,"href":"https:\/\/www.zunoticia.com\/noticias-de-hidalgo\/wp-json\/wp\/v2\/tags?post=476093"}],"curies":[{"name":"wp","href":"https:\/\/api.w.org\/{rel}","templated":true}]}}