{"id":476099,"date":"2023-04-05T21:17:18","date_gmt":"2023-04-06T03:17:18","guid":{"rendered":"https:\/\/www.zunoticia.com\/noticias-de-hidalgo\/?p=476099"},"modified":"2023-04-05T21:17:19","modified_gmt":"2023-04-06T03:17:19","slug":"escasea-el-pollo-criollo-por-tradicion-es-temporada-de-mayor-consumo-dpc","status":"publish","type":"post","link":"https:\/\/www.zunoticia.com\/noticias-de-hidalgo\/2023\/04\/05\/escasea-el-pollo-criollo-por-tradicion-es-temporada-de-mayor-consumo-dpc\/","title":{"rendered":"Escasea el pollo criollo, por tradici\u00f3n es temporada de mayor consumo: DPC"},"content":{"rendered":"<aside class=\"mashsb-container mashsb-main mashsb-stretched\"><div class=\"mashsb-box\"><div class=\"mashsb-count mash-large\" style=\"float:left\"><div class=\"counts mashsbcount\">0<\/div><span class=\"mashsb-sharetext\">SHARES<\/span><\/div><div class=\"mashsb-buttons\"><a class=\"mashicon-facebook mash-large mash-center mashsb-noshadow\" href=\"https:\/\/www.facebook.com\/sharer.php?u=https%3A%2F%2Fwww.zunoticia.com%2Fnoticias-de-hidalgo%2F2023%2F04%2F05%2Fescasea-el-pollo-criollo-por-tradicion-es-temporada-de-mayor-consumo-dpc%2F\" target=\"_top\" rel=\"nofollow\"><span class=\"icon\"><\/span><span class=\"text\">Share<\/span><\/a><a class=\"mashicon-twitter mash-large mash-center mashsb-noshadow\" href=\"https:\/\/twitter.com\/intent\/tweet?text=&amp;url=https:\/\/www.zunoticia.com\/noticias-de-hidalgo\/2023\/04\/05\/escasea-el-pollo-criollo-por-tradicion-es-temporada-de-mayor-consumo-dpc\/\" target=\"_top\" rel=\"nofollow\"><span class=\"icon\"><\/span><span class=\"text\">Tweet<\/span><\/a><div class=\"onoffswitch2 mash-large mashsb-noshadow\" style=\"display:none\"><\/div><\/div>\n            <\/div>\n                <div style=\"clear:both\"><\/div><div class=\"mashsb-toggle-container\"><\/div><\/aside>\n            <!-- Share buttons by mashshare.net - Version: 4.0.47-->\n<p><em>Por Enedino Hern\u00e1ndez\/Zunoticia<\/em><\/p>\n\n\n\n<p><strong>Huejutla, Hgo.-<\/strong> En lo que va del periodo vacacional, se escasea el pollo criollo, ya que por tradici\u00f3n es la temporada en la cual las familias se inclinan por un mayor consumo de este producto, confirma el comerciante de pollos del mercado de Huejutla, Dar\u00edo Pacheco C\u00e9spedes.<\/p>\n\n\n\n<p>\u201cLas ventas si han incrementado un poco, pero el producto (pollos criollos) se ha escaseado un poco, los proveedores han incrementado en un 10% los productos; la mayor\u00eda de la gente, tradicionalmente en este tiempo de la Semana Santa consume mucho m\u00e1s el pollo, as\u00ed como el pescado y el marisco, pero mantenemos nuestros precios\u201d.<\/p>\n\n\n\n<figure class=\"wp-block-image size-large\"><img fetchpriority=\"high\" decoding=\"async\" width=\"1024\" height=\"576\" src=\"https:\/\/www.zunoticia.com\/noticias-de-hidalgo\/wp-content\/uploads\/2023\/04\/eZy-Watermark-05-04-2023-06-52-24p.m.-1024x576.jpg\" alt=\"\" class=\"wp-image-476044\" srcset=\"https:\/\/www.zunoticia.com\/noticias-de-hidalgo\/wp-content\/uploads\/2023\/04\/eZy-Watermark-05-04-2023-06-52-24p.m.-1024x576.jpg 1024w, https:\/\/www.zunoticia.com\/noticias-de-hidalgo\/wp-content\/uploads\/2023\/04\/eZy-Watermark-05-04-2023-06-52-24p.m.-300x169.jpg 300w, https:\/\/www.zunoticia.com\/noticias-de-hidalgo\/wp-content\/uploads\/2023\/04\/eZy-Watermark-05-04-2023-06-52-24p.m.-768x432.jpg 768w, https:\/\/www.zunoticia.com\/noticias-de-hidalgo\/wp-content\/uploads\/2023\/04\/eZy-Watermark-05-04-2023-06-52-24p.m.-1536x864.jpg 1536w, https:\/\/www.zunoticia.com\/noticias-de-hidalgo\/wp-content\/uploads\/2023\/04\/eZy-Watermark-05-04-2023-06-52-24p.m.-1568x882.jpg 1568w, https:\/\/www.zunoticia.com\/noticias-de-hidalgo\/wp-content\/uploads\/2023\/04\/eZy-Watermark-05-04-2023-06-52-24p.m..jpg 1600w\" sizes=\"(max-width: 1024px) 100vw, 1024px\" \/><\/figure>\n\n\n\n<p>Expone que por este detalle, al adquirir los pollos criollos se incrementan un poco, pero como comerciantes no pueden incrementar m\u00e1s, por lo que se siguen manteniendo con los mismos precios, sin embargo, conf\u00edan en que pudiera repuntar m\u00e1s las ventas en estos d\u00edas.<\/p>\n\n\n\n<p>Dijo que los gallos, las gallinas, as\u00ed como los pavos, son los que m\u00e1s se venden, aunque reconoci\u00f3 que los proveedores aumentan los precios, pero como comerciantes no pueden aumentar mucho m\u00e1s los precios para no afectar a los clientes.<\/p>\n\n\n\n<p>Dar\u00edo Pacheco C\u00e9spedes, insiste que para poder mantener las ventas se requiere de tener un precio estable de los productos, se\u00f1alando que los proveedores han incrementado hasta en un 10% los productos, pero como comerciantes del giro se mantienen con los mismos precios en bien de los consumidores.<\/p>\n","protected":false},"excerpt":{"rendered":"<p>Por Enedino Hern\u00e1ndez\/Zunoticia Huejutla, Hgo.- En lo que va del periodo vacacional, se escasea el pollo criollo, ya que por tradici\u00f3n es la temporada en la cual las familias se inclinan por un mayor consumo de este producto, confirma el comerciante de pollos del mercado de Huejutla, Dar\u00edo Pacheco C\u00e9spedes. \u201cLas ventas si han incrementado&hellip; <a class=\"more-link\" href=\"https:\/\/www.zunoticia.com\/noticias-de-hidalgo\/2023\/04\/05\/escasea-el-pollo-criollo-por-tradicion-es-temporada-de-mayor-consumo-dpc\/\">Seguir leyendo <span class=\"screen-reader-text\">Escasea el pollo criollo, por tradici\u00f3n es temporada de mayor consumo: DPC<\/span><\/a><\/p>\n","protected":false},"author":12,"featured_media":476046,"comment_status":"closed","ping_status":"open","sticky":false,"template":"","format":"standard","meta":{"rop_custom_images_group":[],"rop_custom_messages_group":[],"rop_publish_now":"initial","rop_publish_now_accounts":{"facebook_10159540855086992_322828327761733":""},"rop_publish_now_history":[],"rop_publish_now_status":"pending","footnotes":""},"categories":[181],"tags":[121],"class_list":["post-476099","post","type-post","status-publish","format-standard","has-post-thumbnail","hentry","category-huejutla","tag-huejutla","entry"],"_links":{"self":[{"href":"https:\/\/www.zunoticia.com\/noticias-de-hidalgo\/wp-json\/wp\/v2\/posts\/476099","targetHints":{"allow":["GET"]}}],"collection":[{"href":"https:\/\/www.zunoticia.com\/noticias-de-hidalgo\/wp-json\/wp\/v2\/posts"}],"about":[{"href":"https:\/\/www.zunoticia.com\/noticias-de-hidalgo\/wp-json\/wp\/v2\/types\/post"}],"author":[{"embeddable":true,"href":"https:\/\/www.zunoticia.com\/noticias-de-hidalgo\/wp-json\/wp\/v2\/users\/12"}],"replies":[{"embeddable":true,"href":"https:\/\/www.zunoticia.com\/noticias-de-hidalgo\/wp-json\/wp\/v2\/comments?post=476099"}],"version-history":[{"count":1,"href":"https:\/\/www.zunoticia.com\/noticias-de-hidalgo\/wp-json\/wp\/v2\/posts\/476099\/revisions"}],"predecessor-version":[{"id":476101,"href":"https:\/\/www.zunoticia.com\/noticias-de-hidalgo\/wp-json\/wp\/v2\/posts\/476099\/revisions\/476101"}],"wp:featuredmedia":[{"embeddable":true,"href":"https:\/\/www.zunoticia.com\/noticias-de-hidalgo\/wp-json\/wp\/v2\/media\/476046"}],"wp:attachment":[{"href":"https:\/\/www.zunoticia.com\/noticias-de-hidalgo\/wp-json\/wp\/v2\/media?parent=476099"}],"wp:term":[{"taxonomy":"category","embeddable":true,"href":"https:\/\/www.zunoticia.com\/noticias-de-hidalgo\/wp-json\/wp\/v2\/categories?post=476099"},{"taxonomy":"post_tag","embeddable":true,"href":"https:\/\/www.zunoticia.com\/noticias-de-hidalgo\/wp-json\/wp\/v2\/tags?post=476099"}],"curies":[{"name":"wp","href":"https:\/\/api.w.org\/{rel}","templated":true}]}}