{"id":476449,"date":"2023-04-09T15:06:15","date_gmt":"2023-04-09T21:06:15","guid":{"rendered":"https:\/\/www.zunoticia.com\/noticias-de-hidalgo\/?p=476449"},"modified":"2023-04-09T15:06:16","modified_gmt":"2023-04-09T21:06:16","slug":"festejara-banda-sinfonica-del-estado-de-hidalgo-a-infancias-con-el-concierto-erase-una-vez","status":"publish","type":"post","link":"https:\/\/www.zunoticia.com\/noticias-de-hidalgo\/2023\/04\/09\/festejara-banda-sinfonica-del-estado-de-hidalgo-a-infancias-con-el-concierto-erase-una-vez\/","title":{"rendered":"Festejar\u00e1 Banda Sinf\u00f3nica del Estado de Hidalgo a infancias con el concierto \u201c\u00c9rase una vez\u201d"},"content":{"rendered":"<aside class=\"mashsb-container mashsb-main mashsb-stretched\"><div class=\"mashsb-box\"><div class=\"mashsb-count mash-large\" style=\"float:left\"><div class=\"counts mashsbcount\">4<\/div><span class=\"mashsb-sharetext\">SHARES<\/span><\/div><div class=\"mashsb-buttons\"><a class=\"mashicon-facebook mash-large mash-center mashsb-noshadow\" href=\"https:\/\/www.facebook.com\/sharer.php?u=https%3A%2F%2Fwww.zunoticia.com%2Fnoticias-de-hidalgo%2F2023%2F04%2F09%2Ffestejara-banda-sinfonica-del-estado-de-hidalgo-a-infancias-con-el-concierto-erase-una-vez%2F\" target=\"_top\" rel=\"nofollow\"><span class=\"icon\"><\/span><span class=\"text\">Share<\/span><\/a><a class=\"mashicon-twitter mash-large mash-center mashsb-noshadow\" href=\"https:\/\/twitter.com\/intent\/tweet?text=&amp;url=https:\/\/www.zunoticia.com\/noticias-de-hidalgo\/2023\/04\/09\/festejara-banda-sinfonica-del-estado-de-hidalgo-a-infancias-con-el-concierto-erase-una-vez\/\" target=\"_top\" rel=\"nofollow\"><span class=\"icon\"><\/span><span class=\"text\">Tweet<\/span><\/a><div class=\"onoffswitch2 mash-large mashsb-noshadow\" style=\"display:none\"><\/div><\/div>\n            <\/div>\n                <div style=\"clear:both\"><\/div><div class=\"mashsb-toggle-container\"><\/div><\/aside>\n            <!-- Share buttons by mashshare.net - Version: 4.0.47-->\n<ul class=\"wp-block-list\">\n<li>La presentaci\u00f3n musical, con motivo del D\u00eda del Ni\u00f1o y la Ni\u00f1a, se llevar\u00e1 a cabo el domingo 23 de abril, en el auditorio Gota de Plata.<\/li>\n\n\n\n<li>Las y los interesados en asistir podr\u00e1n adquirir sus boletos con donativo de 100 pesos para personas adultas y 50 para ni\u00f1as y ni\u00f1os.<\/li>\n<\/ul>\n\n\n\n<p><em>Por Redacci\u00f3n\/Zunoticia<\/em><\/p>\n\n\n\n<p><strong>Pachuca, Hgo.-<\/strong> La Secretar\u00eda de Cultura, dirigida por Tania Er\u00e9ndira Meza Escorza, a trav\u00e9s del Consejo Estatal para la Cultura y las Artes de Hidalgo (Cecultah), inform\u00f3 que realizar\u00e1 la presentaci\u00f3n musical \u201c\u00c9rase una vez\u2026 un concierto con la Banda Sinf\u00f3nica del Estado de Hidalgo\u201d para ni\u00f1as, ni\u00f1os, adolescentes y p\u00fablico en general, el domingo 23 de abril, a las 12:00 horas, en el auditorio Gota de Plata, con motivo del D\u00eda del Ni\u00f1o y la Ni\u00f1a.<\/p>\n\n\n\n<p>Tania Meza, secretaria de Cultura de Hidalgo, coment\u00f3 que el principal objetivo de este concierto es acercar a las infancias a la m\u00fasica instrumental, adem\u00e1s de buscar la desmitificaci\u00f3n de la Banda Sinf\u00f3nica para que deje de verse como una agrupaci\u00f3n elitista o lejana a la poblaci\u00f3n hidalguense.<\/p>\n\n\n\n<p>\u201cAprovechamos el tema del D\u00eda del Ni\u00f1o y la Ni\u00f1a para hacer un acercamiento cultural porque pretendemos que las infancias y adolescencias se familiaricen con la Banda Sinf\u00f3nica para acercarles a otro tipo de m\u00fasica, por eso este primer acercamiento es a trav\u00e9s de piezas musicales que conozcan y les evoquen experiencias alegres\u201d, mencion\u00f3 Meza Escorza.<\/p>\n\n\n\n<p>En ese sentido, la titular de la dependencia estatal destac\u00f3 que la presentaci\u00f3n musical incluir\u00e1 en la primera parte del programa temas del cantautor mexicano Francisco Gabilondo Soler \u201cCri \u2013 cri\u201d; mientras que la segunda estar\u00e1 integrada por temas de pel\u00edculas de Disney.<\/p>\n\n\n\n<figure class=\"wp-block-image size-large\"><img fetchpriority=\"high\" decoding=\"async\" width=\"1024\" height=\"1024\" src=\"https:\/\/www.zunoticia.com\/noticias-de-hidalgo\/wp-content\/uploads\/2023\/04\/09ABRIL2023_CULTURA_BSEH_Erase-una-vez-4-1024x1024.jpg\" alt=\"\" class=\"wp-image-476451\" srcset=\"https:\/\/www.zunoticia.com\/noticias-de-hidalgo\/wp-content\/uploads\/2023\/04\/09ABRIL2023_CULTURA_BSEH_Erase-una-vez-4-1024x1024.jpg 1024w, https:\/\/www.zunoticia.com\/noticias-de-hidalgo\/wp-content\/uploads\/2023\/04\/09ABRIL2023_CULTURA_BSEH_Erase-una-vez-4-300x300.jpg 300w, https:\/\/www.zunoticia.com\/noticias-de-hidalgo\/wp-content\/uploads\/2023\/04\/09ABRIL2023_CULTURA_BSEH_Erase-una-vez-4-150x150.jpg 150w, https:\/\/www.zunoticia.com\/noticias-de-hidalgo\/wp-content\/uploads\/2023\/04\/09ABRIL2023_CULTURA_BSEH_Erase-una-vez-4-768x768.jpg 768w, https:\/\/www.zunoticia.com\/noticias-de-hidalgo\/wp-content\/uploads\/2023\/04\/09ABRIL2023_CULTURA_BSEH_Erase-una-vez-4.jpg 1080w\" sizes=\"(max-width: 1024px) 100vw, 1024px\" \/><\/figure>\n\n\n\n<p>La Banda Sinf\u00f3nica se encuentra bajo la direcci\u00f3n de H\u00e9ctor Javier Reyes Bonilla quien, en conjunto con las y los integrantes de la agrupaci\u00f3n, han preparado un programa especialmente dedicado para ni\u00f1as y ni\u00f1os hidalguenses.<\/p>\n\n\n\n<p>Finalmente, Reyes Bonilla asegur\u00f3 en el aniversario 122 de la agrupaci\u00f3n que la Banda es la columna vertebral del movimiento sinf\u00f3nico en Hidalgo, debido a que nos remonta a las ra\u00edces de lo que somos y nos conecta con las generaciones nuevas que deben acercarse a la m\u00fasica de concierto, por lo que buscan tambi\u00e9n renovar el repertorio.<\/p>\n\n\n\n<p>Las y los interesados en asistir a \u201c\u00c9rase una vez\u2026 un concierto con la Banda Sinf\u00f3nica del Estado de Hidalgo\u201d podr\u00e1n adquirir sus boletos, con donativo de 100 pesos para personas adultas y 50 para ni\u00f1as y ni\u00f1os, en las instalaciones del Teatro Hidalgo Bartolom\u00e9 de Medina, con sede en plaza Ju\u00e1rez, de 9:00 a 17:00 horas, o a trav\u00e9s de la taquilla digital de la dependencia estatal: <a href=\"https:\/\/taquilla.cecultah.gob.mx\/events\/concierto-infantil-matinee\/\">https:\/\/taquilla.cecultah.gob.mx\/events\/concierto-infantil-matinee\/<\/a>.<\/p>\n","protected":false},"excerpt":{"rendered":"<p>Por Redacci\u00f3n\/Zunoticia Pachuca, Hgo.- La Secretar\u00eda de Cultura, dirigida por Tania Er\u00e9ndira Meza Escorza, a trav\u00e9s del Consejo Estatal para la Cultura y las Artes de Hidalgo (Cecultah), inform\u00f3 que realizar\u00e1 la presentaci\u00f3n musical \u201c\u00c9rase una vez\u2026 un concierto con la Banda Sinf\u00f3nica del Estado de Hidalgo\u201d para ni\u00f1as, ni\u00f1os, adolescentes y p\u00fablico en general,&hellip; <a class=\"more-link\" href=\"https:\/\/www.zunoticia.com\/noticias-de-hidalgo\/2023\/04\/09\/festejara-banda-sinfonica-del-estado-de-hidalgo-a-infancias-con-el-concierto-erase-una-vez\/\">Seguir leyendo <span class=\"screen-reader-text\">Festejar\u00e1 Banda Sinf\u00f3nica del Estado de Hidalgo a infancias con el concierto \u201c\u00c9rase una vez\u201d<\/span><\/a><\/p>\n","protected":false},"author":12,"featured_media":476450,"comment_status":"closed","ping_status":"open","sticky":false,"template":"","format":"standard","meta":{"rop_custom_images_group":[],"rop_custom_messages_group":[],"rop_publish_now":"initial","rop_publish_now_accounts":{"facebook_10159540855086992_322828327761733":""},"rop_publish_now_history":[],"rop_publish_now_status":"pending","footnotes":""},"categories":[208],"tags":[214],"class_list":["post-476449","post","type-post","status-publish","format-standard","has-post-thumbnail","hentry","category-estado","tag-estado","entry"],"_links":{"self":[{"href":"https:\/\/www.zunoticia.com\/noticias-de-hidalgo\/wp-json\/wp\/v2\/posts\/476449","targetHints":{"allow":["GET"]}}],"collection":[{"href":"https:\/\/www.zunoticia.com\/noticias-de-hidalgo\/wp-json\/wp\/v2\/posts"}],"about":[{"href":"https:\/\/www.zunoticia.com\/noticias-de-hidalgo\/wp-json\/wp\/v2\/types\/post"}],"author":[{"embeddable":true,"href":"https:\/\/www.zunoticia.com\/noticias-de-hidalgo\/wp-json\/wp\/v2\/users\/12"}],"replies":[{"embeddable":true,"href":"https:\/\/www.zunoticia.com\/noticias-de-hidalgo\/wp-json\/wp\/v2\/comments?post=476449"}],"version-history":[{"count":1,"href":"https:\/\/www.zunoticia.com\/noticias-de-hidalgo\/wp-json\/wp\/v2\/posts\/476449\/revisions"}],"predecessor-version":[{"id":476452,"href":"https:\/\/www.zunoticia.com\/noticias-de-hidalgo\/wp-json\/wp\/v2\/posts\/476449\/revisions\/476452"}],"wp:featuredmedia":[{"embeddable":true,"href":"https:\/\/www.zunoticia.com\/noticias-de-hidalgo\/wp-json\/wp\/v2\/media\/476450"}],"wp:attachment":[{"href":"https:\/\/www.zunoticia.com\/noticias-de-hidalgo\/wp-json\/wp\/v2\/media?parent=476449"}],"wp:term":[{"taxonomy":"category","embeddable":true,"href":"https:\/\/www.zunoticia.com\/noticias-de-hidalgo\/wp-json\/wp\/v2\/categories?post=476449"},{"taxonomy":"post_tag","embeddable":true,"href":"https:\/\/www.zunoticia.com\/noticias-de-hidalgo\/wp-json\/wp\/v2\/tags?post=476449"}],"curies":[{"name":"wp","href":"https:\/\/api.w.org\/{rel}","templated":true}]}}