{"id":476480,"date":"2023-04-09T17:40:15","date_gmt":"2023-04-09T23:40:15","guid":{"rendered":"https:\/\/www.zunoticia.com\/noticias-de-hidalgo\/?p=476480"},"modified":"2023-04-09T17:40:16","modified_gmt":"2023-04-09T23:40:16","slug":"ardio-vehiculo-en-la-cuesta-de-huautla","status":"publish","type":"post","link":"https:\/\/www.zunoticia.com\/noticias-de-hidalgo\/2023\/04\/09\/ardio-vehiculo-en-la-cuesta-de-huautla\/","title":{"rendered":"Ardi\u00f3 veh\u00edculo en La Cuesta de Huautla"},"content":{"rendered":"<aside class=\"mashsb-container mashsb-main mashsb-stretched\"><div class=\"mashsb-box\"><div class=\"mashsb-count mash-large\" style=\"float:left\"><div class=\"counts mashsbcount\">8<\/div><span class=\"mashsb-sharetext\">SHARES<\/span><\/div><div class=\"mashsb-buttons\"><a class=\"mashicon-facebook mash-large mash-center mashsb-noshadow\" href=\"https:\/\/www.facebook.com\/sharer.php?u=https%3A%2F%2Fwww.zunoticia.com%2Fnoticias-de-hidalgo%2F2023%2F04%2F09%2Fardio-vehiculo-en-la-cuesta-de-huautla%2F\" target=\"_top\" rel=\"nofollow\"><span class=\"icon\"><\/span><span class=\"text\">Share<\/span><\/a><a class=\"mashicon-twitter mash-large mash-center mashsb-noshadow\" href=\"https:\/\/twitter.com\/intent\/tweet?text=&amp;url=https:\/\/www.zunoticia.com\/noticias-de-hidalgo\/2023\/04\/09\/ardio-vehiculo-en-la-cuesta-de-huautla\/\" target=\"_top\" rel=\"nofollow\"><span class=\"icon\"><\/span><span class=\"text\">Tweet<\/span><\/a><div class=\"onoffswitch2 mash-large mashsb-noshadow\" style=\"display:none\"><\/div><\/div>\n            <\/div>\n                <div style=\"clear:both\"><\/div><div class=\"mashsb-toggle-container\"><\/div><\/aside>\n            <!-- Share buttons by mashshare.net - Version: 4.0.47-->\n<p><em>Por Francisco Rosas\/Zunoticia<\/em><\/p>\n\n\n\n<p><strong>Huautla, Hgo.-<\/strong> Por un posible corto circuito en el sistema el\u00e9ctrico, un veh\u00edculo ardi\u00f3 en llamas la tarde de este domingo en el tramo de la carretera Huautla \u2013 Atlapexco, a la altura del lugar conocido como La Cuesta.<\/p>\n\n\n\n<p>El siniestro moviliz\u00f3 a elementos de Seguridad P\u00fablica Municipal y personal de Protecci\u00f3n Civil, pero por falta de conocimientos y equipo para atender este tipo de emergencias, nada pudieron hacer para apagar el fuego que en cuesti\u00f3n de minutos consumi\u00f3 totalmente la unidad motora.<\/p>\n\n\n\n<figure class=\"wp-block-image size-full\"><img fetchpriority=\"high\" decoding=\"async\" width=\"720\" height=\"942\" src=\"https:\/\/www.zunoticia.com\/noticias-de-hidalgo\/wp-content\/uploads\/2023\/04\/79464440-44e2-41ed-8d40-6a3d2fce7cac.jpg\" alt=\"\" class=\"wp-image-476460\" srcset=\"https:\/\/www.zunoticia.com\/noticias-de-hidalgo\/wp-content\/uploads\/2023\/04\/79464440-44e2-41ed-8d40-6a3d2fce7cac.jpg 720w, https:\/\/www.zunoticia.com\/noticias-de-hidalgo\/wp-content\/uploads\/2023\/04\/79464440-44e2-41ed-8d40-6a3d2fce7cac-229x300.jpg 229w\" sizes=\"(max-width: 720px) 100vw, 720px\" \/><\/figure>\n\n\n\n<p>El incidente bloque\u00f3 el paso de esta importante v\u00eda de comunicaci\u00f3n, por lo que decenas de automovilistas quedaron varados hasta que el \u00edgneo se apag\u00f3 totalmente y de esta manera pudieron pasar la zona de riesgo.<\/p>\n\n\n\n<p>Hasta el momento se desconoce la identidad de los tripulantes de la unidad motora, no obstante, seg\u00fan refieren testigos, al parecer abandonaron el veh\u00edculo antes de que quedar envueltos en llamas.<\/p>\n","protected":false},"excerpt":{"rendered":"<p>Por Francisco Rosas\/Zunoticia Huautla, Hgo.- Por un posible corto circuito en el sistema el\u00e9ctrico, un veh\u00edculo ardi\u00f3 en llamas la tarde de este domingo en el tramo de la carretera Huautla \u2013 Atlapexco, a la altura del lugar conocido como La Cuesta. El siniestro moviliz\u00f3 a elementos de Seguridad P\u00fablica Municipal y personal de Protecci\u00f3n&hellip; <a class=\"more-link\" href=\"https:\/\/www.zunoticia.com\/noticias-de-hidalgo\/2023\/04\/09\/ardio-vehiculo-en-la-cuesta-de-huautla\/\">Seguir leyendo <span class=\"screen-reader-text\">Ardi\u00f3 veh\u00edculo en La Cuesta de Huautla<\/span><\/a><\/p>\n","protected":false},"author":12,"featured_media":476461,"comment_status":"closed","ping_status":"open","sticky":false,"template":"","format":"standard","meta":{"rop_custom_images_group":[],"rop_custom_messages_group":[],"rop_publish_now":"initial","rop_publish_now_accounts":{"facebook_10159540855086992_322828327761733":""},"rop_publish_now_history":[],"rop_publish_now_status":"pending","footnotes":""},"categories":[178],"tags":[259],"class_list":["post-476480","post","type-post","status-publish","format-standard","has-post-thumbnail","hentry","category-policiaca","tag-policiaca","entry"],"_links":{"self":[{"href":"https:\/\/www.zunoticia.com\/noticias-de-hidalgo\/wp-json\/wp\/v2\/posts\/476480","targetHints":{"allow":["GET"]}}],"collection":[{"href":"https:\/\/www.zunoticia.com\/noticias-de-hidalgo\/wp-json\/wp\/v2\/posts"}],"about":[{"href":"https:\/\/www.zunoticia.com\/noticias-de-hidalgo\/wp-json\/wp\/v2\/types\/post"}],"author":[{"embeddable":true,"href":"https:\/\/www.zunoticia.com\/noticias-de-hidalgo\/wp-json\/wp\/v2\/users\/12"}],"replies":[{"embeddable":true,"href":"https:\/\/www.zunoticia.com\/noticias-de-hidalgo\/wp-json\/wp\/v2\/comments?post=476480"}],"version-history":[{"count":1,"href":"https:\/\/www.zunoticia.com\/noticias-de-hidalgo\/wp-json\/wp\/v2\/posts\/476480\/revisions"}],"predecessor-version":[{"id":476481,"href":"https:\/\/www.zunoticia.com\/noticias-de-hidalgo\/wp-json\/wp\/v2\/posts\/476480\/revisions\/476481"}],"wp:featuredmedia":[{"embeddable":true,"href":"https:\/\/www.zunoticia.com\/noticias-de-hidalgo\/wp-json\/wp\/v2\/media\/476461"}],"wp:attachment":[{"href":"https:\/\/www.zunoticia.com\/noticias-de-hidalgo\/wp-json\/wp\/v2\/media?parent=476480"}],"wp:term":[{"taxonomy":"category","embeddable":true,"href":"https:\/\/www.zunoticia.com\/noticias-de-hidalgo\/wp-json\/wp\/v2\/categories?post=476480"},{"taxonomy":"post_tag","embeddable":true,"href":"https:\/\/www.zunoticia.com\/noticias-de-hidalgo\/wp-json\/wp\/v2\/tags?post=476480"}],"curies":[{"name":"wp","href":"https:\/\/api.w.org\/{rel}","templated":true}]}}