{"id":476482,"date":"2023-04-09T18:13:29","date_gmt":"2023-04-10T00:13:29","guid":{"rendered":"https:\/\/www.zunoticia.com\/noticias-de-hidalgo\/?p=476482"},"modified":"2023-04-09T18:13:30","modified_gmt":"2023-04-10T00:13:30","slug":"volvio-el-viacrucis-tras-pandemia","status":"publish","type":"post","link":"https:\/\/www.zunoticia.com\/noticias-de-hidalgo\/2023\/04\/09\/volvio-el-viacrucis-tras-pandemia\/","title":{"rendered":"Volvi\u00f3 el viacrucis tras pandemia"},"content":{"rendered":"<aside class=\"mashsb-container mashsb-main mashsb-stretched\"><div class=\"mashsb-box\"><div class=\"mashsb-count mash-large\" style=\"float:left\"><div class=\"counts mashsbcount\">30<\/div><span class=\"mashsb-sharetext\">SHARES<\/span><\/div><div class=\"mashsb-buttons\"><a class=\"mashicon-facebook mash-large mash-center mashsb-noshadow\" href=\"https:\/\/www.facebook.com\/sharer.php?u=https%3A%2F%2Fwww.zunoticia.com%2Fnoticias-de-hidalgo%2F2023%2F04%2F09%2Fvolvio-el-viacrucis-tras-pandemia%2F\" target=\"_top\" rel=\"nofollow\"><span class=\"icon\"><\/span><span class=\"text\">Share<\/span><\/a><a class=\"mashicon-twitter mash-large mash-center mashsb-noshadow\" href=\"https:\/\/twitter.com\/intent\/tweet?text=&amp;url=https:\/\/www.zunoticia.com\/noticias-de-hidalgo\/2023\/04\/09\/volvio-el-viacrucis-tras-pandemia\/\" target=\"_top\" rel=\"nofollow\"><span class=\"icon\"><\/span><span class=\"text\">Tweet<\/span><\/a><div class=\"onoffswitch2 mash-large mashsb-noshadow\" style=\"display:none\"><\/div><\/div>\n            <\/div>\n                <div style=\"clear:both\"><\/div><div class=\"mashsb-toggle-container\"><\/div><\/aside>\n            <!-- Share buttons by mashshare.net - Version: 4.0.47-->\n<p><em>Por \u00c1ngel Silverio\/Zunoticia<\/em><\/p>\n\n\n\n<p><strong>Jaltoc\u00e1n, Hgo.-<\/strong> Luego de 2 a\u00f1os de pandemia, la iglesia cat\u00f3lica de esta demarcaci\u00f3n nuevamente volvi\u00f3 a vivir la Pasi\u00f3n de Cristo en esta cuaresma, teniendo una gran respuesta por parte de los feligreses, que sin importar las condiciones clim\u00e1ticas participaron en la procesi\u00f3n de la Pasi\u00f3n Viviente.<\/p>\n\n\n\n<p>Fue el pasado viernes, cuando la feligres\u00eda cat\u00f3lica de este municipio retom\u00f3 el viacrucis viviente, una actividad que se vio interrumpida durante los a\u00f1os por motivo del Covid-19, que afect\u00f3 a toda la poblaci\u00f3n mundial, paralizando las actividades p\u00fablicas, entre ellas las representaciones de la Pasi\u00f3n de Cristo.<\/p>\n\n\n<div class=\"wp-block-image\">\n<figure class=\"aligncenter size-large\"><img fetchpriority=\"high\" decoding=\"async\" width=\"736\" height=\"1024\" src=\"https:\/\/www.zunoticia.com\/noticias-de-hidalgo\/wp-content\/uploads\/2023\/04\/eZy-Watermark-09-04-2023-05-07-21p.m.-736x1024.jpg\" alt=\"\" class=\"wp-image-476462\" srcset=\"https:\/\/www.zunoticia.com\/noticias-de-hidalgo\/wp-content\/uploads\/2023\/04\/eZy-Watermark-09-04-2023-05-07-21p.m.-736x1024.jpg 736w, https:\/\/www.zunoticia.com\/noticias-de-hidalgo\/wp-content\/uploads\/2023\/04\/eZy-Watermark-09-04-2023-05-07-21p.m.-216x300.jpg 216w, https:\/\/www.zunoticia.com\/noticias-de-hidalgo\/wp-content\/uploads\/2023\/04\/eZy-Watermark-09-04-2023-05-07-21p.m.-768x1069.jpg 768w, https:\/\/www.zunoticia.com\/noticias-de-hidalgo\/wp-content\/uploads\/2023\/04\/eZy-Watermark-09-04-2023-05-07-21p.m..jpg 920w\" sizes=\"(max-width: 736px) 100vw, 736px\" \/><\/figure>\n<\/div>\n\n\n<p>El p\u00e1rroco de la iglesia de San Juan Bautista, Arturo Zavala, detall\u00f3 que la representaci\u00f3n de las \u00faltimas horas de Jes\u00fas de Nazaret es una tradici\u00f3n y que une a toda la comunidad cat\u00f3lica jaltocanense, -\u201cDurante semanas, mujeres y hombres se organizaron para reunir fondos y ensayar para que todo salga bien, se conform\u00f3 un comit\u00e9 que permitir\u00eda recrear est\u00e1 importante actividad de Semana Santa&#8221;.<\/p>\n\n\n\n<p>Es importante mencionar que en esta ocasi\u00f3n se vivi\u00f3 el viacrucis con la participaci\u00f3n de un importante n\u00famero de personas de los diferentes barrios de Jaltoc\u00e1n, los cuales fueron parte de la organizaci\u00f3n, algunos de ellos incluso mandaron realizar sus vestuarios para ser parte del Viacrucis Viviente.<\/p>\n","protected":false},"excerpt":{"rendered":"<p>Por \u00c1ngel Silverio\/Zunoticia Jaltoc\u00e1n, Hgo.- Luego de 2 a\u00f1os de pandemia, la iglesia cat\u00f3lica de esta demarcaci\u00f3n nuevamente volvi\u00f3 a vivir la Pasi\u00f3n de Cristo en esta cuaresma, teniendo una gran respuesta por parte de los feligreses, que sin importar las condiciones clim\u00e1ticas participaron en la procesi\u00f3n de la Pasi\u00f3n Viviente. Fue el pasado viernes,&hellip; <a class=\"more-link\" href=\"https:\/\/www.zunoticia.com\/noticias-de-hidalgo\/2023\/04\/09\/volvio-el-viacrucis-tras-pandemia\/\">Seguir leyendo <span class=\"screen-reader-text\">Volvi\u00f3 el viacrucis tras pandemia<\/span><\/a><\/p>\n","protected":false},"author":12,"featured_media":476463,"comment_status":"closed","ping_status":"open","sticky":false,"template":"","format":"standard","meta":{"rop_custom_images_group":[],"rop_custom_messages_group":[],"rop_publish_now":"initial","rop_publish_now_accounts":{"facebook_10159540855086992_322828327761733":""},"rop_publish_now_history":[],"rop_publish_now_status":"pending","footnotes":""},"categories":[179,200],"tags":[131],"class_list":["post-476482","post","type-post","status-publish","format-standard","has-post-thumbnail","hentry","category-huasteca","category-jaltocan","tag-jaltocan","entry"],"_links":{"self":[{"href":"https:\/\/www.zunoticia.com\/noticias-de-hidalgo\/wp-json\/wp\/v2\/posts\/476482","targetHints":{"allow":["GET"]}}],"collection":[{"href":"https:\/\/www.zunoticia.com\/noticias-de-hidalgo\/wp-json\/wp\/v2\/posts"}],"about":[{"href":"https:\/\/www.zunoticia.com\/noticias-de-hidalgo\/wp-json\/wp\/v2\/types\/post"}],"author":[{"embeddable":true,"href":"https:\/\/www.zunoticia.com\/noticias-de-hidalgo\/wp-json\/wp\/v2\/users\/12"}],"replies":[{"embeddable":true,"href":"https:\/\/www.zunoticia.com\/noticias-de-hidalgo\/wp-json\/wp\/v2\/comments?post=476482"}],"version-history":[{"count":1,"href":"https:\/\/www.zunoticia.com\/noticias-de-hidalgo\/wp-json\/wp\/v2\/posts\/476482\/revisions"}],"predecessor-version":[{"id":476485,"href":"https:\/\/www.zunoticia.com\/noticias-de-hidalgo\/wp-json\/wp\/v2\/posts\/476482\/revisions\/476485"}],"wp:featuredmedia":[{"embeddable":true,"href":"https:\/\/www.zunoticia.com\/noticias-de-hidalgo\/wp-json\/wp\/v2\/media\/476463"}],"wp:attachment":[{"href":"https:\/\/www.zunoticia.com\/noticias-de-hidalgo\/wp-json\/wp\/v2\/media?parent=476482"}],"wp:term":[{"taxonomy":"category","embeddable":true,"href":"https:\/\/www.zunoticia.com\/noticias-de-hidalgo\/wp-json\/wp\/v2\/categories?post=476482"},{"taxonomy":"post_tag","embeddable":true,"href":"https:\/\/www.zunoticia.com\/noticias-de-hidalgo\/wp-json\/wp\/v2\/tags?post=476482"}],"curies":[{"name":"wp","href":"https:\/\/api.w.org\/{rel}","templated":true}]}}