{"id":476495,"date":"2023-04-09T19:14:41","date_gmt":"2023-04-10T01:14:41","guid":{"rendered":"https:\/\/www.zunoticia.com\/noticias-de-hidalgo\/?p=476495"},"modified":"2023-04-09T19:14:42","modified_gmt":"2023-04-10T01:14:42","slug":"localizan-a-sujeto-sin-vida-en-arroyo-de-cal","status":"publish","type":"post","link":"https:\/\/www.zunoticia.com\/noticias-de-hidalgo\/2023\/04\/09\/localizan-a-sujeto-sin-vida-en-arroyo-de-cal\/","title":{"rendered":"Localizan a sujeto sin vida en Arroyo de Cal"},"content":{"rendered":"<aside class=\"mashsb-container mashsb-main mashsb-stretched\"><div class=\"mashsb-box\"><div class=\"mashsb-count mash-large\" style=\"float:left\"><div class=\"counts mashsbcount\">20<\/div><span class=\"mashsb-sharetext\">SHARES<\/span><\/div><div class=\"mashsb-buttons\"><a class=\"mashicon-facebook mash-large mash-center mashsb-noshadow\" href=\"https:\/\/www.facebook.com\/sharer.php?u=https%3A%2F%2Fwww.zunoticia.com%2Fnoticias-de-hidalgo%2F2023%2F04%2F09%2Flocalizan-a-sujeto-sin-vida-en-arroyo-de-cal%2F\" target=\"_top\" rel=\"nofollow\"><span class=\"icon\"><\/span><span class=\"text\">Share<\/span><\/a><a class=\"mashicon-twitter mash-large mash-center mashsb-noshadow\" href=\"https:\/\/twitter.com\/intent\/tweet?text=&amp;url=https:\/\/www.zunoticia.com\/noticias-de-hidalgo\/2023\/04\/09\/localizan-a-sujeto-sin-vida-en-arroyo-de-cal\/\" target=\"_top\" rel=\"nofollow\"><span class=\"icon\"><\/span><span class=\"text\">Tweet<\/span><\/a><div class=\"onoffswitch2 mash-large mashsb-noshadow\" style=\"display:none\"><\/div><\/div>\n            <\/div>\n                <div style=\"clear:both\"><\/div><div class=\"mashsb-toggle-container\"><\/div><\/aside>\n            <!-- Share buttons by mashshare.net - Version: 4.0.47-->\n<p><em>Por \u00c1ngel Silverio\/Zunoticia<\/em><\/p>\n\n\n\n<p><strong>San Felipe Orizatl\u00e1n, Hgo.-<\/strong>&nbsp; Por motivos desconocidos, un sujeto decidi\u00f3 quitarse la vida, generando inmediatamente movilizaci\u00f3n polic\u00edaca en la localidad de Arroyo de Cal.<\/p>\n\n\n\n<p>De acuerdo con el reporte polic\u00edaco, los hechos se suscitaron el pasado s\u00e1bado 8 de abril, cuando al filo de las 11:00 de la ma\u00f1ana fue reportado por las autoridades de la comunidad, que en un domicilio una persona del sexo masculino se hab\u00eda quitado la vida por motivos desconocidos.<\/p>\n\n\n\n<p>Familiares del hoy occiso, narraron a las autoridades que afuera del domicilio, encontraron atado con una cuerda a quien en vida respondiera al nombre de M.H.H de 58 a\u00f1os, generando consternaci\u00f3n por la lamentable p\u00e9rdida.<\/p>\n\n\n\n<p>Ante los hechos, las autoridades polic\u00edacas le dieron parte al Ministerio P\u00fablico del Fuero Com\u00fan, as\u00ed como a la Polic\u00eda Investigadora, quienes tomaron conocimiento de los hechos, sin embargo, el cuerpo no fue traslado a la SEMEFO por petici\u00f3n de los familiares.<\/p>\n\n\n\n<p>Familiares, delegado y vecinos negaron que se trasladara el cuerpo al SEMEFO, firmando y sellando un acta, deslindando de responsabilidades al Ministerio P\u00fablico y Polic\u00eda Municipal, para posteriormente darle sepultura de acuerdo con sus creencias.<\/p>\n","protected":false},"excerpt":{"rendered":"<p>Por \u00c1ngel Silverio\/Zunoticia San Felipe Orizatl\u00e1n, Hgo.-&nbsp; Por motivos desconocidos, un sujeto decidi\u00f3 quitarse la vida, generando inmediatamente movilizaci\u00f3n polic\u00edaca en la localidad de Arroyo de Cal. De acuerdo con el reporte polic\u00edaco, los hechos se suscitaron el pasado s\u00e1bado 8 de abril, cuando al filo de las 11:00 de la ma\u00f1ana fue reportado por&hellip; <a class=\"more-link\" href=\"https:\/\/www.zunoticia.com\/noticias-de-hidalgo\/2023\/04\/09\/localizan-a-sujeto-sin-vida-en-arroyo-de-cal\/\">Seguir leyendo <span class=\"screen-reader-text\">Localizan a sujeto sin vida en Arroyo de Cal<\/span><\/a><\/p>\n","protected":false},"author":12,"featured_media":476504,"comment_status":"closed","ping_status":"open","sticky":false,"template":"","format":"standard","meta":{"rop_custom_images_group":[],"rop_custom_messages_group":[],"rop_publish_now":"initial","rop_publish_now_accounts":{"facebook_10159540855086992_322828327761733":""},"rop_publish_now_history":[],"rop_publish_now_status":"pending","footnotes":""},"categories":[180],"tags":[129],"class_list":["post-476495","post","type-post","status-publish","format-standard","has-post-thumbnail","hentry","category-orizatlan","tag-orizatlan","entry"],"_links":{"self":[{"href":"https:\/\/www.zunoticia.com\/noticias-de-hidalgo\/wp-json\/wp\/v2\/posts\/476495","targetHints":{"allow":["GET"]}}],"collection":[{"href":"https:\/\/www.zunoticia.com\/noticias-de-hidalgo\/wp-json\/wp\/v2\/posts"}],"about":[{"href":"https:\/\/www.zunoticia.com\/noticias-de-hidalgo\/wp-json\/wp\/v2\/types\/post"}],"author":[{"embeddable":true,"href":"https:\/\/www.zunoticia.com\/noticias-de-hidalgo\/wp-json\/wp\/v2\/users\/12"}],"replies":[{"embeddable":true,"href":"https:\/\/www.zunoticia.com\/noticias-de-hidalgo\/wp-json\/wp\/v2\/comments?post=476495"}],"version-history":[{"count":1,"href":"https:\/\/www.zunoticia.com\/noticias-de-hidalgo\/wp-json\/wp\/v2\/posts\/476495\/revisions"}],"predecessor-version":[{"id":476505,"href":"https:\/\/www.zunoticia.com\/noticias-de-hidalgo\/wp-json\/wp\/v2\/posts\/476495\/revisions\/476505"}],"wp:featuredmedia":[{"embeddable":true,"href":"https:\/\/www.zunoticia.com\/noticias-de-hidalgo\/wp-json\/wp\/v2\/media\/476504"}],"wp:attachment":[{"href":"https:\/\/www.zunoticia.com\/noticias-de-hidalgo\/wp-json\/wp\/v2\/media?parent=476495"}],"wp:term":[{"taxonomy":"category","embeddable":true,"href":"https:\/\/www.zunoticia.com\/noticias-de-hidalgo\/wp-json\/wp\/v2\/categories?post=476495"},{"taxonomy":"post_tag","embeddable":true,"href":"https:\/\/www.zunoticia.com\/noticias-de-hidalgo\/wp-json\/wp\/v2\/tags?post=476495"}],"curies":[{"name":"wp","href":"https:\/\/api.w.org\/{rel}","templated":true}]}}