{"id":476506,"date":"2023-04-09T19:23:43","date_gmt":"2023-04-10T01:23:43","guid":{"rendered":"https:\/\/www.zunoticia.com\/noticias-de-hidalgo\/?p=476506"},"modified":"2023-04-09T19:23:44","modified_gmt":"2023-04-10T01:23:44","slug":"alumbrado-publico-dara-continuidad-a-la-atencion-de-solicitudes","status":"publish","type":"post","link":"https:\/\/www.zunoticia.com\/noticias-de-hidalgo\/2023\/04\/09\/alumbrado-publico-dara-continuidad-a-la-atencion-de-solicitudes\/","title":{"rendered":"Alumbrado P\u00fablico dar\u00e1 continuidad a la atenci\u00f3n de solicitudes"},"content":{"rendered":"<aside class=\"mashsb-container mashsb-main mashsb-stretched\"><div class=\"mashsb-box\"><div class=\"mashsb-count mash-large\" style=\"float:left\"><div class=\"counts mashsbcount\">13<\/div><span class=\"mashsb-sharetext\">SHARES<\/span><\/div><div class=\"mashsb-buttons\"><a class=\"mashicon-facebook mash-large mash-center mashsb-noshadow\" href=\"https:\/\/www.facebook.com\/sharer.php?u=https%3A%2F%2Fwww.zunoticia.com%2Fnoticias-de-hidalgo%2F2023%2F04%2F09%2Falumbrado-publico-dara-continuidad-a-la-atencion-de-solicitudes%2F\" target=\"_top\" rel=\"nofollow\"><span class=\"icon\"><\/span><span class=\"text\">Share<\/span><\/a><a class=\"mashicon-twitter mash-large mash-center mashsb-noshadow\" href=\"https:\/\/twitter.com\/intent\/tweet?text=&amp;url=https:\/\/www.zunoticia.com\/noticias-de-hidalgo\/2023\/04\/09\/alumbrado-publico-dara-continuidad-a-la-atencion-de-solicitudes\/\" target=\"_top\" rel=\"nofollow\"><span class=\"icon\"><\/span><span class=\"text\">Tweet<\/span><\/a><div class=\"onoffswitch2 mash-large mashsb-noshadow\" style=\"display:none\"><\/div><\/div>\n            <\/div>\n                <div style=\"clear:both\"><\/div><div class=\"mashsb-toggle-container\"><\/div><\/aside>\n            <!-- Share buttons by mashshare.net - Version: 4.0.47-->\n<p><em>Por Karen Rivera\/Zunoticia<\/em><\/p>\n\n\n\n<p><strong>Huejutla de Reyes, Hgo.-<\/strong> Con la finalidad de continuar brindando el servicio, el Coordinador de Alumbrado P\u00fablico Municipal asegur\u00f3 que atender\u00e1n las peticiones ciudadanas.<\/p>\n\n\n\n<p>Una vez culminada las actividades de Semana Santa, el Coordinador del citado departamento, Obed Beltr\u00e1n Maya, coment\u00f3 que se dar\u00e1n a la tarea de atender las solicitudes y demandas ciudadanas de alumbrado p\u00fablico en las comunidades y diversos sectores de la cabecera municipal, con la finalidad de dar pronta respuesta.<\/p>\n\n\n\n<p>Explic\u00f3 que, por indicaci\u00f3n del presidente municipal, Daniel Andrade Zurutuza, se est\u00e1 prestando la atenci\u00f3n para que las calles del municipio no se queden a oscuras.<\/p>\n","protected":false},"excerpt":{"rendered":"<p>Por Karen Rivera\/Zunoticia Huejutla de Reyes, Hgo.- Con la finalidad de continuar brindando el servicio, el Coordinador de Alumbrado P\u00fablico Municipal asegur\u00f3 que atender\u00e1n las peticiones ciudadanas. Una vez culminada las actividades de Semana Santa, el Coordinador del citado departamento, Obed Beltr\u00e1n Maya, coment\u00f3 que se dar\u00e1n a la tarea de atender las solicitudes y&hellip; <a class=\"more-link\" href=\"https:\/\/www.zunoticia.com\/noticias-de-hidalgo\/2023\/04\/09\/alumbrado-publico-dara-continuidad-a-la-atencion-de-solicitudes\/\">Seguir leyendo <span class=\"screen-reader-text\">Alumbrado P\u00fablico dar\u00e1 continuidad a la atenci\u00f3n de solicitudes<\/span><\/a><\/p>\n","protected":false},"author":12,"featured_media":476496,"comment_status":"closed","ping_status":"open","sticky":false,"template":"","format":"standard","meta":{"rop_custom_images_group":[],"rop_custom_messages_group":[],"rop_publish_now":"initial","rop_publish_now_accounts":{"facebook_10159540855086992_322828327761733":""},"rop_publish_now_history":[],"rop_publish_now_status":"pending","footnotes":""},"categories":[181],"tags":[121],"class_list":["post-476506","post","type-post","status-publish","format-standard","has-post-thumbnail","hentry","category-huejutla","tag-huejutla","entry"],"_links":{"self":[{"href":"https:\/\/www.zunoticia.com\/noticias-de-hidalgo\/wp-json\/wp\/v2\/posts\/476506","targetHints":{"allow":["GET"]}}],"collection":[{"href":"https:\/\/www.zunoticia.com\/noticias-de-hidalgo\/wp-json\/wp\/v2\/posts"}],"about":[{"href":"https:\/\/www.zunoticia.com\/noticias-de-hidalgo\/wp-json\/wp\/v2\/types\/post"}],"author":[{"embeddable":true,"href":"https:\/\/www.zunoticia.com\/noticias-de-hidalgo\/wp-json\/wp\/v2\/users\/12"}],"replies":[{"embeddable":true,"href":"https:\/\/www.zunoticia.com\/noticias-de-hidalgo\/wp-json\/wp\/v2\/comments?post=476506"}],"version-history":[{"count":1,"href":"https:\/\/www.zunoticia.com\/noticias-de-hidalgo\/wp-json\/wp\/v2\/posts\/476506\/revisions"}],"predecessor-version":[{"id":476507,"href":"https:\/\/www.zunoticia.com\/noticias-de-hidalgo\/wp-json\/wp\/v2\/posts\/476506\/revisions\/476507"}],"wp:featuredmedia":[{"embeddable":true,"href":"https:\/\/www.zunoticia.com\/noticias-de-hidalgo\/wp-json\/wp\/v2\/media\/476496"}],"wp:attachment":[{"href":"https:\/\/www.zunoticia.com\/noticias-de-hidalgo\/wp-json\/wp\/v2\/media?parent=476506"}],"wp:term":[{"taxonomy":"category","embeddable":true,"href":"https:\/\/www.zunoticia.com\/noticias-de-hidalgo\/wp-json\/wp\/v2\/categories?post=476506"},{"taxonomy":"post_tag","embeddable":true,"href":"https:\/\/www.zunoticia.com\/noticias-de-hidalgo\/wp-json\/wp\/v2\/tags?post=476506"}],"curies":[{"name":"wp","href":"https:\/\/api.w.org\/{rel}","templated":true}]}}