{"id":476510,"date":"2023-04-09T19:31:27","date_gmt":"2023-04-10T01:31:27","guid":{"rendered":"https:\/\/www.zunoticia.com\/noticias-de-hidalgo\/?p=476510"},"modified":"2023-04-09T19:31:29","modified_gmt":"2023-04-10T01:31:29","slug":"recuerdan-con-celebracion-eucaristica-a-el-pato","status":"publish","type":"post","link":"https:\/\/www.zunoticia.com\/noticias-de-hidalgo\/2023\/04\/09\/recuerdan-con-celebracion-eucaristica-a-el-pato\/","title":{"rendered":"Recuerdan con celebraci\u00f3n eucar\u00edstica a \u201cEl Pato\u201d"},"content":{"rendered":"<aside class=\"mashsb-container mashsb-main mashsb-stretched\"><div class=\"mashsb-box\"><div class=\"mashsb-count mash-large\" style=\"float:left\"><div class=\"counts mashsbcount\">58<\/div><span class=\"mashsb-sharetext\">SHARES<\/span><\/div><div class=\"mashsb-buttons\"><a class=\"mashicon-facebook mash-large mash-center mashsb-noshadow\" href=\"https:\/\/www.facebook.com\/sharer.php?u=https%3A%2F%2Fwww.zunoticia.com%2Fnoticias-de-hidalgo%2F2023%2F04%2F09%2Frecuerdan-con-celebracion-eucaristica-a-el-pato%2F\" target=\"_top\" rel=\"nofollow\"><span class=\"icon\"><\/span><span class=\"text\">Share<\/span><\/a><a class=\"mashicon-twitter mash-large mash-center mashsb-noshadow\" href=\"https:\/\/twitter.com\/intent\/tweet?text=&amp;url=https:\/\/www.zunoticia.com\/noticias-de-hidalgo\/2023\/04\/09\/recuerdan-con-celebracion-eucaristica-a-el-pato\/\" target=\"_top\" rel=\"nofollow\"><span class=\"icon\"><\/span><span class=\"text\">Tweet<\/span><\/a><div class=\"onoffswitch2 mash-large mashsb-noshadow\" style=\"display:none\"><\/div><\/div>\n            <\/div>\n                <div style=\"clear:both\"><\/div><div class=\"mashsb-toggle-container\"><\/div><\/aside>\n            <!-- Share buttons by mashshare.net - Version: 4.0.47-->\n<p><em>Por Jos\u00e9 Luis Romero Ruiz\/Zunoticia<\/em><\/p>\n\n\n\n<p><strong>Huejutla, Hgo.-<\/strong> Con una celebraci\u00f3n eucar\u00edstica recordaron el tercer aniversario luctuoso del \u00e1rbitro amateur: Luis David Romero V\u00e1zquez.<\/p>\n\n\n\n<p>El domingo 9 de abril del a\u00f1o en curso, se cumpli\u00f3 el tercer aniversario de su inesperada partida, por lo que se celebr\u00f3 misa en el Santuario de la Virgen de Guadalupe de esta cabecera municipal.<\/p>\n\n\n\n<p>La celebraci\u00f3n eucar\u00edstica fue oficiada por el obispo de la di\u00f3cesis de Huejutla, Hidalgo Jos\u00e9 Irais Acosta Beltr\u00e1n, en donde amigos y familiares estuvieron presentes.<\/p>\n","protected":false},"excerpt":{"rendered":"<p>Por Jos\u00e9 Luis Romero Ruiz\/Zunoticia Huejutla, Hgo.- Con una celebraci\u00f3n eucar\u00edstica recordaron el tercer aniversario luctuoso del \u00e1rbitro amateur: Luis David Romero V\u00e1zquez. El domingo 9 de abril del a\u00f1o en curso, se cumpli\u00f3 el tercer aniversario de su inesperada partida, por lo que se celebr\u00f3 misa en el Santuario de la Virgen de Guadalupe&hellip; <a class=\"more-link\" href=\"https:\/\/www.zunoticia.com\/noticias-de-hidalgo\/2023\/04\/09\/recuerdan-con-celebracion-eucaristica-a-el-pato\/\">Seguir leyendo <span class=\"screen-reader-text\">Recuerdan con celebraci\u00f3n eucar\u00edstica a \u201cEl Pato\u201d<\/span><\/a><\/p>\n","protected":false},"author":12,"featured_media":476499,"comment_status":"closed","ping_status":"open","sticky":false,"template":"","format":"standard","meta":{"rop_custom_images_group":[],"rop_custom_messages_group":[],"rop_publish_now":"initial","rop_publish_now_accounts":{"facebook_10159540855086992_322828327761733":""},"rop_publish_now_history":[],"rop_publish_now_status":"pending","footnotes":""},"categories":[177],"tags":[215],"class_list":["post-476510","post","type-post","status-publish","format-standard","has-post-thumbnail","hentry","category-deportes","tag-deportes","entry"],"_links":{"self":[{"href":"https:\/\/www.zunoticia.com\/noticias-de-hidalgo\/wp-json\/wp\/v2\/posts\/476510","targetHints":{"allow":["GET"]}}],"collection":[{"href":"https:\/\/www.zunoticia.com\/noticias-de-hidalgo\/wp-json\/wp\/v2\/posts"}],"about":[{"href":"https:\/\/www.zunoticia.com\/noticias-de-hidalgo\/wp-json\/wp\/v2\/types\/post"}],"author":[{"embeddable":true,"href":"https:\/\/www.zunoticia.com\/noticias-de-hidalgo\/wp-json\/wp\/v2\/users\/12"}],"replies":[{"embeddable":true,"href":"https:\/\/www.zunoticia.com\/noticias-de-hidalgo\/wp-json\/wp\/v2\/comments?post=476510"}],"version-history":[{"count":1,"href":"https:\/\/www.zunoticia.com\/noticias-de-hidalgo\/wp-json\/wp\/v2\/posts\/476510\/revisions"}],"predecessor-version":[{"id":476513,"href":"https:\/\/www.zunoticia.com\/noticias-de-hidalgo\/wp-json\/wp\/v2\/posts\/476510\/revisions\/476513"}],"wp:featuredmedia":[{"embeddable":true,"href":"https:\/\/www.zunoticia.com\/noticias-de-hidalgo\/wp-json\/wp\/v2\/media\/476499"}],"wp:attachment":[{"href":"https:\/\/www.zunoticia.com\/noticias-de-hidalgo\/wp-json\/wp\/v2\/media?parent=476510"}],"wp:term":[{"taxonomy":"category","embeddable":true,"href":"https:\/\/www.zunoticia.com\/noticias-de-hidalgo\/wp-json\/wp\/v2\/categories?post=476510"},{"taxonomy":"post_tag","embeddable":true,"href":"https:\/\/www.zunoticia.com\/noticias-de-hidalgo\/wp-json\/wp\/v2\/tags?post=476510"}],"curies":[{"name":"wp","href":"https:\/\/api.w.org\/{rel}","templated":true}]}}