{"id":476527,"date":"2023-04-09T23:28:19","date_gmt":"2023-04-10T05:28:19","guid":{"rendered":"https:\/\/www.zunoticia.com\/noticias-de-hidalgo\/?p=476527"},"modified":"2023-04-09T23:30:28","modified_gmt":"2023-04-10T05:30:28","slug":"el-29-de-mayo-cerraran-la-convocatoria-del-pacmyc-2023","status":"publish","type":"post","link":"https:\/\/www.zunoticia.com\/noticias-de-hidalgo\/2023\/04\/09\/el-29-de-mayo-cerraran-la-convocatoria-del-pacmyc-2023\/","title":{"rendered":"El 29 de mayo cerrar\u00e1n la convocatoria del PACMyC 2023"},"content":{"rendered":"<aside class=\"mashsb-container mashsb-main mashsb-stretched\"><div class=\"mashsb-box\"><div class=\"mashsb-count mash-large\" style=\"float:left\"><div class=\"counts mashsbcount\">18<\/div><span class=\"mashsb-sharetext\">SHARES<\/span><\/div><div class=\"mashsb-buttons\"><a class=\"mashicon-facebook mash-large mash-center mashsb-noshadow\" href=\"https:\/\/www.facebook.com\/sharer.php?u=https%3A%2F%2Fwww.zunoticia.com%2Fnoticias-de-hidalgo%2F2023%2F04%2F09%2Fel-29-de-mayo-cerraran-la-convocatoria-del-pacmyc-2023%2F\" target=\"_top\" rel=\"nofollow\"><span class=\"icon\"><\/span><span class=\"text\">Share<\/span><\/a><a class=\"mashicon-twitter mash-large mash-center mashsb-noshadow\" href=\"https:\/\/twitter.com\/intent\/tweet?text=&amp;url=https:\/\/www.zunoticia.com\/noticias-de-hidalgo\/2023\/04\/09\/el-29-de-mayo-cerraran-la-convocatoria-del-pacmyc-2023\/\" target=\"_top\" rel=\"nofollow\"><span class=\"icon\"><\/span><span class=\"text\">Tweet<\/span><\/a><div class=\"onoffswitch2 mash-large mashsb-noshadow\" style=\"display:none\"><\/div><\/div>\n            <\/div>\n                <div style=\"clear:both\"><\/div><div class=\"mashsb-toggle-container\"><\/div><\/aside>\n            <!-- Share buttons by mashshare.net - Version: 4.0.47-->\n<p><em>Por Karen Rivera\/Zunoticia<\/em><\/p>\n\n\n\n<p><strong>Huejutla de Reyes, Hgo.-<\/strong> A fin de continuar con la orientaci\u00f3n de los pueblos ind\u00edgenas para desarrollar y preservar las tradiciones, la Secretar\u00eda de Cultura del Gobierno de M\u00e9xico, hace una extensiva invitaci\u00f3n para que se inscriban al PACMyC 2023.<\/p>\n\n\n\n<p>El Programa de Apoyo a las Culturas Municipales y Comunitarias (PACMyC), a trav\u00e9s de la Secretar\u00eda de Cultura de M\u00e9xico y del Estado de Hidalgo, llevaron a cabo la apertura de la ventanilla para la inscripci\u00f3n de los diferentes proyectos culturales, el cual cerrar\u00e1 el pr\u00f3ximo 29 de mayo del presente a\u00f1o.<\/p>\n\n\n\n<p>Cabe se\u00f1alar que dicho programa naci\u00f3 en 1989, donde la DGCPIU impuls\u00f3 este programa como una estrategia dirigida a la recuperaci\u00f3n de la cultura popular, para fortalecer los procesos que sustentan a las expresiones comunitarias, por medio del financiamiento a proyectos que estimulan las iniciativas de la sociedad.<\/p>\n\n\n\n<p>Para la operaci\u00f3n del programa se conjuntan recursos financieros federales y estatales. En cada Estado se establecen Comisiones de Planeaci\u00f3n y Apoyo a la Creaci\u00f3n Popular (CACREP), \u00f3rganos colegiados conformados por representantes de las autoridades culturales locales y federales, as\u00ed como de la sociedad civil, encargada de validar los procesos de trabajo del programa, asegurando su transparencia.<\/p>\n\n\n\n<p>Los proyectos son seleccionados en procesos estatales de dictamen que se conforman de forma independiente a las instancias convocantes, donde creadores, acad\u00e9micos y especialistas en cultura popular determinan cu\u00e1les proyectos ser\u00e1n financiados.<\/p>\n","protected":false},"excerpt":{"rendered":"<p>Por Karen Rivera\/Zunoticia Huejutla de Reyes, Hgo.- A fin de continuar con la orientaci\u00f3n de los pueblos ind\u00edgenas para desarrollar y preservar las tradiciones, la Secretar\u00eda de Cultura del Gobierno de M\u00e9xico, hace una extensiva invitaci\u00f3n para que se inscriban al PACMyC 2023. El Programa de Apoyo a las Culturas Municipales y Comunitarias (PACMyC), a&hellip; <a class=\"more-link\" href=\"https:\/\/www.zunoticia.com\/noticias-de-hidalgo\/2023\/04\/09\/el-29-de-mayo-cerraran-la-convocatoria-del-pacmyc-2023\/\">Seguir leyendo <span class=\"screen-reader-text\">El 29 de mayo cerrar\u00e1n la convocatoria del PACMyC 2023<\/span><\/a><\/p>\n","protected":false},"author":13,"featured_media":476528,"comment_status":"closed","ping_status":"open","sticky":false,"template":"","format":"standard","meta":{"rop_custom_images_group":[],"rop_custom_messages_group":[],"rop_publish_now":"initial","rop_publish_now_accounts":{"facebook_10159540855086992_322828327761733":""},"rop_publish_now_history":[],"rop_publish_now_status":"pending","footnotes":""},"categories":[181],"tags":[121],"class_list":["post-476527","post","type-post","status-publish","format-standard","has-post-thumbnail","hentry","category-huejutla","tag-huejutla","entry"],"_links":{"self":[{"href":"https:\/\/www.zunoticia.com\/noticias-de-hidalgo\/wp-json\/wp\/v2\/posts\/476527","targetHints":{"allow":["GET"]}}],"collection":[{"href":"https:\/\/www.zunoticia.com\/noticias-de-hidalgo\/wp-json\/wp\/v2\/posts"}],"about":[{"href":"https:\/\/www.zunoticia.com\/noticias-de-hidalgo\/wp-json\/wp\/v2\/types\/post"}],"author":[{"embeddable":true,"href":"https:\/\/www.zunoticia.com\/noticias-de-hidalgo\/wp-json\/wp\/v2\/users\/13"}],"replies":[{"embeddable":true,"href":"https:\/\/www.zunoticia.com\/noticias-de-hidalgo\/wp-json\/wp\/v2\/comments?post=476527"}],"version-history":[{"count":1,"href":"https:\/\/www.zunoticia.com\/noticias-de-hidalgo\/wp-json\/wp\/v2\/posts\/476527\/revisions"}],"predecessor-version":[{"id":476531,"href":"https:\/\/www.zunoticia.com\/noticias-de-hidalgo\/wp-json\/wp\/v2\/posts\/476527\/revisions\/476531"}],"wp:featuredmedia":[{"embeddable":true,"href":"https:\/\/www.zunoticia.com\/noticias-de-hidalgo\/wp-json\/wp\/v2\/media\/476528"}],"wp:attachment":[{"href":"https:\/\/www.zunoticia.com\/noticias-de-hidalgo\/wp-json\/wp\/v2\/media?parent=476527"}],"wp:term":[{"taxonomy":"category","embeddable":true,"href":"https:\/\/www.zunoticia.com\/noticias-de-hidalgo\/wp-json\/wp\/v2\/categories?post=476527"},{"taxonomy":"post_tag","embeddable":true,"href":"https:\/\/www.zunoticia.com\/noticias-de-hidalgo\/wp-json\/wp\/v2\/tags?post=476527"}],"curies":[{"name":"wp","href":"https:\/\/api.w.org\/{rel}","templated":true}]}}