{"id":476550,"date":"2023-04-10T14:09:39","date_gmt":"2023-04-10T20:09:39","guid":{"rendered":"https:\/\/www.zunoticia.com\/noticias-de-hidalgo\/?p=476550"},"modified":"2023-04-10T14:09:40","modified_gmt":"2023-04-10T20:09:40","slug":"con-bloqueos-intermitentes-fdomez-recuerda-aniversario-luctuoso-de-zapata","status":"publish","type":"post","link":"https:\/\/www.zunoticia.com\/noticias-de-hidalgo\/2023\/04\/10\/con-bloqueos-intermitentes-fdomez-recuerda-aniversario-luctuoso-de-zapata\/","title":{"rendered":"Con bloqueos intermitentes FDOMEZ recuerda aniversario luctuoso de Zapata"},"content":{"rendered":"<aside class=\"mashsb-container mashsb-main mashsb-stretched\"><div class=\"mashsb-box\"><div class=\"mashsb-count mash-large\" style=\"float:left\"><div class=\"counts mashsbcount\">44<\/div><span class=\"mashsb-sharetext\">SHARES<\/span><\/div><div class=\"mashsb-buttons\"><a class=\"mashicon-facebook mash-large mash-center mashsb-noshadow\" href=\"https:\/\/www.facebook.com\/sharer.php?u=https%3A%2F%2Fwww.zunoticia.com%2Fnoticias-de-hidalgo%2F2023%2F04%2F10%2Fcon-bloqueos-intermitentes-fdomez-recuerda-aniversario-luctuoso-de-zapata%2F\" target=\"_top\" rel=\"nofollow\"><span class=\"icon\"><\/span><span class=\"text\">Share<\/span><\/a><a class=\"mashicon-twitter mash-large mash-center mashsb-noshadow\" href=\"https:\/\/twitter.com\/intent\/tweet?text=&amp;url=https:\/\/www.zunoticia.com\/noticias-de-hidalgo\/2023\/04\/10\/con-bloqueos-intermitentes-fdomez-recuerda-aniversario-luctuoso-de-zapata\/\" target=\"_top\" rel=\"nofollow\"><span class=\"icon\"><\/span><span class=\"text\">Tweet<\/span><\/a><div class=\"onoffswitch2 mash-large mashsb-noshadow\" style=\"display:none\"><\/div><\/div>\n            <\/div>\n                <div style=\"clear:both\"><\/div><div class=\"mashsb-toggle-container\"><\/div><\/aside>\n            <!-- Share buttons by mashshare.net - Version: 4.0.47-->\n<p><\/p>\n\n\n\n<p><em>Por Enedino Hern\u00e1ndez\/Zunoticia<\/em><\/p>\n\n\n\n<p><strong>Huejutla, Hgo<\/strong>.- Con una serie de bloqueos intermitentes, integrantes del Frente Democr\u00e1tico Oriental de M\u00e9xico Emiliano Zapata (FDOMEZ) recuerda el 104 aniversario luctuoso del general Emiliano Zapata.<\/p>\n\n\n\n<p>Las acciones correspondientes, de parte de la citada organizaci\u00f3n independiente, iniciaron a las 09:00 horas, de este lunes 10 de abril y se prolongaron hasta las 14:00 horas, sobre la carretera Huejutla Atlapexco a la altura de El Balsero.<\/p>\n\n\n\n<p>El representante del FDOMEZ, Mat\u00edas Flores dijo que, este 10 de abril se conmemora el 104 aniversario luctuoso del General Emiliano Zapata Salazar &#8220;un crimen artero perpetrado por el ej\u00e9rcito burgu\u00e9s constitucionalista, fue cometido por Guajardo el asesino\u2026\u201d<\/p>\n\n\n\n<p>Detall\u00f3 que la lucha enarbolada por el general Zapata fue justa e hist\u00f3rica, \u201c\u00e9l tom\u00f3 partido a lado del pueblo trabajador, v\u00edctima en aquel entonces por la dictadura porfirista; su legado es la tradici\u00f3n de lucha por las demandas populares, entre ellas la lucha y defensa de la tierra.<\/p>\n\n\n\n<p>Demanda hist\u00f3rica por la que los despose\u00eddos de aquella \u00e9poca se levantaron en armas, hicieron valer el derecho a la rebeli\u00f3n contra un gobierno tirano, gesta que yace en la memoria colectiva del pueblo y es parte de su hist\u00f3rica lucha por su emancipaci\u00f3n\u201d.<\/p>\n\n\n\n<p>Concluy\u00f3 \u201ces con la organizaci\u00f3n popular independiente y la unidad popular como el conjunto de explotados y oprimidos hemos de resistir, frenar y cambiar el entorno de violencia institucional del que somos v\u00edctimas; es con la consigna de \u00a1La tierra es para quien lucha por el socialismo! Y la alianza obrera campesina la salvaguarda de los intereses populares\u201d.<\/p>\n\n\n\n<p><\/p>\n","protected":false},"excerpt":{"rendered":"<p>Por Enedino Hern\u00e1ndez\/Zunoticia Huejutla, Hgo.- Con una serie de bloqueos intermitentes, integrantes del Frente Democr\u00e1tico Oriental de M\u00e9xico Emiliano Zapata (FDOMEZ) recuerda el 104 aniversario luctuoso del general Emiliano Zapata. Las acciones correspondientes, de parte de la citada organizaci\u00f3n independiente, iniciaron a las 09:00 horas, de este lunes 10 de abril y se prolongaron hasta&hellip; <a class=\"more-link\" href=\"https:\/\/www.zunoticia.com\/noticias-de-hidalgo\/2023\/04\/10\/con-bloqueos-intermitentes-fdomez-recuerda-aniversario-luctuoso-de-zapata\/\">Seguir leyendo <span class=\"screen-reader-text\">Con bloqueos intermitentes FDOMEZ recuerda aniversario luctuoso de Zapata<\/span><\/a><\/p>\n","protected":false},"author":20,"featured_media":476551,"comment_status":"closed","ping_status":"open","sticky":false,"template":"","format":"standard","meta":{"rop_custom_images_group":[],"rop_custom_messages_group":[],"rop_publish_now":"initial","rop_publish_now_accounts":{"facebook_10159540855086992_322828327761733":""},"rop_publish_now_history":[],"rop_publish_now_status":"pending","footnotes":""},"categories":[181],"tags":[121],"class_list":["post-476550","post","type-post","status-publish","format-standard","has-post-thumbnail","hentry","category-huejutla","tag-huejutla","entry"],"_links":{"self":[{"href":"https:\/\/www.zunoticia.com\/noticias-de-hidalgo\/wp-json\/wp\/v2\/posts\/476550","targetHints":{"allow":["GET"]}}],"collection":[{"href":"https:\/\/www.zunoticia.com\/noticias-de-hidalgo\/wp-json\/wp\/v2\/posts"}],"about":[{"href":"https:\/\/www.zunoticia.com\/noticias-de-hidalgo\/wp-json\/wp\/v2\/types\/post"}],"author":[{"embeddable":true,"href":"https:\/\/www.zunoticia.com\/noticias-de-hidalgo\/wp-json\/wp\/v2\/users\/20"}],"replies":[{"embeddable":true,"href":"https:\/\/www.zunoticia.com\/noticias-de-hidalgo\/wp-json\/wp\/v2\/comments?post=476550"}],"version-history":[{"count":1,"href":"https:\/\/www.zunoticia.com\/noticias-de-hidalgo\/wp-json\/wp\/v2\/posts\/476550\/revisions"}],"predecessor-version":[{"id":476552,"href":"https:\/\/www.zunoticia.com\/noticias-de-hidalgo\/wp-json\/wp\/v2\/posts\/476550\/revisions\/476552"}],"wp:featuredmedia":[{"embeddable":true,"href":"https:\/\/www.zunoticia.com\/noticias-de-hidalgo\/wp-json\/wp\/v2\/media\/476551"}],"wp:attachment":[{"href":"https:\/\/www.zunoticia.com\/noticias-de-hidalgo\/wp-json\/wp\/v2\/media?parent=476550"}],"wp:term":[{"taxonomy":"category","embeddable":true,"href":"https:\/\/www.zunoticia.com\/noticias-de-hidalgo\/wp-json\/wp\/v2\/categories?post=476550"},{"taxonomy":"post_tag","embeddable":true,"href":"https:\/\/www.zunoticia.com\/noticias-de-hidalgo\/wp-json\/wp\/v2\/tags?post=476550"}],"curies":[{"name":"wp","href":"https:\/\/api.w.org\/{rel}","templated":true}]}}