{"id":476572,"date":"2023-04-10T16:52:54","date_gmt":"2023-04-10T22:52:54","guid":{"rendered":"https:\/\/www.zunoticia.com\/noticias-de-hidalgo\/?p=476572"},"modified":"2023-04-10T16:52:55","modified_gmt":"2023-04-10T22:52:55","slug":"catolicos-vivieron-con-jubilo-la-semana-mayor","status":"publish","type":"post","link":"https:\/\/www.zunoticia.com\/noticias-de-hidalgo\/2023\/04\/10\/catolicos-vivieron-con-jubilo-la-semana-mayor\/","title":{"rendered":"Cat\u00f3licos vivieron con \u00a0j\u00fabilo la Semana Mayor"},"content":{"rendered":"<aside class=\"mashsb-container mashsb-main mashsb-stretched\"><div class=\"mashsb-box\"><div class=\"mashsb-count mash-large\" style=\"float:left\"><div class=\"counts mashsbcount\">72<\/div><span class=\"mashsb-sharetext\">SHARES<\/span><\/div><div class=\"mashsb-buttons\"><a class=\"mashicon-facebook mash-large mash-center mashsb-noshadow\" href=\"https:\/\/www.facebook.com\/sharer.php?u=https%3A%2F%2Fwww.zunoticia.com%2Fnoticias-de-hidalgo%2F2023%2F04%2F10%2Fcatolicos-vivieron-con-jubilo-la-semana-mayor%2F\" target=\"_top\" rel=\"nofollow\"><span class=\"icon\"><\/span><span class=\"text\">Share<\/span><\/a><a class=\"mashicon-twitter mash-large mash-center mashsb-noshadow\" href=\"https:\/\/twitter.com\/intent\/tweet?text=&amp;url=https:\/\/www.zunoticia.com\/noticias-de-hidalgo\/2023\/04\/10\/catolicos-vivieron-con-jubilo-la-semana-mayor\/\" target=\"_top\" rel=\"nofollow\"><span class=\"icon\"><\/span><span class=\"text\">Tweet<\/span><\/a><div class=\"onoffswitch2 mash-large mashsb-noshadow\" style=\"display:none\"><\/div><\/div>\n            <\/div>\n                <div style=\"clear:both\"><\/div><div class=\"mashsb-toggle-container\"><\/div><\/aside>\n            <!-- Share buttons by mashshare.net - Version: 4.0.47-->\n<p><\/p>\n\n\n\n<p><em>Por Roberto Meza\/Zunoticia<\/em><\/p>\n\n\n\n<p><strong>Huazalingo, Hgo<\/strong>.- \u201cLa feligres\u00eda cat\u00f3lica de este municipio vivi\u00f3 con j\u00fabilo la Semana Mayor, desde el viacrucis&nbsp; de Cristo, por lo que en la cabecera municipal como en las comunidades realizaron esa representaci\u00f3n\u201d, confirm\u00f3 el p\u00e1rroco Leonardo Sosa Alvarado, quien desde temprana hora coordin\u00f3 estas actividades, a pesar del fr\u00edo y lluvia la gente respondi\u00f3.<\/p>\n\n\n\n<p>En la cabecera municipal se sumaron a este viacrucis cientos de cat\u00f3licos, mismos que estaban ansiosos por participar ya que por la pandemia se hab\u00edan suspendido las actividades religiosas, con estas los creyentes confirman su fe.<\/p>\n\n\n\n<p>En las diversas comunidades de este municipio, de la misma forma cat\u00f3licos participaron en tan importante acto, en donde realizaron la escenificaci\u00f3n de la muerte de Jesucristo, para ello j\u00f3venes y adultos, con toda oportunidad se prepararon para llevar estos actos religiosos. Tanto en la cabecera como en las comunidades tambi\u00e9n desarrollaron la peregrinaci\u00f3n del Silencio y Resurrecci\u00f3n, el p\u00e1rroco expres\u00f3 que todo sali\u00f3 conforme a lo programado.<\/p>\n\n\n\n<p><\/p>\n\n\n\n<figure class=\"wp-block-image size-full\"><img fetchpriority=\"high\" decoding=\"async\" width=\"940\" height=\"788\" src=\"https:\/\/www.zunoticia.com\/noticias-de-hidalgo\/wp-content\/uploads\/2023\/04\/1-38.png\" alt=\"\" class=\"wp-image-476574\" srcset=\"https:\/\/www.zunoticia.com\/noticias-de-hidalgo\/wp-content\/uploads\/2023\/04\/1-38.png 940w, https:\/\/www.zunoticia.com\/noticias-de-hidalgo\/wp-content\/uploads\/2023\/04\/1-38-300x251.png 300w, https:\/\/www.zunoticia.com\/noticias-de-hidalgo\/wp-content\/uploads\/2023\/04\/1-38-768x644.png 768w\" sizes=\"(max-width: 940px) 100vw, 940px\" \/><\/figure>\n","protected":false},"excerpt":{"rendered":"<p>Por Roberto Meza\/Zunoticia Huazalingo, Hgo.- \u201cLa feligres\u00eda cat\u00f3lica de este municipio vivi\u00f3 con j\u00fabilo la Semana Mayor, desde el viacrucis&nbsp; de Cristo, por lo que en la cabecera municipal como en las comunidades realizaron esa representaci\u00f3n\u201d, confirm\u00f3 el p\u00e1rroco Leonardo Sosa Alvarado, quien desde temprana hora coordin\u00f3 estas actividades, a pesar del fr\u00edo y lluvia&hellip; <a class=\"more-link\" href=\"https:\/\/www.zunoticia.com\/noticias-de-hidalgo\/2023\/04\/10\/catolicos-vivieron-con-jubilo-la-semana-mayor\/\">Seguir leyendo <span class=\"screen-reader-text\">Cat\u00f3licos vivieron con \u00a0j\u00fabilo la Semana Mayor<\/span><\/a><\/p>\n","protected":false},"author":20,"featured_media":476573,"comment_status":"closed","ping_status":"open","sticky":false,"template":"","format":"standard","meta":{"rop_custom_images_group":[],"rop_custom_messages_group":[],"rop_publish_now":"initial","rop_publish_now_accounts":{"facebook_10159540855086992_322828327761733":""},"rop_publish_now_history":[],"rop_publish_now_status":"pending","footnotes":""},"categories":[212],"tags":[138],"class_list":["post-476572","post","type-post","status-publish","format-standard","has-post-thumbnail","hentry","category-huazalingo","tag-huazalingo","entry"],"_links":{"self":[{"href":"https:\/\/www.zunoticia.com\/noticias-de-hidalgo\/wp-json\/wp\/v2\/posts\/476572","targetHints":{"allow":["GET"]}}],"collection":[{"href":"https:\/\/www.zunoticia.com\/noticias-de-hidalgo\/wp-json\/wp\/v2\/posts"}],"about":[{"href":"https:\/\/www.zunoticia.com\/noticias-de-hidalgo\/wp-json\/wp\/v2\/types\/post"}],"author":[{"embeddable":true,"href":"https:\/\/www.zunoticia.com\/noticias-de-hidalgo\/wp-json\/wp\/v2\/users\/20"}],"replies":[{"embeddable":true,"href":"https:\/\/www.zunoticia.com\/noticias-de-hidalgo\/wp-json\/wp\/v2\/comments?post=476572"}],"version-history":[{"count":1,"href":"https:\/\/www.zunoticia.com\/noticias-de-hidalgo\/wp-json\/wp\/v2\/posts\/476572\/revisions"}],"predecessor-version":[{"id":476575,"href":"https:\/\/www.zunoticia.com\/noticias-de-hidalgo\/wp-json\/wp\/v2\/posts\/476572\/revisions\/476575"}],"wp:featuredmedia":[{"embeddable":true,"href":"https:\/\/www.zunoticia.com\/noticias-de-hidalgo\/wp-json\/wp\/v2\/media\/476573"}],"wp:attachment":[{"href":"https:\/\/www.zunoticia.com\/noticias-de-hidalgo\/wp-json\/wp\/v2\/media?parent=476572"}],"wp:term":[{"taxonomy":"category","embeddable":true,"href":"https:\/\/www.zunoticia.com\/noticias-de-hidalgo\/wp-json\/wp\/v2\/categories?post=476572"},{"taxonomy":"post_tag","embeddable":true,"href":"https:\/\/www.zunoticia.com\/noticias-de-hidalgo\/wp-json\/wp\/v2\/tags?post=476572"}],"curies":[{"name":"wp","href":"https:\/\/api.w.org\/{rel}","templated":true}]}}