{"id":476576,"date":"2023-04-10T17:07:25","date_gmt":"2023-04-10T23:07:25","guid":{"rendered":"https:\/\/www.zunoticia.com\/noticias-de-hidalgo\/?p=476576"},"modified":"2023-04-10T17:07:26","modified_gmt":"2023-04-10T23:07:26","slug":"policias-denunciados-por-abuso-de-autoridad","status":"publish","type":"post","link":"https:\/\/www.zunoticia.com\/noticias-de-hidalgo\/2023\/04\/10\/policias-denunciados-por-abuso-de-autoridad\/","title":{"rendered":"Polic\u00edas denunciados por abuso de autoridad"},"content":{"rendered":"<aside class=\"mashsb-container mashsb-main mashsb-stretched\"><div class=\"mashsb-box\"><div class=\"mashsb-count mash-large\" style=\"float:left\"><div class=\"counts mashsbcount\">41<\/div><span class=\"mashsb-sharetext\">SHARES<\/span><\/div><div class=\"mashsb-buttons\"><a class=\"mashicon-facebook mash-large mash-center mashsb-noshadow\" href=\"https:\/\/www.facebook.com\/sharer.php?u=https%3A%2F%2Fwww.zunoticia.com%2Fnoticias-de-hidalgo%2F2023%2F04%2F10%2Fpolicias-denunciados-por-abuso-de-autoridad%2F\" target=\"_top\" rel=\"nofollow\"><span class=\"icon\"><\/span><span class=\"text\">Share<\/span><\/a><a class=\"mashicon-twitter mash-large mash-center mashsb-noshadow\" href=\"https:\/\/twitter.com\/intent\/tweet?text=&amp;url=https:\/\/www.zunoticia.com\/noticias-de-hidalgo\/2023\/04\/10\/policias-denunciados-por-abuso-de-autoridad\/\" target=\"_top\" rel=\"nofollow\"><span class=\"icon\"><\/span><span class=\"text\">Tweet<\/span><\/a><div class=\"onoffswitch2 mash-large mashsb-noshadow\" style=\"display:none\"><\/div><\/div>\n            <\/div>\n                <div style=\"clear:both\"><\/div><div class=\"mashsb-toggle-container\"><\/div><\/aside>\n            <!-- Share buttons by mashshare.net - Version: 4.0.47-->\n<p><\/p>\n\n\n\n<p><em>Por Francisco Rosas\/Zunoticia<\/em><\/p>\n\n\n\n<p><strong>Huejutla, Hgo.-<\/strong> Se\u00f1alados como probables responsables de los delitos de abuso de autoridad, privaci\u00f3n ilegal de la libertad, lesiones y lo que resulte, denuncian penalmente a elementos de Seguridad P\u00fablica Municipal de esta ciudad.<\/p>\n\n\n\n<p>De acuerdo a la carpeta de investigaci\u00f3n 05-2023-00554, iniciada en la agencia del Ministerio P\u00fablico del Fuero Com\u00fan de este distrito judicial, se dio a conocer que la denuncia fue presentada por dos personas del sexo femenino identificadas con las iniciales A. &nbsp;y F. N.N.<\/p>\n\n\n\n<p>La querella en contra de los efectivos de las fuerzas municipales, se deriva porque el pasado 7 de abril, detuvieron a las dos mujeres y presuntamente los polic\u00edas se extralimitaron en sus funciones al hacer uso excesivo de la fuerza, en hechos ocurridos en la calle Vel\u00e1zquez Ibarra de la zona centro de esta ciudad.<\/p>\n\n\n\n<p>Las agraviadas manifestaron que el abuso de autoridad qued\u00f3 evidenciado porque solo se trat\u00f3 de una falta administrativa por estacionar su veh\u00edculo en la entrada de la cochera de su vecino, de iniciales A. L. y tras ser detenidas, fueron incomunicadas y permanecieron retenidas m\u00e1s de tres horas, esto a pesar de mostrar la disposici\u00f3n de pagar la multa que les fuera impuesta.<\/p>\n\n\n\n<p>Asimismo, refieren que el director de la corporaci\u00f3n polic\u00edaca, Leonilo Rodr\u00edguez Hern\u00e1ndez, una vez que se enter\u00f3 del abuso polic\u00edaco, intervino para que firmaran un convenio en el que deslindaban de toda responsabilidad a los uniformados que intervinieron en el hecho, as\u00ed como a renunciar a todo tipo de acci\u00f3n civil o penal que pudiera darse en contra de los elementos e incluso les condicion\u00f3 la libertad, a pesar de que sufrieron lesiones en brazos, t\u00f3rax y cervicales.<\/p>\n\n\n\n<p>Por lo anterior expuesto, las afectadas pidieron a la autoridad ministerial que se investiguen los hechos y proceda conforme a la ley en contra de quien o quienes resulten responsables.<\/p>\n\n\n\n<figure class=\"wp-block-image size-full\"><img fetchpriority=\"high\" decoding=\"async\" width=\"940\" height=\"788\" src=\"https:\/\/www.zunoticia.com\/noticias-de-hidalgo\/wp-content\/uploads\/2023\/04\/2-37.png\" alt=\"\" class=\"wp-image-476578\" srcset=\"https:\/\/www.zunoticia.com\/noticias-de-hidalgo\/wp-content\/uploads\/2023\/04\/2-37.png 940w, https:\/\/www.zunoticia.com\/noticias-de-hidalgo\/wp-content\/uploads\/2023\/04\/2-37-300x251.png 300w, https:\/\/www.zunoticia.com\/noticias-de-hidalgo\/wp-content\/uploads\/2023\/04\/2-37-768x644.png 768w\" sizes=\"(max-width: 940px) 100vw, 940px\" \/><\/figure>\n","protected":false},"excerpt":{"rendered":"<p>Por Francisco Rosas\/Zunoticia Huejutla, Hgo.- Se\u00f1alados como probables responsables de los delitos de abuso de autoridad, privaci\u00f3n ilegal de la libertad, lesiones y lo que resulte, denuncian penalmente a elementos de Seguridad P\u00fablica Municipal de esta ciudad. De acuerdo a la carpeta de investigaci\u00f3n 05-2023-00554, iniciada en la agencia del Ministerio P\u00fablico del Fuero Com\u00fan&hellip; <a class=\"more-link\" href=\"https:\/\/www.zunoticia.com\/noticias-de-hidalgo\/2023\/04\/10\/policias-denunciados-por-abuso-de-autoridad\/\">Seguir leyendo <span class=\"screen-reader-text\">Polic\u00edas denunciados por abuso de autoridad<\/span><\/a><\/p>\n","protected":false},"author":20,"featured_media":476577,"comment_status":"closed","ping_status":"open","sticky":false,"template":"","format":"standard","meta":{"rop_custom_images_group":[],"rop_custom_messages_group":[],"rop_publish_now":"initial","rop_publish_now_accounts":{"facebook_10159540855086992_322828327761733":""},"rop_publish_now_history":[],"rop_publish_now_status":"pending","footnotes":""},"categories":[178],"tags":[259],"class_list":["post-476576","post","type-post","status-publish","format-standard","has-post-thumbnail","hentry","category-policiaca","tag-policiaca","entry"],"_links":{"self":[{"href":"https:\/\/www.zunoticia.com\/noticias-de-hidalgo\/wp-json\/wp\/v2\/posts\/476576","targetHints":{"allow":["GET"]}}],"collection":[{"href":"https:\/\/www.zunoticia.com\/noticias-de-hidalgo\/wp-json\/wp\/v2\/posts"}],"about":[{"href":"https:\/\/www.zunoticia.com\/noticias-de-hidalgo\/wp-json\/wp\/v2\/types\/post"}],"author":[{"embeddable":true,"href":"https:\/\/www.zunoticia.com\/noticias-de-hidalgo\/wp-json\/wp\/v2\/users\/20"}],"replies":[{"embeddable":true,"href":"https:\/\/www.zunoticia.com\/noticias-de-hidalgo\/wp-json\/wp\/v2\/comments?post=476576"}],"version-history":[{"count":1,"href":"https:\/\/www.zunoticia.com\/noticias-de-hidalgo\/wp-json\/wp\/v2\/posts\/476576\/revisions"}],"predecessor-version":[{"id":476579,"href":"https:\/\/www.zunoticia.com\/noticias-de-hidalgo\/wp-json\/wp\/v2\/posts\/476576\/revisions\/476579"}],"wp:featuredmedia":[{"embeddable":true,"href":"https:\/\/www.zunoticia.com\/noticias-de-hidalgo\/wp-json\/wp\/v2\/media\/476577"}],"wp:attachment":[{"href":"https:\/\/www.zunoticia.com\/noticias-de-hidalgo\/wp-json\/wp\/v2\/media?parent=476576"}],"wp:term":[{"taxonomy":"category","embeddable":true,"href":"https:\/\/www.zunoticia.com\/noticias-de-hidalgo\/wp-json\/wp\/v2\/categories?post=476576"},{"taxonomy":"post_tag","embeddable":true,"href":"https:\/\/www.zunoticia.com\/noticias-de-hidalgo\/wp-json\/wp\/v2\/tags?post=476576"}],"curies":[{"name":"wp","href":"https:\/\/api.w.org\/{rel}","templated":true}]}}