{"id":476590,"date":"2023-04-10T17:50:17","date_gmt":"2023-04-10T23:50:17","guid":{"rendered":"https:\/\/www.zunoticia.com\/noticias-de-hidalgo\/?p=476590"},"modified":"2023-04-10T17:50:18","modified_gmt":"2023-04-10T23:50:18","slug":"encabeza-secretario-de-agricultura-guardia-de-honor-por-aniversario-luctuoso-de-emiliano-zapata","status":"publish","type":"post","link":"https:\/\/www.zunoticia.com\/noticias-de-hidalgo\/2023\/04\/10\/encabeza-secretario-de-agricultura-guardia-de-honor-por-aniversario-luctuoso-de-emiliano-zapata\/","title":{"rendered":"Encabeza secretario de Agricultura guardia de honor por aniversario luctuoso de Emiliano Zapata"},"content":{"rendered":"<aside class=\"mashsb-container mashsb-main mashsb-stretched\"><div class=\"mashsb-box\"><div class=\"mashsb-count mash-large\" style=\"float:left\"><div class=\"counts mashsbcount\">32<\/div><span class=\"mashsb-sharetext\">SHARES<\/span><\/div><div class=\"mashsb-buttons\"><a class=\"mashicon-facebook mash-large mash-center mashsb-noshadow\" href=\"https:\/\/www.facebook.com\/sharer.php?u=https%3A%2F%2Fwww.zunoticia.com%2Fnoticias-de-hidalgo%2F2023%2F04%2F10%2Fencabeza-secretario-de-agricultura-guardia-de-honor-por-aniversario-luctuoso-de-emiliano-zapata%2F\" target=\"_top\" rel=\"nofollow\"><span class=\"icon\"><\/span><span class=\"text\">Share<\/span><\/a><a class=\"mashicon-twitter mash-large mash-center mashsb-noshadow\" href=\"https:\/\/twitter.com\/intent\/tweet?text=&amp;url=https:\/\/www.zunoticia.com\/noticias-de-hidalgo\/2023\/04\/10\/encabeza-secretario-de-agricultura-guardia-de-honor-por-aniversario-luctuoso-de-emiliano-zapata\/\" target=\"_top\" rel=\"nofollow\"><span class=\"icon\"><\/span><span class=\"text\">Tweet<\/span><\/a><div class=\"onoffswitch2 mash-large mashsb-noshadow\" style=\"display:none\"><\/div><\/div>\n            <\/div>\n                <div style=\"clear:both\"><\/div><div class=\"mashsb-toggle-container\"><\/div><\/aside>\n            <!-- Share buttons by mashshare.net - Version: 4.0.47-->\n<p><\/p>\n\n\n\n<p><em>Por Redacci\u00f3n\/Zunoticia<\/em><\/p>\n\n\n\n<p><strong>Pachuca de Soto, Hgo<\/strong>.- En el marco del 104\u00b0 aniversario del fallecimiento del general Emiliano Zapata Salazar, este 10 de abril, el secretario de Agricultura y Desarrollo Rural, Napole\u00f3n Gonz\u00e1lez P\u00e9rez, mont\u00f3 guardia de honor en la capital hidalguense, en el monumento dedicado a tan destacado militar mexicano, tambi\u00e9n conocido como el Caudillo del Sur.<\/p>\n\n\n\n<p>Estuvieron presentes en la ceremonia el coronel de Infanter\u00eda Diplomado de Estado Mayor, Gibran Jalil D\u00edaz del Castillo M\u00e9ndez; Juan Jos\u00e9 G\u00f3mez Ru\u00edz<\/p>\n\n\n\n<p>comandante la 18\u00b0 zona militar, as\u00ed como el presidente municipal de Pachuca de Soto, Sergio Ba\u00f1os Rubio.<\/p>\n\n\n\n<p>En el mensaje emitido por Napole\u00f3n Gonz\u00e1lez, se destac\u00f3 la lucha de Emiliano Zapata de mejorar las condiciones de los campesinos, bajo el lema \u00a1Tierra y Libertad!<\/p>\n","protected":false},"excerpt":{"rendered":"<p>Por Redacci\u00f3n\/Zunoticia Pachuca de Soto, Hgo.- En el marco del 104\u00b0 aniversario del fallecimiento del general Emiliano Zapata Salazar, este 10 de abril, el secretario de Agricultura y Desarrollo Rural, Napole\u00f3n Gonz\u00e1lez P\u00e9rez, mont\u00f3 guardia de honor en la capital hidalguense, en el monumento dedicado a tan destacado militar mexicano, tambi\u00e9n conocido como el Caudillo&hellip; <a class=\"more-link\" href=\"https:\/\/www.zunoticia.com\/noticias-de-hidalgo\/2023\/04\/10\/encabeza-secretario-de-agricultura-guardia-de-honor-por-aniversario-luctuoso-de-emiliano-zapata\/\">Seguir leyendo <span class=\"screen-reader-text\">Encabeza secretario de Agricultura guardia de honor por aniversario luctuoso de Emiliano Zapata<\/span><\/a><\/p>\n","protected":false},"author":20,"featured_media":476591,"comment_status":"closed","ping_status":"open","sticky":false,"template":"","format":"standard","meta":{"rop_custom_images_group":[],"rop_custom_messages_group":[],"rop_publish_now":"initial","rop_publish_now_accounts":{"facebook_10159540855086992_322828327761733":""},"rop_publish_now_history":[],"rop_publish_now_status":"pending","footnotes":""},"categories":[208],"tags":[214],"class_list":["post-476590","post","type-post","status-publish","format-standard","has-post-thumbnail","hentry","category-estado","tag-estado","entry"],"_links":{"self":[{"href":"https:\/\/www.zunoticia.com\/noticias-de-hidalgo\/wp-json\/wp\/v2\/posts\/476590","targetHints":{"allow":["GET"]}}],"collection":[{"href":"https:\/\/www.zunoticia.com\/noticias-de-hidalgo\/wp-json\/wp\/v2\/posts"}],"about":[{"href":"https:\/\/www.zunoticia.com\/noticias-de-hidalgo\/wp-json\/wp\/v2\/types\/post"}],"author":[{"embeddable":true,"href":"https:\/\/www.zunoticia.com\/noticias-de-hidalgo\/wp-json\/wp\/v2\/users\/20"}],"replies":[{"embeddable":true,"href":"https:\/\/www.zunoticia.com\/noticias-de-hidalgo\/wp-json\/wp\/v2\/comments?post=476590"}],"version-history":[{"count":1,"href":"https:\/\/www.zunoticia.com\/noticias-de-hidalgo\/wp-json\/wp\/v2\/posts\/476590\/revisions"}],"predecessor-version":[{"id":476592,"href":"https:\/\/www.zunoticia.com\/noticias-de-hidalgo\/wp-json\/wp\/v2\/posts\/476590\/revisions\/476592"}],"wp:featuredmedia":[{"embeddable":true,"href":"https:\/\/www.zunoticia.com\/noticias-de-hidalgo\/wp-json\/wp\/v2\/media\/476591"}],"wp:attachment":[{"href":"https:\/\/www.zunoticia.com\/noticias-de-hidalgo\/wp-json\/wp\/v2\/media?parent=476590"}],"wp:term":[{"taxonomy":"category","embeddable":true,"href":"https:\/\/www.zunoticia.com\/noticias-de-hidalgo\/wp-json\/wp\/v2\/categories?post=476590"},{"taxonomy":"post_tag","embeddable":true,"href":"https:\/\/www.zunoticia.com\/noticias-de-hidalgo\/wp-json\/wp\/v2\/tags?post=476590"}],"curies":[{"name":"wp","href":"https:\/\/api.w.org\/{rel}","templated":true}]}}