{"id":476632,"date":"2023-04-10T20:39:50","date_gmt":"2023-04-11T02:39:50","guid":{"rendered":"https:\/\/www.zunoticia.com\/noticias-de-hidalgo\/?p=476632"},"modified":"2023-04-10T20:39:51","modified_gmt":"2023-04-11T02:39:51","slug":"aqueja-a-taxistas-la-baja-afluencia-de-pasaje","status":"publish","type":"post","link":"https:\/\/www.zunoticia.com\/noticias-de-hidalgo\/2023\/04\/10\/aqueja-a-taxistas-la-baja-afluencia-de-pasaje\/","title":{"rendered":"Aqueja a taxistas la baja afluencia de pasaje"},"content":{"rendered":"<aside class=\"mashsb-container mashsb-main mashsb-stretched\"><div class=\"mashsb-box\"><div class=\"mashsb-count mash-large\" style=\"float:left\"><div class=\"counts mashsbcount\">29<\/div><span class=\"mashsb-sharetext\">SHARES<\/span><\/div><div class=\"mashsb-buttons\"><a class=\"mashicon-facebook mash-large mash-center mashsb-noshadow\" href=\"https:\/\/www.facebook.com\/sharer.php?u=https%3A%2F%2Fwww.zunoticia.com%2Fnoticias-de-hidalgo%2F2023%2F04%2F10%2Faqueja-a-taxistas-la-baja-afluencia-de-pasaje%2F\" target=\"_top\" rel=\"nofollow\"><span class=\"icon\"><\/span><span class=\"text\">Share<\/span><\/a><a class=\"mashicon-twitter mash-large mash-center mashsb-noshadow\" href=\"https:\/\/twitter.com\/intent\/tweet?text=&amp;url=https:\/\/www.zunoticia.com\/noticias-de-hidalgo\/2023\/04\/10\/aqueja-a-taxistas-la-baja-afluencia-de-pasaje\/\" target=\"_top\" rel=\"nofollow\"><span class=\"icon\"><\/span><span class=\"text\">Tweet<\/span><\/a><div class=\"onoffswitch2 mash-large mashsb-noshadow\" style=\"display:none\"><\/div><\/div>\n            <\/div>\n                <div style=\"clear:both\"><\/div><div class=\"mashsb-toggle-container\"><\/div><\/aside>\n            <!-- Share buttons by mashshare.net - Version: 4.0.47-->\n<p><em>Por Karen Rivera\/Zunoticia<\/em><\/p>\n\n\n\n<p><strong>Huejutla, Hgo.-<\/strong> \u201cNo hubo movimiento durante este fin de semana\u201d, asegur\u00f3 el taxista Luis Ch\u00e1vez, del sitio Plaza.<\/p>\n\n\n\n<p>Narr\u00f3 que, \u201ceste fin de semana no hubo tanto movimiento como en otros d\u00edas, recuerdo que ingres\u00e9 el viernes alrededor de las 5:30am y trabaj\u00e9 hasta las 11:00 de la noche, pero casi no hubo afluencia de pasaje\u201d.<\/p>\n\n\n\n<p>\u201cHab\u00eda gente que iba caminando, era muy contada, el clima no permiti\u00f3 que la ciudadan\u00eda saliera\u201d, expres\u00f3.<\/p>\n\n\n\n<p>A\u00f1adi\u00f3 que de un 100%, un 40% baj\u00f3 la fluencia de pasaje en esta semana santa, en comparaci\u00f3n a a\u00f1os anteriores.<\/p>\n","protected":false},"excerpt":{"rendered":"<p>Por Karen Rivera\/Zunoticia Huejutla, Hgo.- \u201cNo hubo movimiento durante este fin de semana\u201d, asegur\u00f3 el taxista Luis Ch\u00e1vez, del sitio Plaza. Narr\u00f3 que, \u201ceste fin de semana no hubo tanto movimiento como en otros d\u00edas, recuerdo que ingres\u00e9 el viernes alrededor de las 5:30am y trabaj\u00e9 hasta las 11:00 de la noche, pero casi no&hellip; <a class=\"more-link\" href=\"https:\/\/www.zunoticia.com\/noticias-de-hidalgo\/2023\/04\/10\/aqueja-a-taxistas-la-baja-afluencia-de-pasaje\/\">Seguir leyendo <span class=\"screen-reader-text\">Aqueja a taxistas la baja afluencia de pasaje<\/span><\/a><\/p>\n","protected":false},"author":12,"featured_media":476635,"comment_status":"closed","ping_status":"open","sticky":false,"template":"","format":"standard","meta":{"rop_custom_images_group":[],"rop_custom_messages_group":[],"rop_publish_now":"initial","rop_publish_now_accounts":{"facebook_10159540855086992_322828327761733":""},"rop_publish_now_history":[],"rop_publish_now_status":"pending","footnotes":""},"categories":[181],"tags":[121],"class_list":["post-476632","post","type-post","status-publish","format-standard","has-post-thumbnail","hentry","category-huejutla","tag-huejutla","entry"],"_links":{"self":[{"href":"https:\/\/www.zunoticia.com\/noticias-de-hidalgo\/wp-json\/wp\/v2\/posts\/476632","targetHints":{"allow":["GET"]}}],"collection":[{"href":"https:\/\/www.zunoticia.com\/noticias-de-hidalgo\/wp-json\/wp\/v2\/posts"}],"about":[{"href":"https:\/\/www.zunoticia.com\/noticias-de-hidalgo\/wp-json\/wp\/v2\/types\/post"}],"author":[{"embeddable":true,"href":"https:\/\/www.zunoticia.com\/noticias-de-hidalgo\/wp-json\/wp\/v2\/users\/12"}],"replies":[{"embeddable":true,"href":"https:\/\/www.zunoticia.com\/noticias-de-hidalgo\/wp-json\/wp\/v2\/comments?post=476632"}],"version-history":[{"count":1,"href":"https:\/\/www.zunoticia.com\/noticias-de-hidalgo\/wp-json\/wp\/v2\/posts\/476632\/revisions"}],"predecessor-version":[{"id":476641,"href":"https:\/\/www.zunoticia.com\/noticias-de-hidalgo\/wp-json\/wp\/v2\/posts\/476632\/revisions\/476641"}],"wp:featuredmedia":[{"embeddable":true,"href":"https:\/\/www.zunoticia.com\/noticias-de-hidalgo\/wp-json\/wp\/v2\/media\/476635"}],"wp:attachment":[{"href":"https:\/\/www.zunoticia.com\/noticias-de-hidalgo\/wp-json\/wp\/v2\/media?parent=476632"}],"wp:term":[{"taxonomy":"category","embeddable":true,"href":"https:\/\/www.zunoticia.com\/noticias-de-hidalgo\/wp-json\/wp\/v2\/categories?post=476632"},{"taxonomy":"post_tag","embeddable":true,"href":"https:\/\/www.zunoticia.com\/noticias-de-hidalgo\/wp-json\/wp\/v2\/tags?post=476632"}],"curies":[{"name":"wp","href":"https:\/\/api.w.org\/{rel}","templated":true}]}}