{"id":476732,"date":"2023-04-11T19:21:21","date_gmt":"2023-04-12T01:21:21","guid":{"rendered":"https:\/\/www.zunoticia.com\/noticias-de-hidalgo\/?p=476732"},"modified":"2023-04-11T19:21:23","modified_gmt":"2023-04-12T01:21:23","slug":"refuerzan-vigilancia-en-comunidades-y-delegaciones","status":"publish","type":"post","link":"https:\/\/www.zunoticia.com\/noticias-de-hidalgo\/2023\/04\/11\/refuerzan-vigilancia-en-comunidades-y-delegaciones\/","title":{"rendered":"Refuerzan vigilancia en comunidades y delegaciones"},"content":{"rendered":"<aside class=\"mashsb-container mashsb-main mashsb-stretched\"><div class=\"mashsb-box\"><div class=\"mashsb-count mash-large\" style=\"float:left\"><div class=\"counts mashsbcount\">5<\/div><span class=\"mashsb-sharetext\">SHARES<\/span><\/div><div class=\"mashsb-buttons\"><a class=\"mashicon-facebook mash-large mash-center mashsb-noshadow\" href=\"https:\/\/www.facebook.com\/sharer.php?u=https%3A%2F%2Fwww.zunoticia.com%2Fnoticias-de-hidalgo%2F2023%2F04%2F11%2Frefuerzan-vigilancia-en-comunidades-y-delegaciones%2F\" target=\"_top\" rel=\"nofollow\"><span class=\"icon\"><\/span><span class=\"text\">Share<\/span><\/a><a class=\"mashicon-twitter mash-large mash-center mashsb-noshadow\" href=\"https:\/\/twitter.com\/intent\/tweet?text=&amp;url=https:\/\/www.zunoticia.com\/noticias-de-hidalgo\/2023\/04\/11\/refuerzan-vigilancia-en-comunidades-y-delegaciones\/\" target=\"_top\" rel=\"nofollow\"><span class=\"icon\"><\/span><span class=\"text\">Tweet<\/span><\/a><div class=\"onoffswitch2 mash-large mashsb-noshadow\" style=\"display:none\"><\/div><\/div>\n            <\/div>\n                <div style=\"clear:both\"><\/div><div class=\"mashsb-toggle-container\"><\/div><\/aside>\n            <!-- Share buttons by mashshare.net - Version: 4.0.47-->\n<p><em>Por \u00c1ngel Silverio\/Zunoticia<\/em><\/p>\n\n\n\n<p><strong>San Felipe Orizatl\u00e1n, Hgo.-<\/strong> Con el prop\u00f3sito de que los ciudadanos tengan un periodo vacacional tranquilo y se culminen con saldo blanco, la polic\u00eda municipal ha reforzado los recorridos por las comunidades y delegaciones del municipio.<\/p>\n\n\n\n<p>De acuerdo con lo informado por el titular de la Secretar\u00eda de Seguridad P\u00fablica, Alejo Bautista, quien se\u00f1al\u00f3 que est\u00e1s acciones son con el firme compromiso de garantizar la seguridad de todos los paseantes y los orizatlenses que est\u00e1n disfrutando de este periodo vacacional.<\/p>\n\n\n\n<p>En este sentido, se han estado realizando acciones de vigilancia con patrullajes en la cabecera municipal y en las comunidades, tambi\u00e9n realizan constantes recorridos por las delegaciones del municipio, adem\u00e1s de que se encuentra instalado un m\u00f3dulo de atenci\u00f3n a los conductores.<\/p>\n\n\n\n<p>Cabe hacer menci\u00f3n que, tambi\u00e9n se est\u00e1 vigilando en los parajes con el apoyo de Protecci\u00f3n Civil, sin embargo, piden a los ciudadanos que tambi\u00e9n pongan de su parte para prevenir accidentes.<\/p>\n","protected":false},"excerpt":{"rendered":"<p>Por \u00c1ngel Silverio\/Zunoticia San Felipe Orizatl\u00e1n, Hgo.- Con el prop\u00f3sito de que los ciudadanos tengan un periodo vacacional tranquilo y se culminen con saldo blanco, la polic\u00eda municipal ha reforzado los recorridos por las comunidades y delegaciones del municipio. De acuerdo con lo informado por el titular de la Secretar\u00eda de Seguridad P\u00fablica, Alejo Bautista,&hellip; <a class=\"more-link\" href=\"https:\/\/www.zunoticia.com\/noticias-de-hidalgo\/2023\/04\/11\/refuerzan-vigilancia-en-comunidades-y-delegaciones\/\">Seguir leyendo <span class=\"screen-reader-text\">Refuerzan vigilancia en comunidades y delegaciones<\/span><\/a><\/p>\n","protected":false},"author":12,"featured_media":476734,"comment_status":"closed","ping_status":"open","sticky":false,"template":"","format":"standard","meta":{"rop_custom_images_group":[],"rop_custom_messages_group":[],"rop_publish_now":"initial","rop_publish_now_accounts":{"facebook_10159540855086992_322828327761733":""},"rop_publish_now_history":[],"rop_publish_now_status":"pending","footnotes":""},"categories":[180],"tags":[129],"class_list":["post-476732","post","type-post","status-publish","format-standard","has-post-thumbnail","hentry","category-orizatlan","tag-orizatlan","entry"],"_links":{"self":[{"href":"https:\/\/www.zunoticia.com\/noticias-de-hidalgo\/wp-json\/wp\/v2\/posts\/476732","targetHints":{"allow":["GET"]}}],"collection":[{"href":"https:\/\/www.zunoticia.com\/noticias-de-hidalgo\/wp-json\/wp\/v2\/posts"}],"about":[{"href":"https:\/\/www.zunoticia.com\/noticias-de-hidalgo\/wp-json\/wp\/v2\/types\/post"}],"author":[{"embeddable":true,"href":"https:\/\/www.zunoticia.com\/noticias-de-hidalgo\/wp-json\/wp\/v2\/users\/12"}],"replies":[{"embeddable":true,"href":"https:\/\/www.zunoticia.com\/noticias-de-hidalgo\/wp-json\/wp\/v2\/comments?post=476732"}],"version-history":[{"count":1,"href":"https:\/\/www.zunoticia.com\/noticias-de-hidalgo\/wp-json\/wp\/v2\/posts\/476732\/revisions"}],"predecessor-version":[{"id":476746,"href":"https:\/\/www.zunoticia.com\/noticias-de-hidalgo\/wp-json\/wp\/v2\/posts\/476732\/revisions\/476746"}],"wp:featuredmedia":[{"embeddable":true,"href":"https:\/\/www.zunoticia.com\/noticias-de-hidalgo\/wp-json\/wp\/v2\/media\/476734"}],"wp:attachment":[{"href":"https:\/\/www.zunoticia.com\/noticias-de-hidalgo\/wp-json\/wp\/v2\/media?parent=476732"}],"wp:term":[{"taxonomy":"category","embeddable":true,"href":"https:\/\/www.zunoticia.com\/noticias-de-hidalgo\/wp-json\/wp\/v2\/categories?post=476732"},{"taxonomy":"post_tag","embeddable":true,"href":"https:\/\/www.zunoticia.com\/noticias-de-hidalgo\/wp-json\/wp\/v2\/tags?post=476732"}],"curies":[{"name":"wp","href":"https:\/\/api.w.org\/{rel}","templated":true}]}}