{"id":476796,"date":"2023-04-11T22:56:43","date_gmt":"2023-04-12T04:56:43","guid":{"rendered":"https:\/\/www.zunoticia.com\/noticias-de-hidalgo\/?p=476796"},"modified":"2023-04-11T22:56:46","modified_gmt":"2023-04-12T04:56:46","slug":"se-fortalece-la-educacion-en-hidalgo-a-traves-de-reunion-bilateral-de-trabajo-mexico-colombia","status":"publish","type":"post","link":"https:\/\/www.zunoticia.com\/noticias-de-hidalgo\/2023\/04\/11\/se-fortalece-la-educacion-en-hidalgo-a-traves-de-reunion-bilateral-de-trabajo-mexico-colombia\/","title":{"rendered":"Se fortalece la educaci\u00f3n en Hidalgo a trav\u00e9s de Reuni\u00f3n Bilateral de trabajo M\u00e9xico-Colombia"},"content":{"rendered":"<aside class=\"mashsb-container mashsb-main mashsb-stretched\"><div class=\"mashsb-box\"><div class=\"mashsb-count mash-large\" style=\"float:left\"><div class=\"counts mashsbcount\">94<\/div><span class=\"mashsb-sharetext\">SHARES<\/span><\/div><div class=\"mashsb-buttons\"><a class=\"mashicon-facebook mash-large mash-center mashsb-noshadow\" href=\"https:\/\/www.facebook.com\/sharer.php?u=https%3A%2F%2Fwww.zunoticia.com%2Fnoticias-de-hidalgo%2F2023%2F04%2F11%2Fse-fortalece-la-educacion-en-hidalgo-a-traves-de-reunion-bilateral-de-trabajo-mexico-colombia%2F\" target=\"_top\" rel=\"nofollow\"><span class=\"icon\"><\/span><span class=\"text\">Share<\/span><\/a><a class=\"mashicon-twitter mash-large mash-center mashsb-noshadow\" href=\"https:\/\/twitter.com\/intent\/tweet?text=&amp;url=https:\/\/www.zunoticia.com\/noticias-de-hidalgo\/2023\/04\/11\/se-fortalece-la-educacion-en-hidalgo-a-traves-de-reunion-bilateral-de-trabajo-mexico-colombia\/\" target=\"_top\" rel=\"nofollow\"><span class=\"icon\"><\/span><span class=\"text\">Tweet<\/span><\/a><div class=\"onoffswitch2 mash-large mashsb-noshadow\" style=\"display:none\"><\/div><\/div>\n            <\/div>\n                <div style=\"clear:both\"><\/div><div class=\"mashsb-toggle-container\"><\/div><\/aside>\n            <!-- Share buttons by mashshare.net - Version: 4.0.47-->\n<ul class=\"wp-block-list\">\n<li>Adem\u00e1s, se consolid\u00f3 la firma de la Carta de Intenci\u00f3n entre organismos educativos de ambos pa\u00edses.<\/li>\n<\/ul>\n\n\n\n<p><em>Por Redacci\u00f3n\/Zunoticia<\/em><\/p>\n\n\n\n<p><strong>Pachuca, Hgo.-<\/strong> Como parte de la pol\u00edtica de educaci\u00f3n integral implementada en el estado por el gobernador Julio Menchaca Salazar y el secretario de Educaci\u00f3n P\u00fablica de Hidalgo, Natividad Castrej\u00f3n Valdez, en beneficio de los estudiantes de Educaci\u00f3n Superior, se llev\u00f3 a cabo la \u201cReuni\u00f3n Bilateral de trabajo M\u00e9xico-Colombia\u201d, entre las autoridades de la Secretar\u00eda de Educaci\u00f3n P\u00fablica (SEPH), del Instituto Tecnol\u00f3gico Metropolitano de Medell\u00edn y del Centro para la Cuarta Revoluci\u00f3n Industrial de Colombia.<\/p>\n\n\n\n<p>Con la asistencia de rectores de diversas universidades tecnol\u00f3gicas y polit\u00e9cnicas del estado, en las instalaciones de la Universidad Tecnol\u00f3gica de Mineral de la Reforma (UTMiR), as\u00ed como la participaci\u00f3n de funcionarios acad\u00e9micos colombianos, dicha reuni\u00f3n virtual fue encabezada por el subsecretario de Educaci\u00f3n Media Superior y Superior, Daniel Fragoso Torres y el rector del Instituto Tecnol\u00f3gico Metropolitano de Medell\u00edn Colombia, Alejandro Villa G\u00f3mez.<\/p>\n\n\n\n<figure class=\"wp-block-image size-large\"><img fetchpriority=\"high\" decoding=\"async\" width=\"1024\" height=\"683\" src=\"https:\/\/www.zunoticia.com\/noticias-de-hidalgo\/wp-content\/uploads\/2023\/04\/eZy-Watermark-11-04-2023-10-34-37p.m.-1024x683.jpg\" alt=\"\" class=\"wp-image-476789\" srcset=\"https:\/\/www.zunoticia.com\/noticias-de-hidalgo\/wp-content\/uploads\/2023\/04\/eZy-Watermark-11-04-2023-10-34-37p.m.-1024x683.jpg 1024w, https:\/\/www.zunoticia.com\/noticias-de-hidalgo\/wp-content\/uploads\/2023\/04\/eZy-Watermark-11-04-2023-10-34-37p.m.-300x200.jpg 300w, https:\/\/www.zunoticia.com\/noticias-de-hidalgo\/wp-content\/uploads\/2023\/04\/eZy-Watermark-11-04-2023-10-34-37p.m.-768x512.jpg 768w, https:\/\/www.zunoticia.com\/noticias-de-hidalgo\/wp-content\/uploads\/2023\/04\/eZy-Watermark-11-04-2023-10-34-37p.m..jpg 1260w\" sizes=\"(max-width: 1024px) 100vw, 1024px\" \/><\/figure>\n\n\n\n<p>En sus participaciones, los funcionarios coincidieron en la similitud educativa y cultural de ambos pa\u00edses y lo importante que es para ambas instituciones, fortalecer la vinculaci\u00f3n e intercambio de investigadores, acad\u00e9micos y sobre todo de estudiantes, que les permita conocer un entorno diferente y compartir experiencias profesionales.<\/p>\n\n\n\n<p>Durante la exposici\u00f3n de trabajos a distancia, se cont\u00f3 con la pl\u00e1tica de Erez Zaionce, del Centro para la Cuarta Revoluci\u00f3n Industrial de Colombia, quien expuso con los participantes \u201cLos Retos de Latinoam\u00e9rica seg\u00fan el Centro para la cuarta Revoluci\u00f3n Industrial de Colombia\u201d. As\u00ed mismo se realiz\u00f3 la ponencia \u201cEl fomento de la ciencia, la tecnolog\u00eda y la innovaci\u00f3n para la construcci\u00f3n de la paz\u201d, por parte de Alejandro Villa G\u00f3mez, as\u00ed como la charla \u201cRed de ciudades inteligentes de Latinoam\u00e9rica\u201d a cargo de Diony Gonz\u00e1lez Rend\u00f3n, rector y director de Vinculaci\u00f3n Internacional ITM, respectivamente.<\/p>\n\n\n\n<p>El subsecretario de Educaci\u00f3n Media Superior y Superior de Hidalgo invit\u00f3 a las y los rectores presentes a participar en las conclusiones de la jornada, donde los titulares de las universidades manifestaron su inter\u00e9s de participar en diferentes \u00e1reas del conocimiento con acciones que fortalezcan la vinculaci\u00f3n y el desarrollo acad\u00e9mico de las universidades hidalguenses y el ITM de Colombia.<\/p>\n\n\n\n<p>Al finalizar el evento se consolid\u00f3 la firma de la Carta de Intenci\u00f3n entre dichos organismos de M\u00e9xico y Colombia.<\/p>\n","protected":false},"excerpt":{"rendered":"<p>Por Redacci\u00f3n\/Zunoticia Pachuca, Hgo.- Como parte de la pol\u00edtica de educaci\u00f3n integral implementada en el estado por el gobernador Julio Menchaca Salazar y el secretario de Educaci\u00f3n P\u00fablica de Hidalgo, Natividad Castrej\u00f3n Valdez, en beneficio de los estudiantes de Educaci\u00f3n Superior, se llev\u00f3 a cabo la \u201cReuni\u00f3n Bilateral de trabajo M\u00e9xico-Colombia\u201d, entre las autoridades de&hellip; <a class=\"more-link\" href=\"https:\/\/www.zunoticia.com\/noticias-de-hidalgo\/2023\/04\/11\/se-fortalece-la-educacion-en-hidalgo-a-traves-de-reunion-bilateral-de-trabajo-mexico-colombia\/\">Seguir leyendo <span class=\"screen-reader-text\">Se fortalece la educaci\u00f3n en Hidalgo a trav\u00e9s de Reuni\u00f3n Bilateral de trabajo M\u00e9xico-Colombia<\/span><\/a><\/p>\n","protected":false},"author":12,"featured_media":476790,"comment_status":"closed","ping_status":"open","sticky":false,"template":"","format":"standard","meta":{"rop_custom_images_group":[],"rop_custom_messages_group":[],"rop_publish_now":"initial","rop_publish_now_accounts":{"facebook_10159540855086992_322828327761733":""},"rop_publish_now_history":[],"rop_publish_now_status":"pending","footnotes":""},"categories":[208],"tags":[214],"class_list":["post-476796","post","type-post","status-publish","format-standard","has-post-thumbnail","hentry","category-estado","tag-estado","entry"],"_links":{"self":[{"href":"https:\/\/www.zunoticia.com\/noticias-de-hidalgo\/wp-json\/wp\/v2\/posts\/476796","targetHints":{"allow":["GET"]}}],"collection":[{"href":"https:\/\/www.zunoticia.com\/noticias-de-hidalgo\/wp-json\/wp\/v2\/posts"}],"about":[{"href":"https:\/\/www.zunoticia.com\/noticias-de-hidalgo\/wp-json\/wp\/v2\/types\/post"}],"author":[{"embeddable":true,"href":"https:\/\/www.zunoticia.com\/noticias-de-hidalgo\/wp-json\/wp\/v2\/users\/12"}],"replies":[{"embeddable":true,"href":"https:\/\/www.zunoticia.com\/noticias-de-hidalgo\/wp-json\/wp\/v2\/comments?post=476796"}],"version-history":[{"count":1,"href":"https:\/\/www.zunoticia.com\/noticias-de-hidalgo\/wp-json\/wp\/v2\/posts\/476796\/revisions"}],"predecessor-version":[{"id":476797,"href":"https:\/\/www.zunoticia.com\/noticias-de-hidalgo\/wp-json\/wp\/v2\/posts\/476796\/revisions\/476797"}],"wp:featuredmedia":[{"embeddable":true,"href":"https:\/\/www.zunoticia.com\/noticias-de-hidalgo\/wp-json\/wp\/v2\/media\/476790"}],"wp:attachment":[{"href":"https:\/\/www.zunoticia.com\/noticias-de-hidalgo\/wp-json\/wp\/v2\/media?parent=476796"}],"wp:term":[{"taxonomy":"category","embeddable":true,"href":"https:\/\/www.zunoticia.com\/noticias-de-hidalgo\/wp-json\/wp\/v2\/categories?post=476796"},{"taxonomy":"post_tag","embeddable":true,"href":"https:\/\/www.zunoticia.com\/noticias-de-hidalgo\/wp-json\/wp\/v2\/tags?post=476796"}],"curies":[{"name":"wp","href":"https:\/\/api.w.org\/{rel}","templated":true}]}}