{"id":476808,"date":"2023-04-12T12:40:40","date_gmt":"2023-04-12T18:40:40","guid":{"rendered":"https:\/\/www.zunoticia.com\/noticias-de-hidalgo\/?p=476808"},"modified":"2023-04-12T12:40:41","modified_gmt":"2023-04-12T18:40:41","slug":"coche-se-salio-de-la-carretera-4","status":"publish","type":"post","link":"https:\/\/www.zunoticia.com\/noticias-de-hidalgo\/2023\/04\/12\/coche-se-salio-de-la-carretera-4\/","title":{"rendered":"Coche se sali\u00f3 de la carretera"},"content":{"rendered":"<aside class=\"mashsb-container mashsb-main mashsb-stretched\"><div class=\"mashsb-box\"><div class=\"mashsb-count mash-large\" style=\"float:left\"><div class=\"counts mashsbcount\">20<\/div><span class=\"mashsb-sharetext\">SHARES<\/span><\/div><div class=\"mashsb-buttons\"><a class=\"mashicon-facebook mash-large mash-center mashsb-noshadow\" href=\"https:\/\/www.facebook.com\/sharer.php?u=https%3A%2F%2Fwww.zunoticia.com%2Fnoticias-de-hidalgo%2F2023%2F04%2F12%2Fcoche-se-salio-de-la-carretera-4%2F\" target=\"_top\" rel=\"nofollow\"><span class=\"icon\"><\/span><span class=\"text\">Share<\/span><\/a><a class=\"mashicon-twitter mash-large mash-center mashsb-noshadow\" href=\"https:\/\/twitter.com\/intent\/tweet?text=&amp;url=https:\/\/www.zunoticia.com\/noticias-de-hidalgo\/2023\/04\/12\/coche-se-salio-de-la-carretera-4\/\" target=\"_top\" rel=\"nofollow\"><span class=\"icon\"><\/span><span class=\"text\">Tweet<\/span><\/a><div class=\"onoffswitch2 mash-large mashsb-noshadow\" style=\"display:none\"><\/div><\/div>\n            <\/div>\n                <div style=\"clear:both\"><\/div><div class=\"mashsb-toggle-container\"><\/div><\/aside>\n            <!-- Share buttons by mashshare.net - Version: 4.0.47-->\n<p><\/p>\n\n\n\n<p><em>Por Francisco Rosas\/Zunoticia<\/em><\/p>\n\n\n\n<p><strong>Atlapexco, Hgo<\/strong>.- La ma\u00f1ana de este mi\u00e9rcoles, un auto compacto que&nbsp; probablemente era conducido a exceso de velocidad, registr\u00f3 una aparatosa salida de camino en la v\u00eda estatal Atlapexco-Calnali, cerca del centro Ecotur\u00edstico de Achiquihuixtla.<\/p>\n\n\n\n<p>Fuentes polic\u00edacas informaron que el percance fue protagonizado por un veh\u00edculo de la marca Nissan, tipo Versa, de color gris, con placas de circulaci\u00f3n HNJ-18-27 del estado de Hidalgo, que era conducido por Aldahir N., de 42 a\u00f1os de edad, con domicilio en la zona centro de la cabecera municipal de Yahualica.<\/p>\n\n\n\n<p>El tripulante de la unidad motora al parecer perdi\u00f3 el control del volante al llegar a una curva y tras derrapar, termin\u00f3 afuera de la carpeta asf\u00e1ltica, sin embargo, afortunadamente result\u00f3 ileso en el incidente y solo se reportan da\u00f1os materiales.<\/p>\n\n\n\n<p>Al lugar de los hechos acudieron elementos de Seguridad P\u00fablica Municipal, quienes a su vez solicitaron el apoyo de una gr\u00faa particular para remolcar el coche hacia el corral\u00f3n.<\/p>\n\n\n\n<p><\/p>\n","protected":false},"excerpt":{"rendered":"<p>Por Francisco Rosas\/Zunoticia Atlapexco, Hgo.- La ma\u00f1ana de este mi\u00e9rcoles, un auto compacto que&nbsp; probablemente era conducido a exceso de velocidad, registr\u00f3 una aparatosa salida de camino en la v\u00eda estatal Atlapexco-Calnali, cerca del centro Ecotur\u00edstico de Achiquihuixtla. Fuentes polic\u00edacas informaron que el percance fue protagonizado por un veh\u00edculo de la marca Nissan, tipo Versa,&hellip; <a class=\"more-link\" href=\"https:\/\/www.zunoticia.com\/noticias-de-hidalgo\/2023\/04\/12\/coche-se-salio-de-la-carretera-4\/\">Seguir leyendo <span class=\"screen-reader-text\">Coche se sali\u00f3 de la carretera<\/span><\/a><\/p>\n","protected":false},"author":20,"featured_media":476809,"comment_status":"closed","ping_status":"open","sticky":false,"template":"","format":"standard","meta":{"rop_custom_images_group":[],"rop_custom_messages_group":[],"rop_publish_now":"initial","rop_publish_now_accounts":{"facebook_10159540855086992_322828327761733":""},"rop_publish_now_history":[],"rop_publish_now_status":"pending","footnotes":""},"categories":[178],"tags":[259],"class_list":["post-476808","post","type-post","status-publish","format-standard","has-post-thumbnail","hentry","category-policiaca","tag-policiaca","entry"],"_links":{"self":[{"href":"https:\/\/www.zunoticia.com\/noticias-de-hidalgo\/wp-json\/wp\/v2\/posts\/476808","targetHints":{"allow":["GET"]}}],"collection":[{"href":"https:\/\/www.zunoticia.com\/noticias-de-hidalgo\/wp-json\/wp\/v2\/posts"}],"about":[{"href":"https:\/\/www.zunoticia.com\/noticias-de-hidalgo\/wp-json\/wp\/v2\/types\/post"}],"author":[{"embeddable":true,"href":"https:\/\/www.zunoticia.com\/noticias-de-hidalgo\/wp-json\/wp\/v2\/users\/20"}],"replies":[{"embeddable":true,"href":"https:\/\/www.zunoticia.com\/noticias-de-hidalgo\/wp-json\/wp\/v2\/comments?post=476808"}],"version-history":[{"count":1,"href":"https:\/\/www.zunoticia.com\/noticias-de-hidalgo\/wp-json\/wp\/v2\/posts\/476808\/revisions"}],"predecessor-version":[{"id":476810,"href":"https:\/\/www.zunoticia.com\/noticias-de-hidalgo\/wp-json\/wp\/v2\/posts\/476808\/revisions\/476810"}],"wp:featuredmedia":[{"embeddable":true,"href":"https:\/\/www.zunoticia.com\/noticias-de-hidalgo\/wp-json\/wp\/v2\/media\/476809"}],"wp:attachment":[{"href":"https:\/\/www.zunoticia.com\/noticias-de-hidalgo\/wp-json\/wp\/v2\/media?parent=476808"}],"wp:term":[{"taxonomy":"category","embeddable":true,"href":"https:\/\/www.zunoticia.com\/noticias-de-hidalgo\/wp-json\/wp\/v2\/categories?post=476808"},{"taxonomy":"post_tag","embeddable":true,"href":"https:\/\/www.zunoticia.com\/noticias-de-hidalgo\/wp-json\/wp\/v2\/tags?post=476808"}],"curies":[{"name":"wp","href":"https:\/\/api.w.org\/{rel}","templated":true}]}}