{"id":476876,"date":"2023-04-12T19:04:57","date_gmt":"2023-04-13T01:04:57","guid":{"rendered":"https:\/\/www.zunoticia.com\/noticias-de-hidalgo\/?p=476876"},"modified":"2023-04-12T19:04:59","modified_gmt":"2023-04-13T01:04:59","slug":"acondicionaran-las-carceles-para-respetar-las-condiciones-humanas","status":"publish","type":"post","link":"https:\/\/www.zunoticia.com\/noticias-de-hidalgo\/2023\/04\/12\/acondicionaran-las-carceles-para-respetar-las-condiciones-humanas\/","title":{"rendered":"Acondicionar\u00e1n las c\u00e1rceles para respetar las condiciones humanas"},"content":{"rendered":"<aside class=\"mashsb-container mashsb-main mashsb-stretched\"><div class=\"mashsb-box\"><div class=\"mashsb-count mash-large\" style=\"float:left\"><div class=\"counts mashsbcount\">39<\/div><span class=\"mashsb-sharetext\">SHARES<\/span><\/div><div class=\"mashsb-buttons\"><a class=\"mashicon-facebook mash-large mash-center mashsb-noshadow\" href=\"https:\/\/www.facebook.com\/sharer.php?u=https%3A%2F%2Fwww.zunoticia.com%2Fnoticias-de-hidalgo%2F2023%2F04%2F12%2Facondicionaran-las-carceles-para-respetar-las-condiciones-humanas%2F\" target=\"_top\" rel=\"nofollow\"><span class=\"icon\"><\/span><span class=\"text\">Share<\/span><\/a><a class=\"mashicon-twitter mash-large mash-center mashsb-noshadow\" href=\"https:\/\/twitter.com\/intent\/tweet?text=&amp;url=https:\/\/www.zunoticia.com\/noticias-de-hidalgo\/2023\/04\/12\/acondicionaran-las-carceles-para-respetar-las-condiciones-humanas\/\" target=\"_top\" rel=\"nofollow\"><span class=\"icon\"><\/span><span class=\"text\">Tweet<\/span><\/a><div class=\"onoffswitch2 mash-large mashsb-noshadow\" style=\"display:none\"><\/div><\/div>\n            <\/div>\n                <div style=\"clear:both\"><\/div><div class=\"mashsb-toggle-container\"><\/div><\/aside>\n            <!-- Share buttons by mashshare.net - Version: 4.0.47-->\n<ul class=\"wp-block-list\">\n<li>El presidente municipal, Joel Nochebuena, asegur\u00f3 que este a\u00f1o trabajar\u00e1n con dicho tema.<\/li>\n<\/ul>\n\n\n\n<p><em>Por Karen Rivera\/Zunoticia<\/em><\/p>\n\n\n\n<p><strong>Atlapexco, Hgo.-<\/strong> Este municipio fue observado por parte de la Comisi\u00f3n Estatal de Derechos Humanos del Estado de Hidalgo (CEDHEH), sobre el tema de las condiciones de las \u00e1reas de detenci\u00f3n que se tienen, donde solicitaron se respeten las condiciones humanas de quienes son ingresados a esos espacios.<\/p>\n\n\n\n<p>El Presidente Municipal, Joel Nochebuena Hern\u00e1ndez, reconoci\u00f3 la labor exhaustiva realizada por la Comisi\u00f3n Estatal de Derechos Humanos, en los 84 municipios con respecto a las c\u00e1rceles, donde detectaron las condiciones con las que cada una de ellas cuenta y solicitaron se respete la condici\u00f3n humana.<\/p>\n\n\n\n<p>En este tenor, el edil se\u00f1al\u00f3, \u201cHa habido observaciones en el municipio de Atlapexco, pero ya estamos trabajando en ese sentido, traemos como propuesta y este a\u00f1o la habremos de implementar, es una propuesta de tener un lugar propio y exclusivo para el tema de la polic\u00eda y de la c\u00e1rcel\u201d.<\/p>\n\n\n\n<figure class=\"wp-block-image size-large\"><img fetchpriority=\"high\" decoding=\"async\" width=\"1024\" height=\"768\" src=\"https:\/\/www.zunoticia.com\/noticias-de-hidalgo\/wp-content\/uploads\/2023\/04\/eZy-Watermark-12-04-2023-06-55-04p.m.-1024x768.jpg\" alt=\"\" class=\"wp-image-476877\" srcset=\"https:\/\/www.zunoticia.com\/noticias-de-hidalgo\/wp-content\/uploads\/2023\/04\/eZy-Watermark-12-04-2023-06-55-04p.m.-1024x768.jpg 1024w, https:\/\/www.zunoticia.com\/noticias-de-hidalgo\/wp-content\/uploads\/2023\/04\/eZy-Watermark-12-04-2023-06-55-04p.m.-300x225.jpg 300w, https:\/\/www.zunoticia.com\/noticias-de-hidalgo\/wp-content\/uploads\/2023\/04\/eZy-Watermark-12-04-2023-06-55-04p.m.-768x576.jpg 768w, https:\/\/www.zunoticia.com\/noticias-de-hidalgo\/wp-content\/uploads\/2023\/04\/eZy-Watermark-12-04-2023-06-55-04p.m..jpg 1280w\" sizes=\"(max-width: 1024px) 100vw, 1024px\" \/><\/figure>\n\n\n\n<p>\u201cEstaremos trabajando en ese tema, calculo que, en el mes de septiembre habremos de tener el proyecto de ver los recursos que tenemos en FORTAMUN, para iniciar este a\u00f1o con la primera etapa de la construcci\u00f3n de esta \u00e1rea, que es importante y partiendo de ah\u00ed vamos a tener buenos resultados\u201d, asegur\u00f3.<\/p>\n\n\n\n<p>Agreg\u00f3 \u201cEs algo que ya no se puede quedar en el tintero, el tema de las \u00e1reas de detenci\u00f3n y hoy la CDH lo ha se\u00f1alado y seguramente el Gobernador fue el primero que dijo que \u00e9l va aceptar las recomendaciones que emanen de esta comisi\u00f3n y sin duda alguna, los presidentes municipales habremos de hacer lo propio\u201d.<\/p>\n","protected":false},"excerpt":{"rendered":"<p>Por Karen Rivera\/Zunoticia Atlapexco, Hgo.- Este municipio fue observado por parte de la Comisi\u00f3n Estatal de Derechos Humanos del Estado de Hidalgo (CEDHEH), sobre el tema de las condiciones de las \u00e1reas de detenci\u00f3n que se tienen, donde solicitaron se respeten las condiciones humanas de quienes son ingresados a esos espacios. El Presidente Municipal, Joel&hellip; <a class=\"more-link\" href=\"https:\/\/www.zunoticia.com\/noticias-de-hidalgo\/2023\/04\/12\/acondicionaran-las-carceles-para-respetar-las-condiciones-humanas\/\">Seguir leyendo <span class=\"screen-reader-text\">Acondicionar\u00e1n las c\u00e1rceles para respetar las condiciones humanas<\/span><\/a><\/p>\n","protected":false},"author":12,"featured_media":476879,"comment_status":"closed","ping_status":"open","sticky":false,"template":"","format":"standard","meta":{"rop_custom_images_group":[],"rop_custom_messages_group":[],"rop_publish_now":"initial","rop_publish_now_accounts":{"facebook_10159540855086992_322828327761733":""},"rop_publish_now_history":[],"rop_publish_now_status":"pending","footnotes":""},"categories":[182],"tags":[133],"class_list":["post-476876","post","type-post","status-publish","format-standard","has-post-thumbnail","hentry","category-atlapexco","tag-atlapexco","entry"],"_links":{"self":[{"href":"https:\/\/www.zunoticia.com\/noticias-de-hidalgo\/wp-json\/wp\/v2\/posts\/476876","targetHints":{"allow":["GET"]}}],"collection":[{"href":"https:\/\/www.zunoticia.com\/noticias-de-hidalgo\/wp-json\/wp\/v2\/posts"}],"about":[{"href":"https:\/\/www.zunoticia.com\/noticias-de-hidalgo\/wp-json\/wp\/v2\/types\/post"}],"author":[{"embeddable":true,"href":"https:\/\/www.zunoticia.com\/noticias-de-hidalgo\/wp-json\/wp\/v2\/users\/12"}],"replies":[{"embeddable":true,"href":"https:\/\/www.zunoticia.com\/noticias-de-hidalgo\/wp-json\/wp\/v2\/comments?post=476876"}],"version-history":[{"count":1,"href":"https:\/\/www.zunoticia.com\/noticias-de-hidalgo\/wp-json\/wp\/v2\/posts\/476876\/revisions"}],"predecessor-version":[{"id":476883,"href":"https:\/\/www.zunoticia.com\/noticias-de-hidalgo\/wp-json\/wp\/v2\/posts\/476876\/revisions\/476883"}],"wp:featuredmedia":[{"embeddable":true,"href":"https:\/\/www.zunoticia.com\/noticias-de-hidalgo\/wp-json\/wp\/v2\/media\/476879"}],"wp:attachment":[{"href":"https:\/\/www.zunoticia.com\/noticias-de-hidalgo\/wp-json\/wp\/v2\/media?parent=476876"}],"wp:term":[{"taxonomy":"category","embeddable":true,"href":"https:\/\/www.zunoticia.com\/noticias-de-hidalgo\/wp-json\/wp\/v2\/categories?post=476876"},{"taxonomy":"post_tag","embeddable":true,"href":"https:\/\/www.zunoticia.com\/noticias-de-hidalgo\/wp-json\/wp\/v2\/tags?post=476876"}],"curies":[{"name":"wp","href":"https:\/\/api.w.org\/{rel}","templated":true}]}}