{"id":476919,"date":"2023-04-12T21:10:45","date_gmt":"2023-04-13T03:10:45","guid":{"rendered":"https:\/\/www.zunoticia.com\/noticias-de-hidalgo\/?p=476919"},"modified":"2023-04-12T21:10:46","modified_gmt":"2023-04-13T03:10:46","slug":"gor-la-comunicacion-social-factor-de-cambio","status":"publish","type":"post","link":"https:\/\/www.zunoticia.com\/noticias-de-hidalgo\/2023\/04\/12\/gor-la-comunicacion-social-factor-de-cambio\/","title":{"rendered":"GOR: La comunicaci\u00f3n social, factor de&nbsp;cambio"},"content":{"rendered":"<aside class=\"mashsb-container mashsb-main mashsb-stretched\"><div class=\"mashsb-box\"><div class=\"mashsb-count mash-large\" style=\"float:left\"><div class=\"counts mashsbcount\">1<\/div><span class=\"mashsb-sharetext\">SHARES<\/span><\/div><div class=\"mashsb-buttons\"><a class=\"mashicon-facebook mash-large mash-center mashsb-noshadow\" href=\"https:\/\/www.facebook.com\/sharer.php?u=https%3A%2F%2Fwww.zunoticia.com%2Fnoticias-de-hidalgo%2F2023%2F04%2F12%2Fgor-la-comunicacion-social-factor-de-cambio%2F\" target=\"_top\" rel=\"nofollow\"><span class=\"icon\"><\/span><span class=\"text\">Share<\/span><\/a><a class=\"mashicon-twitter mash-large mash-center mashsb-noshadow\" href=\"https:\/\/twitter.com\/intent\/tweet?text=&amp;url=https:\/\/www.zunoticia.com\/noticias-de-hidalgo\/2023\/04\/12\/gor-la-comunicacion-social-factor-de-cambio\/\" target=\"_top\" rel=\"nofollow\"><span class=\"icon\"><\/span><span class=\"text\">Tweet<\/span><\/a><div class=\"onoffswitch2 mash-large mashsb-noshadow\" style=\"display:none\"><\/div><\/div>\n            <\/div>\n                <div style=\"clear:both\"><\/div><div class=\"mashsb-toggle-container\"><\/div><\/aside>\n            <!-- Share buttons by mashshare.net - Version: 4.0.47-->\n<ul class=\"wp-block-list\">\n<li>Enlaces de comunicaci\u00f3n gubernamental reciben primera jornada de capacitaci\u00f3n.<\/li>\n<\/ul>\n\n\n\n<p><em>Por Redacci\u00f3n\/Zunoticia<\/em><\/p>\n\n\n\n<p><strong>Pachuca, Hgo.-<\/strong> \u201cSon tiempos de cambio y la transformaci\u00f3n tiene que reflejarse en todos los \u00e1mbitos del quehacer p\u00fablico, a trav\u00e9s de un ejercicio \u00e9tico donde la buena comunicaci\u00f3n sea un distintivo y un puente de cambio para la sociedad\u201d, as\u00ed lo confirm\u00f3 Guillermo Olivares Reyna, Secretario de Gobierno de Hidalgo (Segobh), al asistir a la primera jornada de capacitaci\u00f3n para enlaces de comunicaci\u00f3n de las distintas dependencias del Poder Ejecutivo, organizada por la Coordinaci\u00f3n General de Comunicaci\u00f3n Gubernamental, encabezada por Eduardo Iturbe M\u00e9ndez.<\/p>\n\n\n\n<p>En su mensaje, el servidor p\u00fablico asegur\u00f3 que la finalidad de este ejercicio es el de garantizar la profesionalizaci\u00f3n permanente, que a su vez permita a la ciudadan\u00eda conocer exactamente lo que hacen sus autoridades, para as\u00ed contribuir a mediano y largo plazo, a la consolidaci\u00f3n de sociedades mejor informadas.<\/p>\n\n\n\n<p>Olivares Reyna record\u00f3 que actualmente se escribe un nuevo cap\u00edtulo en la historia de la entidad, por lo que enfatiz\u00f3 que se debe tener muy en claro que no deben repetirse historias: \u201cY tal como lo ha expresado el gobernador Julio Menchaca, no tenemos segundas oportunidades para fallarles a las y los hidalguenses\u201d.<\/p>\n\n\n\n<p>\u201cDebemos ser comunicadores valientes, decir las cosas como son, una generaci\u00f3n de comunicadores que act\u00fae con la verdad, no con la mentira, no distorsionando la informaci\u00f3n\u201d, enfatiz\u00f3 el titular de la Segobh.<\/p>\n\n\n\n<figure class=\"wp-block-image size-large\"><img fetchpriority=\"high\" decoding=\"async\" width=\"1024\" height=\"682\" src=\"https:\/\/www.zunoticia.com\/noticias-de-hidalgo\/wp-content\/uploads\/2023\/04\/eZy-Watermark-12-04-2023-08-59-11p.m.-1024x682.jpg\" alt=\"\" class=\"wp-image-476921\" srcset=\"https:\/\/www.zunoticia.com\/noticias-de-hidalgo\/wp-content\/uploads\/2023\/04\/eZy-Watermark-12-04-2023-08-59-11p.m.-1024x682.jpg 1024w, https:\/\/www.zunoticia.com\/noticias-de-hidalgo\/wp-content\/uploads\/2023\/04\/eZy-Watermark-12-04-2023-08-59-11p.m.-300x200.jpg 300w, https:\/\/www.zunoticia.com\/noticias-de-hidalgo\/wp-content\/uploads\/2023\/04\/eZy-Watermark-12-04-2023-08-59-11p.m.-768x512.jpg 768w, https:\/\/www.zunoticia.com\/noticias-de-hidalgo\/wp-content\/uploads\/2023\/04\/eZy-Watermark-12-04-2023-08-59-11p.m..jpg 1280w\" sizes=\"(max-width: 1024px) 100vw, 1024px\" \/><\/figure>\n\n\n\n<p>Al mismo tiempo reiter\u00f3 que se necesitan profesionales que est\u00e9n al pendiente de lo que se logra d\u00eda a d\u00eda en todas las \u00e1reas de gobierno y se difunda estrat\u00e9gicamente, porque s\u00f3lo de esa forma habr\u00e1 de recuperarse la confianza de la ciudadan\u00eda en sus autoridades.<\/p>\n\n\n\n<p>Por su parte, Eduardo Iturbe exhort\u00f3 a los enlaces a nutrir la informaci\u00f3n para comunicar \u00f3ptimamente a la poblaci\u00f3n las acciones y programas que en favor del pueblo hidalguense emprende el gobierno estatal, a trav\u00e9s del uso eficiente del recurso.<\/p>\n\n\n\n<p><a><\/a>Durante el encuentro, tambi\u00e9n se llev\u00f3 a cabo una ponencia a cargo de Sergio Z\u00fa\u00f1iga Hern\u00e1ndez, fiscal especializado en Delitos Electorales de la Procuradur\u00eda General de Justicia; Carlos Edgardo Serrano Contreras, director de Prevenci\u00f3n del Delito y Atenci\u00f3n Ciudadana, as\u00ed como los agentes del Ministerio P\u00fablico: Flor Mar\u00eda Tapia Cisneros y Carlos Julio Arroyo Ch\u00e1vez; quienes hablaron de los lineamientos que en materia de comunicaci\u00f3n deben seguirse ante los pr\u00f3ximos comicios electores en otras entidades.<\/p>\n","protected":false},"excerpt":{"rendered":"<p>Por Redacci\u00f3n\/Zunoticia Pachuca, Hgo.- \u201cSon tiempos de cambio y la transformaci\u00f3n tiene que reflejarse en todos los \u00e1mbitos del quehacer p\u00fablico, a trav\u00e9s de un ejercicio \u00e9tico donde la buena comunicaci\u00f3n sea un distintivo y un puente de cambio para la sociedad\u201d, as\u00ed lo confirm\u00f3 Guillermo Olivares Reyna, Secretario de Gobierno de Hidalgo (Segobh), al&hellip; <a class=\"more-link\" href=\"https:\/\/www.zunoticia.com\/noticias-de-hidalgo\/2023\/04\/12\/gor-la-comunicacion-social-factor-de-cambio\/\">Seguir leyendo <span class=\"screen-reader-text\">GOR: La comunicaci\u00f3n social, factor de&nbsp;cambio<\/span><\/a><\/p>\n","protected":false},"author":12,"featured_media":476920,"comment_status":"closed","ping_status":"open","sticky":false,"template":"","format":"standard","meta":{"rop_custom_images_group":[],"rop_custom_messages_group":[],"rop_publish_now":"initial","rop_publish_now_accounts":{"facebook_10159540855086992_322828327761733":""},"rop_publish_now_history":[],"rop_publish_now_status":"pending","footnotes":""},"categories":[208],"tags":[214],"class_list":["post-476919","post","type-post","status-publish","format-standard","has-post-thumbnail","hentry","category-estado","tag-estado","entry"],"_links":{"self":[{"href":"https:\/\/www.zunoticia.com\/noticias-de-hidalgo\/wp-json\/wp\/v2\/posts\/476919","targetHints":{"allow":["GET"]}}],"collection":[{"href":"https:\/\/www.zunoticia.com\/noticias-de-hidalgo\/wp-json\/wp\/v2\/posts"}],"about":[{"href":"https:\/\/www.zunoticia.com\/noticias-de-hidalgo\/wp-json\/wp\/v2\/types\/post"}],"author":[{"embeddable":true,"href":"https:\/\/www.zunoticia.com\/noticias-de-hidalgo\/wp-json\/wp\/v2\/users\/12"}],"replies":[{"embeddable":true,"href":"https:\/\/www.zunoticia.com\/noticias-de-hidalgo\/wp-json\/wp\/v2\/comments?post=476919"}],"version-history":[{"count":1,"href":"https:\/\/www.zunoticia.com\/noticias-de-hidalgo\/wp-json\/wp\/v2\/posts\/476919\/revisions"}],"predecessor-version":[{"id":476922,"href":"https:\/\/www.zunoticia.com\/noticias-de-hidalgo\/wp-json\/wp\/v2\/posts\/476919\/revisions\/476922"}],"wp:featuredmedia":[{"embeddable":true,"href":"https:\/\/www.zunoticia.com\/noticias-de-hidalgo\/wp-json\/wp\/v2\/media\/476920"}],"wp:attachment":[{"href":"https:\/\/www.zunoticia.com\/noticias-de-hidalgo\/wp-json\/wp\/v2\/media?parent=476919"}],"wp:term":[{"taxonomy":"category","embeddable":true,"href":"https:\/\/www.zunoticia.com\/noticias-de-hidalgo\/wp-json\/wp\/v2\/categories?post=476919"},{"taxonomy":"post_tag","embeddable":true,"href":"https:\/\/www.zunoticia.com\/noticias-de-hidalgo\/wp-json\/wp\/v2\/tags?post=476919"}],"curies":[{"name":"wp","href":"https:\/\/api.w.org\/{rel}","templated":true}]}}