{"id":476932,"date":"2023-04-12T23:23:00","date_gmt":"2023-04-13T05:23:00","guid":{"rendered":"https:\/\/www.zunoticia.com\/noticias-de-hidalgo\/?p=476932"},"modified":"2023-04-12T23:23:02","modified_gmt":"2023-04-13T05:23:02","slug":"cedh-no-es-apendice-de-gobierno-ni-del-congreso-ana-karen","status":"publish","type":"post","link":"https:\/\/www.zunoticia.com\/noticias-de-hidalgo\/2023\/04\/12\/cedh-no-es-apendice-de-gobierno-ni-del-congreso-ana-karen\/","title":{"rendered":"CEDH no es ap\u00e9ndice de gobierno, ni del Congreso: Ana Karen"},"content":{"rendered":"<aside class=\"mashsb-container mashsb-main mashsb-stretched\"><div class=\"mashsb-box\"><div class=\"mashsb-count mash-large\" style=\"float:left\"><div class=\"counts mashsbcount\">12<\/div><span class=\"mashsb-sharetext\">SHARES<\/span><\/div><div class=\"mashsb-buttons\"><a class=\"mashicon-facebook mash-large mash-center mashsb-noshadow\" href=\"https:\/\/www.facebook.com\/sharer.php?u=https%3A%2F%2Fwww.zunoticia.com%2Fnoticias-de-hidalgo%2F2023%2F04%2F12%2Fcedh-no-es-apendice-de-gobierno-ni-del-congreso-ana-karen%2F\" target=\"_top\" rel=\"nofollow\"><span class=\"icon\"><\/span><span class=\"text\">Share<\/span><\/a><a class=\"mashicon-twitter mash-large mash-center mashsb-noshadow\" href=\"https:\/\/twitter.com\/intent\/tweet?text=&amp;url=https:\/\/www.zunoticia.com\/noticias-de-hidalgo\/2023\/04\/12\/cedh-no-es-apendice-de-gobierno-ni-del-congreso-ana-karen\/\" target=\"_top\" rel=\"nofollow\"><span class=\"icon\"><\/span><span class=\"text\">Tweet<\/span><\/a><div class=\"onoffswitch2 mash-large mashsb-noshadow\" style=\"display:none\"><\/div><\/div>\n            <\/div>\n                <div style=\"clear:both\"><\/div><div class=\"mashsb-toggle-container\"><\/div><\/aside>\n            <!-- Share buttons by mashshare.net - Version: 4.0.47-->\n<ul class=\"wp-block-list\">\n<li>No somos una funci\u00f3n de chocolate, de esta manera la nueva titular deslinda el \u00f3rgano aut\u00f3nomo de la Comisi\u00f3n de Derechos Humanos de Hidalgo.<\/li>\n<\/ul>\n\n\n\n<p><em>Por Mois\u00e9s Medrano\/Redacci\u00f3n<\/em><\/p>\n\n\n\n<p><strong>Huejutla, Hgo.-<\/strong> La Licenciada Ana Karen Parra Bonill dej\u00f3 en claro que la Comisi\u00f3n Estatal de Derechos Humanos de Hidalgo que este \u00f3rgano aut\u00f3nomo &#8220;No somos el ap\u00e9ndice de gobierno, no somos la casa chica del gobierno ni el patio trasero del Congreso&#8221;. As\u00ed se refiri\u00f3 tras ser cuestionada sobre el rol que jugar\u00e1 la Comisi\u00f3n en esta nueva etapa.<\/p>\n\n\n\n<p>Recalc\u00f3 que son un \u00f3rgano aut\u00f3nomo y que buscan desmitificar esa ideas que si bien hay buena coordinaci\u00f3n, no articulaci\u00f3n con gobierno.<\/p>\n\n\n\n<figure class=\"wp-block-image size-large\"><img fetchpriority=\"high\" decoding=\"async\" width=\"1024\" height=\"768\" src=\"https:\/\/www.zunoticia.com\/noticias-de-hidalgo\/wp-content\/uploads\/2023\/04\/eZy-Watermark-12-04-2023-09-17-17p.m.-1024x768.jpg\" alt=\"\" class=\"wp-image-476928\" srcset=\"https:\/\/www.zunoticia.com\/noticias-de-hidalgo\/wp-content\/uploads\/2023\/04\/eZy-Watermark-12-04-2023-09-17-17p.m.-1024x768.jpg 1024w, https:\/\/www.zunoticia.com\/noticias-de-hidalgo\/wp-content\/uploads\/2023\/04\/eZy-Watermark-12-04-2023-09-17-17p.m.-300x225.jpg 300w, https:\/\/www.zunoticia.com\/noticias-de-hidalgo\/wp-content\/uploads\/2023\/04\/eZy-Watermark-12-04-2023-09-17-17p.m.-768x576.jpg 768w, https:\/\/www.zunoticia.com\/noticias-de-hidalgo\/wp-content\/uploads\/2023\/04\/eZy-Watermark-12-04-2023-09-17-17p.m.-1536x1152.jpg 1536w, https:\/\/www.zunoticia.com\/noticias-de-hidalgo\/wp-content\/uploads\/2023\/04\/eZy-Watermark-12-04-2023-09-17-17p.m.-1568x1176.jpg 1568w, https:\/\/www.zunoticia.com\/noticias-de-hidalgo\/wp-content\/uploads\/2023\/04\/eZy-Watermark-12-04-2023-09-17-17p.m..jpg 1600w\" sizes=\"(max-width: 1024px) 100vw, 1024px\" \/><\/figure>\n\n\n\n<p>Record\u00f3 que ya han girado recomendaciones y generado muchas visitas a los municipios y dijo la misi\u00f3n ha sido observar, no ser omisos y fortalecer las instituciones para que no violen derechos humanos. Dijo que deben estar muy en claro que la CEDH no est\u00e1 coludida con alguna instancia y que eran un organismo aut\u00f3nomo y que ser\u00e1 la CEDH un hogar seguro para todas las personas, \u201cno es ni ser\u00e1 un espacio del ejecutivo, es un espacio que defiende tus derechos humanos\u201d.<\/p>\n\n\n\n<p>Cuestionada sobre si se necesitaba mayor legislaci\u00f3n para generar sanciones&nbsp; a quienes violentan Derechos Humanos, aclar\u00f3 que &#8220;hacer caso omiso a las recomendaciones es hacer caso omiso a las necesidades de las personas, que en otras administraciones no usaran los mecanismo correctos, no significan que no los tengamos, hacemos las recomendaciones y qui\u00e9n no hace caso a una recomendaci\u00f3n hacemos una solicitud para que comparezcan al Congreso en una v\u00eda, la segunda ruta es impugnar en la Comisi\u00f3n Nacional de Derechos Humanos y que le den seguimiento, y hay los mecanismos para hacer valer todas las recomendaciones y todas las \u00e1reas de oportunidad, emitimos propuestas de soluci\u00f3n, recomendaciones e investigaci\u00f3n con tortura y que tienen que ver con Derechos Humanos y usaremos los mecanismos para que los Derechos Humanos sean una realidad en el Estado, no somos una funci\u00f3n de chocolate&#8221;.<\/p>\n\n\n\n<p>Record\u00f3 que se est\u00e1n dando seguimiento a las recomendaciones y tan es as\u00ed que en d\u00edas pasados hubo una disculpa p\u00fablica y hay avances en otras resoluciones y hoy los Derechos Humanos est\u00e1n fortalecidos&#8221;.<\/p>\n","protected":false},"excerpt":{"rendered":"<p>Por Mois\u00e9s Medrano\/Redacci\u00f3n Huejutla, Hgo.- La Licenciada Ana Karen Parra Bonill dej\u00f3 en claro que la Comisi\u00f3n Estatal de Derechos Humanos de Hidalgo que este \u00f3rgano aut\u00f3nomo &#8220;No somos el ap\u00e9ndice de gobierno, no somos la casa chica del gobierno ni el patio trasero del Congreso&#8221;. As\u00ed se refiri\u00f3 tras ser cuestionada sobre el rol&hellip; <a class=\"more-link\" href=\"https:\/\/www.zunoticia.com\/noticias-de-hidalgo\/2023\/04\/12\/cedh-no-es-apendice-de-gobierno-ni-del-congreso-ana-karen\/\">Seguir leyendo <span class=\"screen-reader-text\">CEDH no es ap\u00e9ndice de gobierno, ni del Congreso: Ana Karen<\/span><\/a><\/p>\n","protected":false},"author":12,"featured_media":476927,"comment_status":"closed","ping_status":"open","sticky":false,"template":"","format":"standard","meta":{"rop_custom_images_group":[],"rop_custom_messages_group":[],"rop_publish_now":"initial","rop_publish_now_accounts":{"facebook_10159540855086992_322828327761733":""},"rop_publish_now_history":[],"rop_publish_now_status":"pending","footnotes":""},"categories":[181],"tags":[121],"class_list":["post-476932","post","type-post","status-publish","format-standard","has-post-thumbnail","hentry","category-huejutla","tag-huejutla","entry"],"_links":{"self":[{"href":"https:\/\/www.zunoticia.com\/noticias-de-hidalgo\/wp-json\/wp\/v2\/posts\/476932","targetHints":{"allow":["GET"]}}],"collection":[{"href":"https:\/\/www.zunoticia.com\/noticias-de-hidalgo\/wp-json\/wp\/v2\/posts"}],"about":[{"href":"https:\/\/www.zunoticia.com\/noticias-de-hidalgo\/wp-json\/wp\/v2\/types\/post"}],"author":[{"embeddable":true,"href":"https:\/\/www.zunoticia.com\/noticias-de-hidalgo\/wp-json\/wp\/v2\/users\/12"}],"replies":[{"embeddable":true,"href":"https:\/\/www.zunoticia.com\/noticias-de-hidalgo\/wp-json\/wp\/v2\/comments?post=476932"}],"version-history":[{"count":1,"href":"https:\/\/www.zunoticia.com\/noticias-de-hidalgo\/wp-json\/wp\/v2\/posts\/476932\/revisions"}],"predecessor-version":[{"id":476941,"href":"https:\/\/www.zunoticia.com\/noticias-de-hidalgo\/wp-json\/wp\/v2\/posts\/476932\/revisions\/476941"}],"wp:featuredmedia":[{"embeddable":true,"href":"https:\/\/www.zunoticia.com\/noticias-de-hidalgo\/wp-json\/wp\/v2\/media\/476927"}],"wp:attachment":[{"href":"https:\/\/www.zunoticia.com\/noticias-de-hidalgo\/wp-json\/wp\/v2\/media?parent=476932"}],"wp:term":[{"taxonomy":"category","embeddable":true,"href":"https:\/\/www.zunoticia.com\/noticias-de-hidalgo\/wp-json\/wp\/v2\/categories?post=476932"},{"taxonomy":"post_tag","embeddable":true,"href":"https:\/\/www.zunoticia.com\/noticias-de-hidalgo\/wp-json\/wp\/v2\/tags?post=476932"}],"curies":[{"name":"wp","href":"https:\/\/api.w.org\/{rel}","templated":true}]}}