{"id":476943,"date":"2023-04-12T23:37:00","date_gmt":"2023-04-13T05:37:00","guid":{"rendered":"https:\/\/www.zunoticia.com\/noticias-de-hidalgo\/?p=476943"},"modified":"2023-04-12T23:37:02","modified_gmt":"2023-04-13T05:37:02","slug":"cdh-capacito-a-policias-municipales","status":"publish","type":"post","link":"https:\/\/www.zunoticia.com\/noticias-de-hidalgo\/2023\/04\/12\/cdh-capacito-a-policias-municipales\/","title":{"rendered":"CDH capacit\u00f3 a polic\u00edas municipales"},"content":{"rendered":"<aside class=\"mashsb-container mashsb-main mashsb-stretched\"><div class=\"mashsb-box\"><div class=\"mashsb-count mash-large\" style=\"float:left\"><div class=\"counts mashsbcount\">21<\/div><span class=\"mashsb-sharetext\">SHARES<\/span><\/div><div class=\"mashsb-buttons\"><a class=\"mashicon-facebook mash-large mash-center mashsb-noshadow\" href=\"https:\/\/www.facebook.com\/sharer.php?u=https%3A%2F%2Fwww.zunoticia.com%2Fnoticias-de-hidalgo%2F2023%2F04%2F12%2Fcdh-capacito-a-policias-municipales%2F\" target=\"_top\" rel=\"nofollow\"><span class=\"icon\"><\/span><span class=\"text\">Share<\/span><\/a><a class=\"mashicon-twitter mash-large mash-center mashsb-noshadow\" href=\"https:\/\/twitter.com\/intent\/tweet?text=&amp;url=https:\/\/www.zunoticia.com\/noticias-de-hidalgo\/2023\/04\/12\/cdh-capacito-a-policias-municipales\/\" target=\"_top\" rel=\"nofollow\"><span class=\"icon\"><\/span><span class=\"text\">Tweet<\/span><\/a><div class=\"onoffswitch2 mash-large mashsb-noshadow\" style=\"display:none\"><\/div><\/div>\n            <\/div>\n                <div style=\"clear:both\"><\/div><div class=\"mashsb-toggle-container\"><\/div><\/aside>\n            <!-- Share buttons by mashshare.net - Version: 4.0.47-->\n<ul class=\"wp-block-list\">\n<li>En el marco Legal del Polic\u00eda Primer Respondiente con apego a Derechos Humanos.<\/li>\n<\/ul>\n\n\n\n<p><em>Por Karen Rivera\/Zunoticia<\/em><\/p>\n\n\n\n<p><strong>Huejutla, Hgo.-<\/strong> En la sala audio visual del Instituto Tecnol\u00f3gico de Huejutla (ITH), fue escenario de la capacitaci\u00f3n de los elementos de la Direcci\u00f3n de Seguridad P\u00fablica Municipal de la regi\u00f3n Huasteca, esto dentro del \u201cMarco Legal del Polic\u00eda Primer Respondiente, acorde con el Protocolo Nacional de actuaci\u00f3n del Primer respondiente, con apego al respeto de los Derechos Humanos\u201d.<\/p>\n\n\n\n<p>En dicho evento se cont\u00f3 con la presencia del Presidente Municipal, Joel Nochebuena Hern\u00e1ndez; el Subsecretario de Gobierno del Estado, Marco Antonio Ramos Moguel; el Director General de Seguridad P\u00fablica de Huejutla,&nbsp; Comandante Leonilo Rodr\u00edguez Hern\u00e1ndez, as\u00ed como la titular&nbsp; de la Comisi\u00f3n de Derechos Humanos del Estado de Hidalgo (CDHEH), Ana Karen Parra Bonilla y las autoridades presentes en el recinto.<\/p>\n\n\n\n<figure class=\"wp-block-image size-large\"><img fetchpriority=\"high\" decoding=\"async\" width=\"1024\" height=\"576\" src=\"https:\/\/www.zunoticia.com\/noticias-de-hidalgo\/wp-content\/uploads\/2023\/04\/eZy-Watermark-12-04-2023-08-45-32p.m.-1024x576.jpg\" alt=\"\" class=\"wp-image-476913\" srcset=\"https:\/\/www.zunoticia.com\/noticias-de-hidalgo\/wp-content\/uploads\/2023\/04\/eZy-Watermark-12-04-2023-08-45-32p.m.-1024x576.jpg 1024w, https:\/\/www.zunoticia.com\/noticias-de-hidalgo\/wp-content\/uploads\/2023\/04\/eZy-Watermark-12-04-2023-08-45-32p.m.-300x169.jpg 300w, https:\/\/www.zunoticia.com\/noticias-de-hidalgo\/wp-content\/uploads\/2023\/04\/eZy-Watermark-12-04-2023-08-45-32p.m.-768x432.jpg 768w, https:\/\/www.zunoticia.com\/noticias-de-hidalgo\/wp-content\/uploads\/2023\/04\/eZy-Watermark-12-04-2023-08-45-32p.m..jpg 1280w\" sizes=\"(max-width: 1024px) 100vw, 1024px\" \/><\/figure>\n\n\n\n<p>El presidente municipal, Joel Nochebuena, dio el mensaje de bienvenida y reconoci\u00f3 la labor en materia de capacitaci\u00f3n que realiza la CDH, ya que con ellos se garantiza que el trabajo policial se desempe\u00f1e de la mejor manera y hacer respetar los derechos de los infractores. \u201cLa polic\u00eda municipal trae como preocupaci\u00f3n el hecho que si ellos, no hacen las cosas correctas terminan siendo los infractores, los acusados y sancionados, nosotros como presidentes debemos entender que lo que necesitan son todos los elementos para poderse proteger\u201d.<\/p>\n\n\n\n<p>\u201cEn lo personal vengo para poder entender que es lo que ellos necesitan y como presidente poder disponer de los recursos para que ellos hagan bien su trabajo\u201d, coment\u00f3.<\/p>\n\n\n\n<p>Por su parte, Marco Antonio Ramos Moguel, Subsecretario de Gobierno del Estado, mencion\u00f3 \u201cnuestro Gobernador, Julio Menchaca Salazar, est\u00e1 comprometido, es un hombre de leyes, amigo de la justicia y con todo el respeto de los derechos humanos, nuestro Secretario de Gobierno, Guillermo Olivares, quien preside o acompa\u00f1a a las mesas por la paz de Seguridad del Estado, est\u00e1 muy al pendiente del trabajo de todos ustedes y trabajando en unidad con la CDH, se va llevar a cabo un trabajo digno con respecto a la Justicia y Derechos Humanos\u201d.<\/p>\n\n\n\n<p>Dentro de su participaci\u00f3n el Comandante Leonilo Rodr\u00edguez, habl\u00f3 a nombre de los elementos municipales por quienes abog\u00f3 un buen salario, ya que asegur\u00f3, que es mucha la carga de trabajo y poca la solvencia econ\u00f3mica que llevan a casa.<\/p>\n\n\n\n<p>\u201cEs un tema apasionante para los que entendemos el ambiente policial, desgraciadamente tenemos a nuestros pol\u00edticos y a nuestros polic\u00edas, y hay una distancia enorme del entendimiento a veces, de lo que sufre un polic\u00eda, cuando realiza su servicio las 24 o 48 horas o los d\u00edas que tiene que estar en servicio, quiero decirles que hay valiosos polic\u00edas en la regi\u00f3n, el Comandante Alejo, el comandante Urismir y a todos los directores que vienen de los municipios, es importante que se den estos acercamientos, pero no nada m\u00e1s en la preocupaci\u00f3n porque est\u00e9 bien preparado el polic\u00eda, qu\u00e9 caso tiene que est\u00e9 bien preparados, si nuestros salarios son muy pocos, lo digo sin afectar, pero es la realidad\u201d, expres\u00f3.<\/p>\n\n\n\n<p>\u201cLa realidad es cruda en el personal policial a nivel estatal y nacional, no lo s\u00e9, pero los polic\u00edas municipales son a las que menos se voltea a ver y somos el primer ente o la primera contenci\u00f3n ante los problemas de la sociedad y a veces son los \u00faltimos que volteamos a ver para que est\u00e9n bien y hagan un trabajo profesional\u201d, cit\u00f3.<\/p>\n\n\n\n<p>\u201cLes pagamos muy poco, pero les exigimos mucho, es una realidad preocupante que tenemos en la actualidad, nos exigen mucho, nos exige el C3 que tengamos elementos de preparatoria, ahorita en la actualidad ya hay profesionistas en la polic\u00eda y que ganan 4 mil pesos, 24 por 48 horas de servicio y las exigencias est\u00e1n brutales, llegar de servicio a la polic\u00eda es no tener uno, dos o tres d\u00edas que pasan, cuando llegamos a la casa tenemos problemas y si llevamos m\u00e1s problemas es dif\u00edcil, sin embargo, ah\u00ed estamos y hacen su trabajo pensando en hacerlo lo mejor posible porque nos encontr\u00e1bamos en la calle a personas que, pensamos tienen una preparaci\u00f3n adecuada y reaccionan como si no tuvieran ni primaria y as\u00ed le entramos a los problemas\u201d<\/p>\n\n\n\n<p>\u201cQuisiera pedirle a usted subsecretario, presidente municipal, que le hagan una fuerte petici\u00f3n al Se\u00f1or Gobernador para que volteen a ver a nuestros polic\u00edas municipales y la fortalezcan, pero no lo hagan en preparaci\u00f3n, sino en lo que m\u00e1s le llama la atenci\u00f3n al personal, en una seguridad social que le d\u00e9 sentido de permanencia para ser polic\u00eda\u201d, argument\u00f3.<\/p>\n\n\n\n<p>Coment\u00f3 que en el municipio de Huejutla cuenta con 40 vacantes, y explic\u00f3 \u201c\u00bfsaben por qu\u00e9 se fueron?, porque en otros municipios les pagan m\u00e1s, no es porque los trate mal o los ofenda, se fueron porque est\u00e1n buscando su mejora salarial\u201d.&nbsp;&nbsp;&nbsp;&nbsp;&nbsp;&nbsp;<\/p>\n\n\n\n<p>\u201cLe pido a usted que lleve ese mensaje a nuestro Gobernador y sigamos preparando a nuestras polic\u00edas municipales en todos los aspectos\u201d, agreg\u00f3.&nbsp;<\/p>\n\n\n\n<p>Del mismo modo, la titular de la CEDHEH, Ana Karen Parra Bonilla, dijo que son una dependencia aut\u00f3noma que siempre hacen observaciones al Gobierno del Estado y Municipales, y por ello recomienda sobre las \u00e1reas de detenci\u00f3n municipal (c\u00e1rcel) y los Centros de Reinserci\u00f3n Social (CERESO), para que esto ayude a tener una certeza jur\u00eddica, no s\u00f3lo en el cambio de barandillas o galeras a un hombre homologado como \u00e1rea de detenci\u00f3n municipal.<\/p>\n\n\n\n<p>\u201cHoy no s\u00f3lo debemos de contar con el fortalecimiento de todas las capacitaciones sino en toda la estructura institucional, son cambios que se tienen que ir haciendo y el primer paso significa darle sentido y apropiaci\u00f3n del orgullo de ser polic\u00eda, es un valor m\u00e1s grande el poder proteger a otra persona y tener una especialidad\u201d, cit\u00f3.<\/p>\n\n\n\n<p>\u201cSabemos sus dolencias, pero hay que ir paso a paso, nosotros como comisi\u00f3n no s\u00f3lo estamos ofreciendo cursos como un acto est\u00e1ndar, o la profesionalizaci\u00f3n sino buscar algo integral, en pr\u00f3ximos meses va salir la maestr\u00eda en Derechos Humanos y la licenciatura en Derechos Humanos, el impacto que nosotros queremos generar es que ustedes que no se sientan ajenos de un sistema jur\u00eddico\u201d, puntualiz\u00f3.<\/p>\n\n\n\n<p>Cabe destacar que en esta capacitaci\u00f3n se cont\u00f3 con la participaci\u00f3n de los municipios de Huejutla, Atlapexco, Huautla, Huazalingo, Jaltoc\u00e1n y San Felipe Orizatl\u00e1n.<\/p>\n","protected":false},"excerpt":{"rendered":"<p>Por Karen Rivera\/Zunoticia Huejutla, Hgo.- En la sala audio visual del Instituto Tecnol\u00f3gico de Huejutla (ITH), fue escenario de la capacitaci\u00f3n de los elementos de la Direcci\u00f3n de Seguridad P\u00fablica Municipal de la regi\u00f3n Huasteca, esto dentro del \u201cMarco Legal del Polic\u00eda Primer Respondiente, acorde con el Protocolo Nacional de actuaci\u00f3n del Primer respondiente, con&hellip; <a class=\"more-link\" href=\"https:\/\/www.zunoticia.com\/noticias-de-hidalgo\/2023\/04\/12\/cdh-capacito-a-policias-municipales\/\">Seguir leyendo <span class=\"screen-reader-text\">CDH capacit\u00f3 a polic\u00edas municipales<\/span><\/a><\/p>\n","protected":false},"author":12,"featured_media":476911,"comment_status":"closed","ping_status":"open","sticky":false,"template":"","format":"standard","meta":{"rop_custom_images_group":[],"rop_custom_messages_group":[],"rop_publish_now":"initial","rop_publish_now_accounts":{"facebook_10159540855086992_322828327761733":""},"rop_publish_now_history":[],"rop_publish_now_status":"pending","footnotes":""},"categories":[181],"tags":[121],"class_list":["post-476943","post","type-post","status-publish","format-standard","has-post-thumbnail","hentry","category-huejutla","tag-huejutla","entry"],"_links":{"self":[{"href":"https:\/\/www.zunoticia.com\/noticias-de-hidalgo\/wp-json\/wp\/v2\/posts\/476943","targetHints":{"allow":["GET"]}}],"collection":[{"href":"https:\/\/www.zunoticia.com\/noticias-de-hidalgo\/wp-json\/wp\/v2\/posts"}],"about":[{"href":"https:\/\/www.zunoticia.com\/noticias-de-hidalgo\/wp-json\/wp\/v2\/types\/post"}],"author":[{"embeddable":true,"href":"https:\/\/www.zunoticia.com\/noticias-de-hidalgo\/wp-json\/wp\/v2\/users\/12"}],"replies":[{"embeddable":true,"href":"https:\/\/www.zunoticia.com\/noticias-de-hidalgo\/wp-json\/wp\/v2\/comments?post=476943"}],"version-history":[{"count":1,"href":"https:\/\/www.zunoticia.com\/noticias-de-hidalgo\/wp-json\/wp\/v2\/posts\/476943\/revisions"}],"predecessor-version":[{"id":476946,"href":"https:\/\/www.zunoticia.com\/noticias-de-hidalgo\/wp-json\/wp\/v2\/posts\/476943\/revisions\/476946"}],"wp:featuredmedia":[{"embeddable":true,"href":"https:\/\/www.zunoticia.com\/noticias-de-hidalgo\/wp-json\/wp\/v2\/media\/476911"}],"wp:attachment":[{"href":"https:\/\/www.zunoticia.com\/noticias-de-hidalgo\/wp-json\/wp\/v2\/media?parent=476943"}],"wp:term":[{"taxonomy":"category","embeddable":true,"href":"https:\/\/www.zunoticia.com\/noticias-de-hidalgo\/wp-json\/wp\/v2\/categories?post=476943"},{"taxonomy":"post_tag","embeddable":true,"href":"https:\/\/www.zunoticia.com\/noticias-de-hidalgo\/wp-json\/wp\/v2\/tags?post=476943"}],"curies":[{"name":"wp","href":"https:\/\/api.w.org\/{rel}","templated":true}]}}