{"id":476953,"date":"2023-04-12T23:55:08","date_gmt":"2023-04-13T05:55:08","guid":{"rendered":"https:\/\/www.zunoticia.com\/noticias-de-hidalgo\/?p=476953"},"modified":"2023-04-12T23:55:09","modified_gmt":"2023-04-13T05:55:09","slug":"espejeando-por-perseo-608","status":"publish","type":"post","link":"https:\/\/www.zunoticia.com\/noticias-de-hidalgo\/2023\/04\/12\/espejeando-por-perseo-608\/","title":{"rendered":"ESPEJEANDO por Perseo"},"content":{"rendered":"<aside class=\"mashsb-container mashsb-main mashsb-stretched\"><div class=\"mashsb-box\"><div class=\"mashsb-count mash-large\" style=\"float:left\"><div class=\"counts mashsbcount\">29<\/div><span class=\"mashsb-sharetext\">SHARES<\/span><\/div><div class=\"mashsb-buttons\"><a class=\"mashicon-facebook mash-large mash-center mashsb-noshadow\" href=\"https:\/\/www.facebook.com\/sharer.php?u=https%3A%2F%2Fwww.zunoticia.com%2Fnoticias-de-hidalgo%2F2023%2F04%2F12%2Fespejeando-por-perseo-608%2F\" target=\"_top\" rel=\"nofollow\"><span class=\"icon\"><\/span><span class=\"text\">Share<\/span><\/a><a class=\"mashicon-twitter mash-large mash-center mashsb-noshadow\" href=\"https:\/\/twitter.com\/intent\/tweet?text=&amp;url=https:\/\/www.zunoticia.com\/noticias-de-hidalgo\/2023\/04\/12\/espejeando-por-perseo-608\/\" target=\"_top\" rel=\"nofollow\"><span class=\"icon\"><\/span><span class=\"text\">Tweet<\/span><\/a><div class=\"onoffswitch2 mash-large mashsb-noshadow\" style=\"display:none\"><\/div><\/div>\n            <\/div>\n                <div style=\"clear:both\"><\/div><div class=\"mashsb-toggle-container\"><\/div><\/aside>\n            <!-- Share buttons by mashshare.net - Version: 4.0.47-->\n<p>&#8220;La CEDH no somos enemigos de la polic\u00eda, el tema es saber entre el primer respondiente, que tengan las herramientas, y es injusto calificar algo si ustedes no tienen las herramientas&#8221;.&nbsp;<\/p>\n\n\n\n<p>\u2022 De manera congruente la Licenciada Ana Karen Parra se hizo presente ante el taller Marco Legal del Polic\u00eda Primer Respondiente acorde con el protocolo nacional de actuaci\u00f3n con apego de los Derechos Humanos.<\/p>\n\n\n\n<p>\u2022 Este delicado tema es muy relevante no s\u00f3lo para polic\u00edas, no es algo exclusivo para ellos, tambi\u00e9n los ciudadanos, porque esa labor impacta en las familias y son temas de inter\u00e9s social que deben abrirse al debate p\u00fablico, el conocimiento de los procedimientos policiales y Derechos Humanos inciden en la sociedad, y no podemos nadie cerrar los ojos ante el actuar de uno y otro, tampoco los medios de comunicaci\u00f3n debemos excluirnos como observadores de ambas partes y objetadores de hechos que incide en la divulgaci\u00f3n de la actuaci\u00f3n de estos factores, porque de entrada ya somos tres las partes.<\/p>\n\n\n\n<p>\u2022 El lado de los medios de comunicaci\u00f3n y los Derechos Humanos es el mismo, tomamos partido poniendo los zapatos del ciudadano cuando un hecho trastoca o vulnera el derecho de uno o m\u00e1s ciudadanos, y una alerta a tiempo puede equilibrar el derecho de uno y otro.<\/p>\n\n\n\n<p>\u2022 Cuando un polic\u00eda relata su novela de hechos, por supuesto que lleva impl\u00edcita una responsabilidad y las personas merecen una respuesta de excelencia de la autoridad, por eso la capacitaci\u00f3n sobre Derechos Humanos no es exclusivo de polic\u00edas, incluye a los medios de comunicaci\u00f3n, porque con esa misma excelencia que exigimos al polic\u00eda, con esa misma \u00e9tica debemos corresponder al informar.<\/p>\n\n\n\n<p>\u2022\u2022 Si hay alguien maduro en las formas, obligaciones y responsabilidad a la hora de gobernar es Joel Nochebuena Hern\u00e1ndez, acepta que recibi\u00f3 una recomendaci\u00f3n de la Comisi\u00f3n de Derechos Humanos ante el tema de las celdas o ante barandilla, ahora Centro de Detenci\u00f3n Preventivo, y la responsabilidad para subsanarlo.<\/p>\n\n\n\n<p>\u2022 En este importante evento adem\u00e1s estuvo presente el subsecretario ingeniero Marco Antonio Ramos Moguel, el comandante Leonolio Rodr\u00edguez de Huejutla.<\/p>\n\n\n\n<p>\u2022\u2022 El Director de Seguridad P\u00fablica de Huejutla se llev\u00f3 los aplausos, Leonolio Rodr\u00edguez dej\u00f3 muy en claro la distancia enorme entre el pol\u00edtico y el polic\u00eda porque no se entienden esas 24 horas del polic\u00eda.<\/p>\n\n\n\n<p>\u2022\u2022 Pidi\u00f3 reconocimiento al acercamiento no solo por la buena preparaci\u00f3n del polic\u00eda, pero que caso tiene si los salarios de los polic\u00edas municipales son a los que menos se voltean a ver.<\/p>\n\n\n\n<p>\u2022\u2022 &#8220;Somos el primer ente de contenci\u00f3n, pero a veces somos los \u00faltimos para hacer un trabajo profesional y les pagamos muy poco y les pedimos mucho&#8221;.<\/p>\n\n\n<div class=\"wp-block-image\">\n<figure class=\"aligncenter size-large\"><img fetchpriority=\"high\" decoding=\"async\" width=\"1024\" height=\"1024\" src=\"https:\/\/www.zunoticia.com\/noticias-de-hidalgo\/wp-content\/uploads\/2023\/04\/Imagen-de-WhatsApp-2023-04-12-a-las-23.40.35-1024x1024.jpg\" alt=\"\" class=\"wp-image-476955\" srcset=\"https:\/\/www.zunoticia.com\/noticias-de-hidalgo\/wp-content\/uploads\/2023\/04\/Imagen-de-WhatsApp-2023-04-12-a-las-23.40.35-1024x1024.jpg 1024w, https:\/\/www.zunoticia.com\/noticias-de-hidalgo\/wp-content\/uploads\/2023\/04\/Imagen-de-WhatsApp-2023-04-12-a-las-23.40.35-300x300.jpg 300w, https:\/\/www.zunoticia.com\/noticias-de-hidalgo\/wp-content\/uploads\/2023\/04\/Imagen-de-WhatsApp-2023-04-12-a-las-23.40.35-150x150.jpg 150w, https:\/\/www.zunoticia.com\/noticias-de-hidalgo\/wp-content\/uploads\/2023\/04\/Imagen-de-WhatsApp-2023-04-12-a-las-23.40.35-768x768.jpg 768w, https:\/\/www.zunoticia.com\/noticias-de-hidalgo\/wp-content\/uploads\/2023\/04\/Imagen-de-WhatsApp-2023-04-12-a-las-23.40.35.jpg 1080w\" sizes=\"(max-width: 1024px) 100vw, 1024px\" \/><\/figure>\n<\/div>","protected":false},"excerpt":{"rendered":"<p>&#8220;La CEDH no somos enemigos de la polic\u00eda, el tema es saber entre el primer respondiente, que tengan las herramientas, y es injusto calificar algo si ustedes no tienen las herramientas&#8221;.&nbsp; \u2022 De manera congruente la Licenciada Ana Karen Parra se hizo presente ante el taller Marco Legal del Polic\u00eda Primer Respondiente acorde con el&hellip; <a class=\"more-link\" href=\"https:\/\/www.zunoticia.com\/noticias-de-hidalgo\/2023\/04\/12\/espejeando-por-perseo-608\/\">Seguir leyendo <span class=\"screen-reader-text\">ESPEJEANDO por Perseo<\/span><\/a><\/p>\n","protected":false},"author":12,"featured_media":476956,"comment_status":"closed","ping_status":"open","sticky":false,"template":"","format":"standard","meta":{"rop_custom_images_group":[],"rop_custom_messages_group":[],"rop_publish_now":"initial","rop_publish_now_accounts":{"facebook_10159540855086992_322828327761733":""},"rop_publish_now_history":[],"rop_publish_now_status":"pending","footnotes":""},"categories":[176],"tags":[205],"class_list":["post-476953","post","type-post","status-publish","format-standard","has-post-thumbnail","hentry","category-espejeando","tag-espejeando","entry"],"_links":{"self":[{"href":"https:\/\/www.zunoticia.com\/noticias-de-hidalgo\/wp-json\/wp\/v2\/posts\/476953","targetHints":{"allow":["GET"]}}],"collection":[{"href":"https:\/\/www.zunoticia.com\/noticias-de-hidalgo\/wp-json\/wp\/v2\/posts"}],"about":[{"href":"https:\/\/www.zunoticia.com\/noticias-de-hidalgo\/wp-json\/wp\/v2\/types\/post"}],"author":[{"embeddable":true,"href":"https:\/\/www.zunoticia.com\/noticias-de-hidalgo\/wp-json\/wp\/v2\/users\/12"}],"replies":[{"embeddable":true,"href":"https:\/\/www.zunoticia.com\/noticias-de-hidalgo\/wp-json\/wp\/v2\/comments?post=476953"}],"version-history":[{"count":1,"href":"https:\/\/www.zunoticia.com\/noticias-de-hidalgo\/wp-json\/wp\/v2\/posts\/476953\/revisions"}],"predecessor-version":[{"id":476959,"href":"https:\/\/www.zunoticia.com\/noticias-de-hidalgo\/wp-json\/wp\/v2\/posts\/476953\/revisions\/476959"}],"wp:featuredmedia":[{"embeddable":true,"href":"https:\/\/www.zunoticia.com\/noticias-de-hidalgo\/wp-json\/wp\/v2\/media\/476956"}],"wp:attachment":[{"href":"https:\/\/www.zunoticia.com\/noticias-de-hidalgo\/wp-json\/wp\/v2\/media?parent=476953"}],"wp:term":[{"taxonomy":"category","embeddable":true,"href":"https:\/\/www.zunoticia.com\/noticias-de-hidalgo\/wp-json\/wp\/v2\/categories?post=476953"},{"taxonomy":"post_tag","embeddable":true,"href":"https:\/\/www.zunoticia.com\/noticias-de-hidalgo\/wp-json\/wp\/v2\/tags?post=476953"}],"curies":[{"name":"wp","href":"https:\/\/api.w.org\/{rel}","templated":true}]}}