{"id":476965,"date":"2023-04-13T12:52:51","date_gmt":"2023-04-13T18:52:51","guid":{"rendered":"https:\/\/www.zunoticia.com\/noticias-de-hidalgo\/?p=476965"},"modified":"2023-04-13T19:16:04","modified_gmt":"2023-04-14T01:16:04","slug":"localizan-a-adolescente-desaparecida-en-calnali","status":"publish","type":"post","link":"https:\/\/www.zunoticia.com\/noticias-de-hidalgo\/2023\/04\/13\/localizan-a-adolescente-desaparecida-en-calnali\/","title":{"rendered":"Localizan a adolescente desaparecida en Calnali"},"content":{"rendered":"<aside class=\"mashsb-container mashsb-main mashsb-stretched\"><div class=\"mashsb-box\"><div class=\"mashsb-count mash-large\" style=\"float:left\"><div class=\"counts mashsbcount\">32<\/div><span class=\"mashsb-sharetext\">SHARES<\/span><\/div><div class=\"mashsb-buttons\"><a class=\"mashicon-facebook mash-large mash-center mashsb-noshadow\" href=\"https:\/\/www.facebook.com\/sharer.php?u=https%3A%2F%2Fwww.zunoticia.com%2Fnoticias-de-hidalgo%2F2023%2F04%2F13%2Flocalizan-a-adolescente-desaparecida-en-calnali%2F\" target=\"_top\" rel=\"nofollow\"><span class=\"icon\"><\/span><span class=\"text\">Share<\/span><\/a><a class=\"mashicon-twitter mash-large mash-center mashsb-noshadow\" href=\"https:\/\/twitter.com\/intent\/tweet?text=&amp;url=https:\/\/www.zunoticia.com\/noticias-de-hidalgo\/2023\/04\/13\/localizan-a-adolescente-desaparecida-en-calnali\/\" target=\"_top\" rel=\"nofollow\"><span class=\"icon\"><\/span><span class=\"text\">Tweet<\/span><\/a><div class=\"onoffswitch2 mash-large mashsb-noshadow\" style=\"display:none\"><\/div><\/div>\n            <\/div>\n                <div style=\"clear:both\"><\/div><div class=\"mashsb-toggle-container\"><\/div><\/aside>\n            <!-- Share buttons by mashshare.net - Version: 4.0.47-->\n<p><\/p>\n\n\n\n<p><em>Por Francisco Rosas\/Zunoticia<\/em><\/p>\n\n\n\n<p><strong>Huejutla, Hgo.-<\/strong> Despu\u00e9s de 10 d\u00edas de intensa b\u00fasqueda realizada por sus familiares y autoridades, localizan a adolescente reportada como desaparecida en la localidad Tonchitl\u00e1n, perteneciente a este municipio.<\/p>\n\n\n\n<p>Rub\u00ed Saavedra Vite, de 12 a\u00f1os de edad, desapareci\u00f3 el pasado 3 de abril, motivo por el cual sus parientes solicitaron la intervenci\u00f3n de la Procuradur\u00eda General de Justicia del Estado (PGJEH), y de esta manera se elabor\u00f3 su ficha de b\u00fasqueda a trav\u00e9s de la Alerta Amber Hidalgo.<\/p>\n\n\n\n<p>En las acciones de b\u00fasqueda se sumaron los parientes de la jovencita y personal del gobierno municipal, quienes, sin proporcionar mayor informaci\u00f3n, confirmaron que la menor ya fue localizada y se encuentra con su familia.<\/p>\n","protected":false},"excerpt":{"rendered":"<p>Por Francisco Rosas\/Zunoticia Huejutla, Hgo.- Despu\u00e9s de 10 d\u00edas de intensa b\u00fasqueda realizada por sus familiares y autoridades, localizan a adolescente reportada como desaparecida en la localidad Tonchitl\u00e1n, perteneciente a este municipio. Rub\u00ed Saavedra Vite, de 12 a\u00f1os de edad, desapareci\u00f3 el pasado 3 de abril, motivo por el cual sus parientes solicitaron la intervenci\u00f3n&hellip; <a class=\"more-link\" href=\"https:\/\/www.zunoticia.com\/noticias-de-hidalgo\/2023\/04\/13\/localizan-a-adolescente-desaparecida-en-calnali\/\">Seguir leyendo <span class=\"screen-reader-text\">Localizan a adolescente desaparecida en Calnali<\/span><\/a><\/p>\n","protected":false},"author":20,"featured_media":477028,"comment_status":"closed","ping_status":"open","sticky":false,"template":"","format":"standard","meta":{"rop_custom_images_group":[],"rop_custom_messages_group":[],"rop_publish_now":"initial","rop_publish_now_accounts":{"facebook_10159540855086992_322828327761733":""},"rop_publish_now_history":[],"rop_publish_now_status":"pending","footnotes":""},"categories":[178],"tags":[259],"class_list":["post-476965","post","type-post","status-publish","format-standard","has-post-thumbnail","hentry","category-policiaca","tag-policiaca","entry"],"_links":{"self":[{"href":"https:\/\/www.zunoticia.com\/noticias-de-hidalgo\/wp-json\/wp\/v2\/posts\/476965","targetHints":{"allow":["GET"]}}],"collection":[{"href":"https:\/\/www.zunoticia.com\/noticias-de-hidalgo\/wp-json\/wp\/v2\/posts"}],"about":[{"href":"https:\/\/www.zunoticia.com\/noticias-de-hidalgo\/wp-json\/wp\/v2\/types\/post"}],"author":[{"embeddable":true,"href":"https:\/\/www.zunoticia.com\/noticias-de-hidalgo\/wp-json\/wp\/v2\/users\/20"}],"replies":[{"embeddable":true,"href":"https:\/\/www.zunoticia.com\/noticias-de-hidalgo\/wp-json\/wp\/v2\/comments?post=476965"}],"version-history":[{"count":1,"href":"https:\/\/www.zunoticia.com\/noticias-de-hidalgo\/wp-json\/wp\/v2\/posts\/476965\/revisions"}],"predecessor-version":[{"id":476967,"href":"https:\/\/www.zunoticia.com\/noticias-de-hidalgo\/wp-json\/wp\/v2\/posts\/476965\/revisions\/476967"}],"wp:featuredmedia":[{"embeddable":true,"href":"https:\/\/www.zunoticia.com\/noticias-de-hidalgo\/wp-json\/wp\/v2\/media\/477028"}],"wp:attachment":[{"href":"https:\/\/www.zunoticia.com\/noticias-de-hidalgo\/wp-json\/wp\/v2\/media?parent=476965"}],"wp:term":[{"taxonomy":"category","embeddable":true,"href":"https:\/\/www.zunoticia.com\/noticias-de-hidalgo\/wp-json\/wp\/v2\/categories?post=476965"},{"taxonomy":"post_tag","embeddable":true,"href":"https:\/\/www.zunoticia.com\/noticias-de-hidalgo\/wp-json\/wp\/v2\/tags?post=476965"}],"curies":[{"name":"wp","href":"https:\/\/api.w.org\/{rel}","templated":true}]}}